{"id":83609,"date":"2021-03-24T23:10:39","date_gmt":"2021-03-24T23:10:39","guid":{"rendered":"http:\/\/10.200.87.50\/mppee\/?p=83609"},"modified":"2021-03-24T23:10:43","modified_gmt":"2021-03-24T23:10:43","slug":"inicia-primer-congreso-global-de-uso-eficiente-de-la-energia","status":"publish","type":"post","link":"https:\/\/mppee.gob.ve\/?p=83609","title":{"rendered":"Inicia primer Congreso Global de Uso Eficiente de la Energ\u00eda"},"content":{"rendered":"<p style=\"text-align: justify\"><img loading=\"lazy\" decoding=\"async\" class=\"size-medium wp-image-83611 alignleft\" src=\"http:\/\/10.200.87.50\/mppee\/wp-content\/uploads\/2021\/03\/WhatsApp-Image-2021-03-24-at-6.35.11-PM2-300x193.jpeg\" alt=\"\" width=\"300\" height=\"193\" srcset=\"https:\/\/mppee.gob.ve\/wp-content\/uploads\/2021\/03\/WhatsApp-Image-2021-03-24-at-6.35.11-PM2-300x193.jpeg 300w, https:\/\/mppee.gob.ve\/wp-content\/uploads\/2021\/03\/WhatsApp-Image-2021-03-24-at-6.35.11-PM2-1024x657.jpeg 1024w, https:\/\/mppee.gob.ve\/wp-content\/uploads\/2021\/03\/WhatsApp-Image-2021-03-24-at-6.35.11-PM2-768x493.jpeg 768w, https:\/\/mppee.gob.ve\/wp-content\/uploads\/2021\/03\/WhatsApp-Image-2021-03-24-at-6.35.11-PM2.jpeg 1080w\" sizes=\"auto, (max-width: 300px) 100vw, 300px\" \/>Como parte del D\u00eda Mundial de la Eficiencia Energ\u00e9tica, celebrado cada mes marzo, autoridades del Ministerio de Poder Popular para la Energ\u00eda El\u00e9ctrica (Mppee) dieron inicio de manera virtual, al Primer Congreso Global de Uso Racional y Eficiente de la Energ\u00eda (Uree), que se llevar\u00e1 a cabo hasta el 26 de este mes.<\/p>\n<p style=\"text-align: justify\">La ponencia inaugural estuvo a cargo de la viceministra para las Nuevas Fuentes y del Uso Racional y Eficiente de la Energ\u00eda El\u00e9ctrica, Tania Masea, quien destac\u00f3 que<strong> \u201cel desarrollo del pa\u00eds depende en gran parte de la energ\u00eda el\u00e9ctrica\u201d.<\/strong><\/p>\n<p style=\"text-align: justify\"><strong><img loading=\"lazy\" decoding=\"async\" class=\"size-medium wp-image-83612 alignright\" src=\"http:\/\/10.200.87.50\/mppee\/wp-content\/uploads\/2021\/03\/WhatsApp-Image-2021-03-24-at-6.35.11-PM-300x192.jpeg\" alt=\"\" width=\"300\" height=\"192\" srcset=\"https:\/\/mppee.gob.ve\/wp-content\/uploads\/2021\/03\/WhatsApp-Image-2021-03-24-at-6.35.11-PM-300x192.jpeg 300w, https:\/\/mppee.gob.ve\/wp-content\/uploads\/2021\/03\/WhatsApp-Image-2021-03-24-at-6.35.11-PM-1024x654.jpeg 1024w, https:\/\/mppee.gob.ve\/wp-content\/uploads\/2021\/03\/WhatsApp-Image-2021-03-24-at-6.35.11-PM-768x491.jpeg 768w, https:\/\/mppee.gob.ve\/wp-content\/uploads\/2021\/03\/WhatsApp-Image-2021-03-24-at-6.35.11-PM.jpeg 1080w\" sizes=\"auto, (max-width: 300px) 100vw, 300px\" \/>\u201cLos trabajadores est\u00e1n comprometidos en ofrecer un servicio \u00f3ptimo y de calidad (\u2026) para avanzar, necesitamos un servicio el\u00e9ctrico estable y por ello seguimos encaminados y empe\u00f1ados en cumplir con los objetivos del Plan de la Patria\u201d<\/strong>, puntualiz\u00f3 la Viceministra.<\/p>\n<p>El objetivo de esta iniciativa es informar y crear conciencia en la poblaci\u00f3n sobre la utilizaci\u00f3n de la energ\u00eda. Durante las jornadas, de una manera nueva e innovadora, se desarrollar\u00e1n diversos talleres virtuales con el prop\u00f3sito de evidenciar los avances del Sistema El\u00e9ctrico Nacional (SEN).<\/p>\n<p style=\"text-align: justify\">La actividad tambi\u00e9n cont\u00f3 con la participaci\u00f3n y ponencias de Rafael S\u00e1nchez, gerente general de Fuentes Alternas y UREE de Corpoelec, Benjam\u00edn Bustamante, director general de Uso Racional y eficiente de la Energ\u00eda del Mppee, y Salvador Medina, alcalde del municipio Sim\u00f3n Bol\u00edvar, estado Miranda.<\/p>\n<p style=\"text-align: justify\"><strong>Prensa Mppee<\/strong><\/p>\n","protected":false},"excerpt":{"rendered":"<p>Como parte del D\u00eda Mundial de la Eficiencia Energ\u00e9tica, celebrado cada mes marzo, autoridades del Ministerio de Poder Popular para<\/p>\n","protected":false},"author":12,"featured_media":83610,"comment_status":"open","ping_status":"open","sticky":false,"template":"","format":"standard","meta":{"footnotes":""},"categories":[1],"tags":[11],"class_list":["post-83609","post","type-post","status-publish","format-standard","has-post-thumbnail","hentry","category-mppee","tag-mppee"],"_links":{"self":[{"href":"https:\/\/mppee.gob.ve\/index.php?rest_route=\/wp\/v2\/posts\/83609","targetHints":{"allow":["GET"]}}],"collection":[{"href":"https:\/\/mppee.gob.ve\/index.php?rest_route=\/wp\/v2\/posts"}],"about":[{"href":"https:\/\/mppee.gob.ve\/index.php?rest_route=\/wp\/v2\/types\/post"}],"author":[{"embeddable":true,"href":"https:\/\/mppee.gob.ve\/index.php?rest_route=\/wp\/v2\/users\/12"}],"replies":[{"embeddable":true,"href":"https:\/\/mppee.gob.ve\/index.php?rest_route=%2Fwp%2Fv2%2Fcomments&post=83609"}],"version-history":[{"count":1,"href":"https:\/\/mppee.gob.ve\/index.php?rest_route=\/wp\/v2\/posts\/83609\/revisions"}],"predecessor-version":[{"id":83613,"href":"https:\/\/mppee.gob.ve\/index.php?rest_route=\/wp\/v2\/posts\/83609\/revisions\/83613"}],"wp:featuredmedia":[{"embeddable":true,"href":"https:\/\/mppee.gob.ve\/index.php?rest_route=\/wp\/v2\/media\/83610"}],"wp:attachment":[{"href":"https:\/\/mppee.gob.ve\/index.php?rest_route=%2Fwp%2Fv2%2Fmedia&parent=83609"}],"wp:term":[{"taxonomy":"category","embeddable":true,"href":"https:\/\/mppee.gob.ve\/index.php?rest_route=%2Fwp%2Fv2%2Fcategories&post=83609"},{"taxonomy":"post_tag","embeddable":true,"href":"https:\/\/mppee.gob.ve\/index.php?rest_route=%2Fwp%2Fv2%2Ftags&post=83609"}],"curies":[{"name":"wp","href":"https:\/\/api.w.org\/{rel}","templated":true}]}}