{"id":83616,"date":"2021-03-25T17:47:00","date_gmt":"2021-03-25T17:47:00","guid":{"rendered":"http:\/\/10.200.87.50\/mppee\/?p=83616"},"modified":"2021-04-01T17:53:03","modified_gmt":"2021-04-01T17:53:03","slug":"atacan-con-artefacto-explosivo-unidades-moviles-de-corpoelec","status":"publish","type":"post","link":"https:\/\/mppee.gob.ve\/?p=83616","title":{"rendered":"Atacan con artefacto explosivo unidades m\u00f3viles de Corpoelec"},"content":{"rendered":"<p style=\"text-align: justify\"><img loading=\"lazy\" decoding=\"async\" class=\"size-medium wp-image-83618 alignleft\" src=\"http:\/\/10.200.87.50\/mppee\/wp-content\/uploads\/2021\/04\/WhatsApp-Image-2021-03-25-at-12.38.34-PM-300x300.jpeg\" alt=\"\" width=\"300\" height=\"300\" srcset=\"https:\/\/mppee.gob.ve\/wp-content\/uploads\/2021\/04\/WhatsApp-Image-2021-03-25-at-12.38.34-PM-300x300.jpeg 300w, https:\/\/mppee.gob.ve\/wp-content\/uploads\/2021\/04\/WhatsApp-Image-2021-03-25-at-12.38.34-PM-150x150.jpeg 150w, https:\/\/mppee.gob.ve\/wp-content\/uploads\/2021\/04\/WhatsApp-Image-2021-03-25-at-12.38.34-PM-768x768.jpeg 768w, https:\/\/mppee.gob.ve\/wp-content\/uploads\/2021\/04\/WhatsApp-Image-2021-03-25-at-12.38.34-PM.jpeg 780w\" sizes=\"auto, (max-width: 300px) 100vw, 300px\" \/>Este mi\u00e9rcoles, grupos terroristas atacaron con un artefacto explosivo, veh\u00edculos de Corpoelec en la comunidad de La Victoria en el estado Apure.<\/p>\n<p style=\"text-align: justify\">El ataque sucedi\u00f3 cuando un grupo de trabajadores se trasladaban para ejecutar operaciones de restablecimientos del servicio el\u00e9ctrico en el mencionado sector.<\/p>\n<p style=\"text-align: justify\">Las unidades de la empresa el\u00e9ctrica fueron alcanzadas por las esquirlas de un artefacto explosivo tipo mina, lo que provoc\u00f3 da\u00f1os a uno de los veh\u00edculos modelo Hilux, donde se movilizaban los trabajadores, quienes resultaron ilesos de la agresi\u00f3n.<\/p>\n<p style=\"text-align: justify\">Las autoridades venezolanas, realizan las investigaciones pertinentes para dar con los responsables de este abominable hecho que afecta el bienestar del pueblo.<\/p>\n<p style=\"text-align: justify\"><strong>Prensa MPPEE<\/strong><\/p>\n<p><img loading=\"lazy\" decoding=\"async\" class=\"aligncenter wp-image-83619 size-full\" src=\"http:\/\/10.200.87.50\/mppee\/wp-content\/uploads\/2021\/04\/WhatsApp-Image-2021-03-25-at-12.38.32-PM1.jpeg\" alt=\"\" width=\"498\" height=\"498\" srcset=\"https:\/\/mppee.gob.ve\/wp-content\/uploads\/2021\/04\/WhatsApp-Image-2021-03-25-at-12.38.32-PM1.jpeg 498w, https:\/\/mppee.gob.ve\/wp-content\/uploads\/2021\/04\/WhatsApp-Image-2021-03-25-at-12.38.32-PM1-300x300.jpeg 300w, https:\/\/mppee.gob.ve\/wp-content\/uploads\/2021\/04\/WhatsApp-Image-2021-03-25-at-12.38.32-PM1-150x150.jpeg 150w\" sizes=\"auto, (max-width: 498px) 100vw, 498px\" \/> <img loading=\"lazy\" decoding=\"async\" class=\"aligncenter wp-image-83620 size-full\" src=\"http:\/\/10.200.87.50\/mppee\/wp-content\/uploads\/2021\/04\/WhatsApp-Image-2021-03-25-at-12.38.32-PM.jpeg\" alt=\"\" width=\"1049\" height=\"1049\" srcset=\"https:\/\/mppee.gob.ve\/wp-content\/uploads\/2021\/04\/WhatsApp-Image-2021-03-25-at-12.38.32-PM.jpeg 1049w, https:\/\/mppee.gob.ve\/wp-content\/uploads\/2021\/04\/WhatsApp-Image-2021-03-25-at-12.38.32-PM-300x300.jpeg 300w, https:\/\/mppee.gob.ve\/wp-content\/uploads\/2021\/04\/WhatsApp-Image-2021-03-25-at-12.38.32-PM-1024x1024.jpeg 1024w, https:\/\/mppee.gob.ve\/wp-content\/uploads\/2021\/04\/WhatsApp-Image-2021-03-25-at-12.38.32-PM-150x150.jpeg 150w, https:\/\/mppee.gob.ve\/wp-content\/uploads\/2021\/04\/WhatsApp-Image-2021-03-25-at-12.38.32-PM-768x768.jpeg 768w\" sizes=\"auto, (max-width: 1049px) 100vw, 1049px\" \/><\/p>\n\n\n<p><\/p>\n","protected":false},"excerpt":{"rendered":"<p>Este mi\u00e9rcoles, grupos terroristas atacaron con un artefacto explosivo, veh\u00edculos de Corpoelec en la comunidad de La Victoria en el<\/p>\n","protected":false},"author":12,"featured_media":83617,"comment_status":"open","ping_status":"open","sticky":false,"template":"","format":"standard","meta":{"footnotes":""},"categories":[15],"tags":[11],"class_list":["post-83616","post","type-post","status-publish","format-standard","has-post-thumbnail","hentry","category-nacionales","tag-mppee"],"_links":{"self":[{"href":"https:\/\/mppee.gob.ve\/index.php?rest_route=\/wp\/v2\/posts\/83616","targetHints":{"allow":["GET"]}}],"collection":[{"href":"https:\/\/mppee.gob.ve\/index.php?rest_route=\/wp\/v2\/posts"}],"about":[{"href":"https:\/\/mppee.gob.ve\/index.php?rest_route=\/wp\/v2\/types\/post"}],"author":[{"embeddable":true,"href":"https:\/\/mppee.gob.ve\/index.php?rest_route=\/wp\/v2\/users\/12"}],"replies":[{"embeddable":true,"href":"https:\/\/mppee.gob.ve\/index.php?rest_route=%2Fwp%2Fv2%2Fcomments&post=83616"}],"version-history":[{"count":1,"href":"https:\/\/mppee.gob.ve\/index.php?rest_route=\/wp\/v2\/posts\/83616\/revisions"}],"predecessor-version":[{"id":83621,"href":"https:\/\/mppee.gob.ve\/index.php?rest_route=\/wp\/v2\/posts\/83616\/revisions\/83621"}],"wp:featuredmedia":[{"embeddable":true,"href":"https:\/\/mppee.gob.ve\/index.php?rest_route=\/wp\/v2\/media\/83617"}],"wp:attachment":[{"href":"https:\/\/mppee.gob.ve\/index.php?rest_route=%2Fwp%2Fv2%2Fmedia&parent=83616"}],"wp:term":[{"taxonomy":"category","embeddable":true,"href":"https:\/\/mppee.gob.ve\/index.php?rest_route=%2Fwp%2Fv2%2Fcategories&post=83616"},{"taxonomy":"post_tag","embeddable":true,"href":"https:\/\/mppee.gob.ve\/index.php?rest_route=%2Fwp%2Fv2%2Ftags&post=83616"}],"curies":[{"name":"wp","href":"https:\/\/api.w.org\/{rel}","templated":true}]}}