{"id":83622,"date":"2021-03-28T17:53:00","date_gmt":"2021-03-28T17:53:00","guid":{"rendered":"http:\/\/10.200.87.50\/mppee\/?p=83622"},"modified":"2021-04-01T18:00:32","modified_gmt":"2021-04-01T18:00:32","slug":"desmantelan-bandas-criminales-por-hurto-y-comercializacion-de-material-estrategico-del-sen","status":"publish","type":"post","link":"https:\/\/mppee.gob.ve\/?p=83622","title":{"rendered":"Desmantelan bandas criminales por hurto y comercializaci\u00f3n de material estrat\u00e9gico del SEN"},"content":{"rendered":"<p style=\"text-align: justify\"><img loading=\"lazy\" decoding=\"async\" class=\"size-medium wp-image-83624 alignleft\" src=\"http:\/\/10.200.87.50\/mppee\/wp-content\/uploads\/2021\/04\/WhatsApp-Image-2021-03-28-at-1.45.12-PM-300x170.jpeg\" alt=\"\" width=\"300\" height=\"170\" srcset=\"https:\/\/mppee.gob.ve\/wp-content\/uploads\/2021\/04\/WhatsApp-Image-2021-03-28-at-1.45.12-PM-300x170.jpeg 300w, https:\/\/mppee.gob.ve\/wp-content\/uploads\/2021\/04\/WhatsApp-Image-2021-03-28-at-1.45.12-PM-1024x581.jpeg 1024w, https:\/\/mppee.gob.ve\/wp-content\/uploads\/2021\/04\/WhatsApp-Image-2021-03-28-at-1.45.12-PM-768x436.jpeg 768w, https:\/\/mppee.gob.ve\/wp-content\/uploads\/2021\/04\/WhatsApp-Image-2021-03-28-at-1.45.12-PM.jpeg 1080w\" sizes=\"auto, (max-width: 300px) 100vw, 300px\" \/>El ministro del Poder Popular para la Energ\u00eda El\u00e9ctrica, G\/J N\u00e9stor Reverol, inform\u00f3 que dos bandas criminales fueron desmanteladas, por hurto, robo y comercializaci\u00f3n de material estrat\u00e9gico del Sistema El\u00e9ctrico Nacional (SEN), en la regi\u00f3n capital.<\/p>\n<p style=\"text-align: justify\">A trav\u00e9s de su cuenta en Instagram @reverolnestor, precis\u00f3 que al recibir una denuncia confidencial, a trav\u00e9s de las redes sociales, fueron coordinadas las investigaciones correspondientes, con los cuerpos de seguridad para la aprehensi\u00f3n de estos grupos de delincuencia organizada.<\/p>\n<p style=\"text-align: justify\"><strong><img loading=\"lazy\" decoding=\"async\" class=\"size-medium wp-image-83625 alignright\" src=\"http:\/\/10.200.87.50\/mppee\/wp-content\/uploads\/2021\/04\/WhatsApp-Image-2021-03-28-at-1.45.11-PM2-300x214.jpeg\" alt=\"\" width=\"300\" height=\"214\" srcset=\"https:\/\/mppee.gob.ve\/wp-content\/uploads\/2021\/04\/WhatsApp-Image-2021-03-28-at-1.45.11-PM2-300x214.jpeg 300w, https:\/\/mppee.gob.ve\/wp-content\/uploads\/2021\/04\/WhatsApp-Image-2021-03-28-at-1.45.11-PM2-1024x729.jpeg 1024w, https:\/\/mppee.gob.ve\/wp-content\/uploads\/2021\/04\/WhatsApp-Image-2021-03-28-at-1.45.11-PM2-768x547.jpeg 768w, https:\/\/mppee.gob.ve\/wp-content\/uploads\/2021\/04\/WhatsApp-Image-2021-03-28-at-1.45.11-PM2.jpeg 1080w\" sizes=\"auto, (max-width: 300px) 100vw, 300px\" \/>\u00abLuego de 72 horas de diferentes pesquisas, se logr\u00f3 la aprehensi\u00f3n de 17 ciudadanos, de los cuales, tres se dedicaban a la sustracci\u00f3n del equipamiento en torres e instalaciones el\u00e9ctricas y un segundo grupo de seis sujetos se encargaban de la preparaci\u00f3n y traslado del material, desde la carretera vieja Caracas &#8211; La Guaira, a trav\u00e9s de autobuses hasta un galp\u00f3n en La Yaguara para su comercializaci\u00f3n, lugar donde fueron capturadas otras ocho personas en los allanamientos correspondientes, con apoyo de la Polic\u00eda Nacional Bolivariana\u00bb.<\/strong><\/p>\n<p style=\"text-align: justify\">Destac\u00f3 que expertos en seguridad adscritos a Corpoelec, trabajan junto a los funcionarios policiales del estado La Guaira y al Ministerio P\u00fablico, para determinar la afectaci\u00f3n del servicio el\u00e9ctrico, ocasionado por est\u00e1s acciones delictivas.<\/p>\n<p style=\"text-align: justify\"><img loading=\"lazy\" decoding=\"async\" class=\"size-medium wp-image-83626 alignleft\" src=\"http:\/\/10.200.87.50\/mppee\/wp-content\/uploads\/2021\/04\/WhatsApp-Image-2021-03-28-at-1.45.11-PM1-300x200.jpeg\" alt=\"\" width=\"300\" height=\"200\" srcset=\"https:\/\/mppee.gob.ve\/wp-content\/uploads\/2021\/04\/WhatsApp-Image-2021-03-28-at-1.45.11-PM1-300x200.jpeg 300w, https:\/\/mppee.gob.ve\/wp-content\/uploads\/2021\/04\/WhatsApp-Image-2021-03-28-at-1.45.11-PM1-768x512.jpeg 768w, https:\/\/mppee.gob.ve\/wp-content\/uploads\/2021\/04\/WhatsApp-Image-2021-03-28-at-1.45.11-PM1.jpeg 912w\" sizes=\"auto, (max-width: 300px) 100vw, 300px\" \/>Finalmente, ratific\u00f3 el compromiso de la fuerza trabajadora del Ministerio del Poder Popular para la Energ\u00eda El\u00e9ctrica y del Gobierno nacional, para erradicar todos los actos criminales que busquen menoscabar la calidad de vida y la paz del pueblo venezolano.<\/p>\n<p style=\"text-align: justify\"><strong>Prensa Mppee<\/strong><\/p>\n<p><img loading=\"lazy\" decoding=\"async\" class=\"aligncenter wp-image-83627 size-full\" src=\"http:\/\/10.200.87.50\/mppee\/wp-content\/uploads\/2021\/04\/WhatsApp-Image-2021-03-28-at-1.45.11-PM.jpeg\" alt=\"\" width=\"912\" height=\"608\" srcset=\"https:\/\/mppee.gob.ve\/wp-content\/uploads\/2021\/04\/WhatsApp-Image-2021-03-28-at-1.45.11-PM.jpeg 912w, https:\/\/mppee.gob.ve\/wp-content\/uploads\/2021\/04\/WhatsApp-Image-2021-03-28-at-1.45.11-PM-300x200.jpeg 300w, https:\/\/mppee.gob.ve\/wp-content\/uploads\/2021\/04\/WhatsApp-Image-2021-03-28-at-1.45.11-PM-768x512.jpeg 768w\" sizes=\"auto, (max-width: 912px) 100vw, 912px\" \/> <img loading=\"lazy\" decoding=\"async\" class=\"aligncenter wp-image-83628 size-full\" src=\"http:\/\/10.200.87.50\/mppee\/wp-content\/uploads\/2021\/04\/WhatsApp-Image-2021-03-28-at-1.45.09-PM.jpeg\" alt=\"\" width=\"912\" height=\"608\" srcset=\"https:\/\/mppee.gob.ve\/wp-content\/uploads\/2021\/04\/WhatsApp-Image-2021-03-28-at-1.45.09-PM.jpeg 912w, https:\/\/mppee.gob.ve\/wp-content\/uploads\/2021\/04\/WhatsApp-Image-2021-03-28-at-1.45.09-PM-300x200.jpeg 300w, https:\/\/mppee.gob.ve\/wp-content\/uploads\/2021\/04\/WhatsApp-Image-2021-03-28-at-1.45.09-PM-768x512.jpeg 768w\" sizes=\"auto, (max-width: 912px) 100vw, 912px\" \/> <img loading=\"lazy\" decoding=\"async\" class=\"aligncenter wp-image-83629 size-full\" src=\"http:\/\/10.200.87.50\/mppee\/wp-content\/uploads\/2021\/04\/WhatsApp-Image-2021-03-28-at-1.45.08-PM.jpeg\" alt=\"\" width=\"912\" height=\"608\" srcset=\"https:\/\/mppee.gob.ve\/wp-content\/uploads\/2021\/04\/WhatsApp-Image-2021-03-28-at-1.45.08-PM.jpeg 912w, https:\/\/mppee.gob.ve\/wp-content\/uploads\/2021\/04\/WhatsApp-Image-2021-03-28-at-1.45.08-PM-300x200.jpeg 300w, https:\/\/mppee.gob.ve\/wp-content\/uploads\/2021\/04\/WhatsApp-Image-2021-03-28-at-1.45.08-PM-768x512.jpeg 768w\" sizes=\"auto, (max-width: 912px) 100vw, 912px\" \/> <img loading=\"lazy\" decoding=\"async\" class=\"aligncenter wp-image-83630 size-full\" src=\"http:\/\/10.200.87.50\/mppee\/wp-content\/uploads\/2021\/04\/WhatsApp-Image-2021-03-28-at-1.45.06-PM.jpeg\" alt=\"\" width=\"912\" height=\"608\" srcset=\"https:\/\/mppee.gob.ve\/wp-content\/uploads\/2021\/04\/WhatsApp-Image-2021-03-28-at-1.45.06-PM.jpeg 912w, https:\/\/mppee.gob.ve\/wp-content\/uploads\/2021\/04\/WhatsApp-Image-2021-03-28-at-1.45.06-PM-300x200.jpeg 300w, https:\/\/mppee.gob.ve\/wp-content\/uploads\/2021\/04\/WhatsApp-Image-2021-03-28-at-1.45.06-PM-768x512.jpeg 768w\" sizes=\"auto, (max-width: 912px) 100vw, 912px\" \/><\/p>\n","protected":false},"excerpt":{"rendered":"<p>El ministro del Poder Popular para la Energ\u00eda El\u00e9ctrica, G\/J N\u00e9stor Reverol, inform\u00f3 que dos bandas criminales fueron desmanteladas, por<\/p>\n","protected":false},"author":12,"featured_media":83623,"comment_status":"open","ping_status":"open","sticky":false,"template":"","format":"standard","meta":{"footnotes":""},"categories":[15],"tags":[11],"class_list":["post-83622","post","type-post","status-publish","format-standard","has-post-thumbnail","hentry","category-nacionales","tag-mppee"],"_links":{"self":[{"href":"https:\/\/mppee.gob.ve\/index.php?rest_route=\/wp\/v2\/posts\/83622","targetHints":{"allow":["GET"]}}],"collection":[{"href":"https:\/\/mppee.gob.ve\/index.php?rest_route=\/wp\/v2\/posts"}],"about":[{"href":"https:\/\/mppee.gob.ve\/index.php?rest_route=\/wp\/v2\/types\/post"}],"author":[{"embeddable":true,"href":"https:\/\/mppee.gob.ve\/index.php?rest_route=\/wp\/v2\/users\/12"}],"replies":[{"embeddable":true,"href":"https:\/\/mppee.gob.ve\/index.php?rest_route=%2Fwp%2Fv2%2Fcomments&post=83622"}],"version-history":[{"count":1,"href":"https:\/\/mppee.gob.ve\/index.php?rest_route=\/wp\/v2\/posts\/83622\/revisions"}],"predecessor-version":[{"id":83637,"href":"https:\/\/mppee.gob.ve\/index.php?rest_route=\/wp\/v2\/posts\/83622\/revisions\/83637"}],"wp:featuredmedia":[{"embeddable":true,"href":"https:\/\/mppee.gob.ve\/index.php?rest_route=\/wp\/v2\/media\/83623"}],"wp:attachment":[{"href":"https:\/\/mppee.gob.ve\/index.php?rest_route=%2Fwp%2Fv2%2Fmedia&parent=83622"}],"wp:term":[{"taxonomy":"category","embeddable":true,"href":"https:\/\/mppee.gob.ve\/index.php?rest_route=%2Fwp%2Fv2%2Fcategories&post=83622"},{"taxonomy":"post_tag","embeddable":true,"href":"https:\/\/mppee.gob.ve\/index.php?rest_route=%2Fwp%2Fv2%2Ftags&post=83622"}],"curies":[{"name":"wp","href":"https:\/\/api.w.org\/{rel}","templated":true}]}}