{"id":83674,"date":"2021-04-15T21:07:00","date_gmt":"2021-04-15T21:07:00","guid":{"rendered":"http:\/\/10.200.87.50\/mppee\/?p=83674"},"modified":"2021-04-17T21:14:44","modified_gmt":"2021-04-17T21:14:44","slug":"instalado-transformador-de-potencia-en-subestacion-electrica-carirubana-en-falcon","status":"publish","type":"post","link":"https:\/\/mppee.gob.ve\/?p=83674","title":{"rendered":"Instalado transformador de potencia en Subestaci\u00f3n El\u00e9ctrica Carirubana en Falc\u00f3n"},"content":{"rendered":"<p style=\"text-align: justify;\"><img loading=\"lazy\" decoding=\"async\" class=\"size-medium wp-image-83676 alignleft\" src=\"http:\/\/10.200.87.50\/mppee\/wp-content\/uploads\/2021\/04\/WhatsApp-Image-2021-04-16-at-11.53.29-AM-300x200.jpeg\" alt=\"\" width=\"300\" height=\"200\" \/>Este jueves, la fuerza trabajadora de la Corporaci\u00f3n El\u00e9ctrica Nacional S.A. (Corpoelec), incorpor\u00f3 un nuevo transformador de potencia con capacidad de 40 MVA en la Subestaci\u00f3n El\u00e9ctrica Carirubana, Pen\u00ednsula de Paraguan\u00e1 en el estado Falc\u00f3n, as\u00ed lo inform\u00f3 el ministro del Poder Popular para la Energ\u00eda El\u00e9ctrica, G\/J N\u00e9stor Reverol.<\/p>\n<p style=\"text-align: justify;\">Mediante una publicaci\u00f3n en su cuenta en le red social Instagram @reverolnestor, manifest\u00f3 que <strong>\u201cla puesta en servicio de este equipo de potencia optimiza y asegura el servicio el\u00e9ctrico a las comunidades: Punta Card\u00f3n, 23 de Enero, barrio Bicentenario, Balcones y La Puerta Maraven\u201d.<\/strong><\/p>\n<p style=\"text-align: justify;\"><img loading=\"lazy\" decoding=\"async\" class=\"size-medium wp-image-83677 alignright\" src=\"http:\/\/10.200.87.50\/mppee\/wp-content\/uploads\/2021\/04\/WhatsApp-Image-2021-04-16-at-11.53.28-AM-300x200.jpeg\" alt=\"\" width=\"300\" height=\"200\" \/>Asever\u00f3 que desde el Gobierno Bolivariano a trav\u00e9s del Ministerio del Poder Popular para la Energ\u00eda El\u00e9ctrica (Mppee), en acompa\u00f1amiento con el Gobierno de Falc\u00f3n y la Gran Misi\u00f3n Barrio Nuevo, Barrio Tricolor, consolidan acciones para el fortalecimiento del Sistema El\u00e9ctrico Nacional (SEN) en esta entidad.<\/p>\n<p style=\"text-align: justify;\">Cabe destacar, que la fuerza trabajadora ejecuta el Plan de Mantenimiento y Adecuaci\u00f3n de Subestaciones El\u00e9ctricas en el pa\u00eds, a fin de brindar el adecuado fortalecimiento al sistema en cada entidad.<\/p>\n<p style=\"text-align: justify;\"><strong>Prensa Mppee<\/strong><\/p>\n<p><img loading=\"lazy\" decoding=\"async\" class=\"aligncenter wp-image-83682 size-full\" src=\"http:\/\/10.200.87.50\/mppee\/wp-content\/uploads\/2021\/04\/WhatsApp-Image-2021-04-16-at-11.53.22-AM1.jpeg\" alt=\"\" width=\"720\" height=\"480\" \/> <img loading=\"lazy\" decoding=\"async\" class=\"aligncenter wp-image-83681 size-full\" src=\"http:\/\/10.200.87.50\/mppee\/wp-content\/uploads\/2021\/04\/WhatsApp-Image-2021-04-16-at-11.53.23-AM.jpeg\" alt=\"\" width=\"720\" height=\"480\" \/> <img loading=\"lazy\" decoding=\"async\" class=\"aligncenter wp-image-83680 size-full\" src=\"http:\/\/10.200.87.50\/mppee\/wp-content\/uploads\/2021\/04\/WhatsApp-Image-2021-04-16-at-11.53.24-AM.jpeg\" alt=\"\" width=\"720\" height=\"480\" \/> <img loading=\"lazy\" decoding=\"async\" class=\"aligncenter wp-image-83679 size-full\" src=\"http:\/\/10.200.87.50\/mppee\/wp-content\/uploads\/2021\/04\/WhatsApp-Image-2021-04-16-at-11.53.26-AM.jpeg\" alt=\"\" width=\"598\" height=\"480\" \/> <img loading=\"lazy\" decoding=\"async\" class=\"aligncenter wp-image-83678 size-full\" src=\"http:\/\/10.200.87.50\/mppee\/wp-content\/uploads\/2021\/04\/WhatsApp-Image-2021-04-16-at-11.53.27-AM.jpeg\" alt=\"\" width=\"594\" height=\"396\" \/><\/p>\n","protected":false},"excerpt":{"rendered":"<p>Este jueves, la fuerza trabajadora de la Corporaci\u00f3n El\u00e9ctrica Nacional S.A. (Corpoelec), incorpor\u00f3 un nuevo transformador de potencia con capacidad<\/p>\n","protected":false},"author":12,"featured_media":0,"comment_status":"open","ping_status":"open","sticky":false,"template":"","format":"standard","meta":{"footnotes":""},"categories":[15],"tags":[11],"class_list":["post-83674","post","type-post","status-publish","format-standard","hentry","category-nacionales","tag-mppee"],"_links":{"self":[{"href":"https:\/\/mppee.gob.ve\/index.php?rest_route=\/wp\/v2\/posts\/83674","targetHints":{"allow":["GET"]}}],"collection":[{"href":"https:\/\/mppee.gob.ve\/index.php?rest_route=\/wp\/v2\/posts"}],"about":[{"href":"https:\/\/mppee.gob.ve\/index.php?rest_route=\/wp\/v2\/types\/post"}],"author":[{"embeddable":true,"href":"https:\/\/mppee.gob.ve\/index.php?rest_route=\/wp\/v2\/users\/12"}],"replies":[{"embeddable":true,"href":"https:\/\/mppee.gob.ve\/index.php?rest_route=%2Fwp%2Fv2%2Fcomments&post=83674"}],"version-history":[{"count":1,"href":"https:\/\/mppee.gob.ve\/index.php?rest_route=\/wp\/v2\/posts\/83674\/revisions"}],"predecessor-version":[{"id":83683,"href":"https:\/\/mppee.gob.ve\/index.php?rest_route=\/wp\/v2\/posts\/83674\/revisions\/83683"}],"wp:attachment":[{"href":"https:\/\/mppee.gob.ve\/index.php?rest_route=%2Fwp%2Fv2%2Fmedia&parent=83674"}],"wp:term":[{"taxonomy":"category","embeddable":true,"href":"https:\/\/mppee.gob.ve\/index.php?rest_route=%2Fwp%2Fv2%2Fcategories&post=83674"},{"taxonomy":"post_tag","embeddable":true,"href":"https:\/\/mppee.gob.ve\/index.php?rest_route=%2Fwp%2Fv2%2Ftags&post=83674"}],"curies":[{"name":"wp","href":"https:\/\/api.w.org\/{rel}","templated":true}]}}