{"id":83737,"date":"2021-04-30T15:50:30","date_gmt":"2021-04-30T15:50:30","guid":{"rendered":"http:\/\/10.200.87.50\/mppee\/?p=83737"},"modified":"2021-05-05T16:07:51","modified_gmt":"2021-05-05T16:07:51","slug":"sector-electrico-se-une-al-jubilo-por-la-beatificacion-del-dr-jose-gregorio-hernandez","status":"publish","type":"post","link":"https:\/\/mppee.gob.ve\/?p=83737","title":{"rendered":"Sector el\u00e9ctrico se une al j\u00fabilo por la beatificaci\u00f3n del Dr. Jos\u00e9 Gregorio Hern\u00e1ndez"},"content":{"rendered":"<p style=\"text-align: justify;\">Este viernes, el vicepresidente Sectorial de Obras P\u00fablicas y Servicios, G\/J N\u00e9stor Reverol, dio las gracias a Dios por haber concedido la beatificaci\u00f3n de su siervo, el m\u00e9dico de los pobres, Dr. Jos\u00e9 Gregorio Hern\u00e1ndez.<\/p>\n<p style=\"text-align: justify;\">A trav\u00e9s de una postal en su cuenta en la red social Instagram @reverolnestor, manifest\u00f3, <strong>\u00abagradecemos cada favor brindado al m\u00e1s necesitado y pedimos por la recuperaci\u00f3n de todas las personas que est\u00e1n batallando por su vida ante esta pandemia\u00bb.<\/strong><\/p>\n<p style=\"text-align: justify;\">Jos\u00e9 Gregorio Hern\u00e1ndez Cisneros, se une a Mar\u00eda de San Jos\u00e9, Candelaria de San Jos\u00e9 y a Carmen Rendiles, para ser el cuarto beato de Venezuela y el primer laico reconocido por la iglesia Cat\u00f3lica.<\/p>\n<p style=\"text-align: justify;\"><em><strong>Vida de Santo<\/strong> <\/em><\/p>\n<p style=\"text-align: justify;\">En 1949, la Iglesia Cat\u00f3lica comenz\u00f3 el proceso de canonizaci\u00f3n para designarlo Santo. En 1986, el Papa Juan Pablo II, reconoci\u00f3 sus virtudes heroicas y lo declar\u00f3 <strong>\u201cVenerable\u201d<\/strong>.<\/p>\n<p style=\"text-align: justify;\">El proceso se renov\u00f3 el 18 de enero de 2019, luego de un milagro atribuido por la Iglesia Cat\u00f3lica al Siervo de Dios en San Fernando de Apure, en el que una ni\u00f1a se recuperar\u00eda de una herida mortal. El Papa Francisco, autoriz\u00f3 la Beatificaci\u00f3n de Jos\u00e9 Gregorio Hern\u00e1ndez, el 13 de junio del 2020.<\/p>\n<p style=\"text-align: justify;\">La ceremonia solemne de exhumaci\u00f3n de los restos mortales del doctor Jos\u00e9 Gregorio Hern\u00e1ndez, conocido como el m\u00e9dico de los pobres y ap\u00f3stol de la paz, se llev\u00f3 a cabo el 26 de octubre de 2020, en el Santuario Nuestra Se\u00f1ora de la Candelaria, en Caracas, para cumplir con el requisito que exige la Congregaci\u00f3n para las Causas de los Santos.<\/p>\n<p style=\"text-align: justify;\"><strong>Prensa Mppee<\/strong><\/p>\n","protected":false},"excerpt":{"rendered":"<p>Este viernes, el vicepresidente Sectorial de Obras P\u00fablicas y Servicios, G\/J N\u00e9stor Reverol, dio las gracias a Dios por haber<\/p>\n","protected":false},"author":12,"featured_media":83738,"comment_status":"open","ping_status":"open","sticky":false,"template":"","format":"standard","meta":{"footnotes":""},"categories":[15],"tags":[11],"class_list":["post-83737","post","type-post","status-publish","format-standard","has-post-thumbnail","hentry","category-nacionales","tag-mppee"],"_links":{"self":[{"href":"https:\/\/mppee.gob.ve\/index.php?rest_route=\/wp\/v2\/posts\/83737","targetHints":{"allow":["GET"]}}],"collection":[{"href":"https:\/\/mppee.gob.ve\/index.php?rest_route=\/wp\/v2\/posts"}],"about":[{"href":"https:\/\/mppee.gob.ve\/index.php?rest_route=\/wp\/v2\/types\/post"}],"author":[{"embeddable":true,"href":"https:\/\/mppee.gob.ve\/index.php?rest_route=\/wp\/v2\/users\/12"}],"replies":[{"embeddable":true,"href":"https:\/\/mppee.gob.ve\/index.php?rest_route=%2Fwp%2Fv2%2Fcomments&post=83737"}],"version-history":[{"count":1,"href":"https:\/\/mppee.gob.ve\/index.php?rest_route=\/wp\/v2\/posts\/83737\/revisions"}],"predecessor-version":[{"id":83739,"href":"https:\/\/mppee.gob.ve\/index.php?rest_route=\/wp\/v2\/posts\/83737\/revisions\/83739"}],"wp:featuredmedia":[{"embeddable":true,"href":"https:\/\/mppee.gob.ve\/index.php?rest_route=\/wp\/v2\/media\/83738"}],"wp:attachment":[{"href":"https:\/\/mppee.gob.ve\/index.php?rest_route=%2Fwp%2Fv2%2Fmedia&parent=83737"}],"wp:term":[{"taxonomy":"category","embeddable":true,"href":"https:\/\/mppee.gob.ve\/index.php?rest_route=%2Fwp%2Fv2%2Fcategories&post=83737"},{"taxonomy":"post_tag","embeddable":true,"href":"https:\/\/mppee.gob.ve\/index.php?rest_route=%2Fwp%2Fv2%2Ftags&post=83737"}],"curies":[{"name":"wp","href":"https:\/\/api.w.org\/{rel}","templated":true}]}}