{"id":83776,"date":"2021-05-06T14:36:00","date_gmt":"2021-05-06T14:36:00","guid":{"rendered":"http:\/\/10.200.87.50\/mppee\/?p=83776"},"modified":"2021-05-21T14:41:55","modified_gmt":"2021-05-21T14:41:55","slug":"sector-electrico-nacional-cuenta-con-nuevas-ambulancias-para-atencion-inmediata-a-fuerza-trabajadora","status":"publish","type":"post","link":"https:\/\/mppee.gob.ve\/?p=83776","title":{"rendered":"Sector el\u00e9ctrico nacional cuenta con nuevas ambulancias para atenci\u00f3n inmediata a fuerza trabajadora"},"content":{"rendered":"<p style=\"text-align: justify;\"><img loading=\"lazy\" decoding=\"async\" class=\"size-medium wp-image-83792 alignleft\" src=\"http:\/\/10.200.87.50\/mppee\/wp-content\/uploads\/2021\/05\/WhatsApp-Image-2021-05-07-at-3.12.10-PM-1-300x200.jpeg\" alt=\"\" width=\"300\" height=\"200\" srcset=\"https:\/\/mppee.gob.ve\/wp-content\/uploads\/2021\/05\/WhatsApp-Image-2021-05-07-at-3.12.10-PM-1-300x200.jpeg 300w, https:\/\/mppee.gob.ve\/wp-content\/uploads\/2021\/05\/WhatsApp-Image-2021-05-07-at-3.12.10-PM-1-768x512.jpeg 768w, https:\/\/mppee.gob.ve\/wp-content\/uploads\/2021\/05\/WhatsApp-Image-2021-05-07-at-3.12.10-PM-1.jpeg 912w\" sizes=\"auto, (max-width: 300px) 100vw, 300px\" \/>El Sector el\u00e9ctrico nacional cuenta con nuevas unidades de traslado y respuesta inmediata para atender la fuerza laboral, as\u00ed lo inform\u00f3 el ministro del Poder Popular para la Energ\u00eda El\u00e9ctrica, G\/J N\u00e9stor Reverol, durante la entrega de veh\u00edculos tipo ambulancias para fortalecer los servicios que brinda el Fondo Administrado de Salud de Energ\u00eda El\u00e9ctrica (Fasmee).<\/p>\n<p style=\"text-align: justify;\"><strong>\u00abCumpliendo instrucciones del presidente de la Rep\u00fablica, Nicol\u00e1s Maduro, estamos entregando a los trabajadores y trabajadoras del Sistema El\u00e9ctrico Nacional (SEN), 35 ambulancias, todas totalmente repotenciadas, entre ellas 10 nuevas\u201d<\/strong>, asegur\u00f3 el tambi\u00e9n Vicepresidente Sectorial de Obras P\u00fablicas y Servicios.<\/p>\n<p style=\"text-align: justify;\"><img loading=\"lazy\" decoding=\"async\" class=\"size-medium wp-image-83791 alignright\" src=\"http:\/\/10.200.87.50\/mppee\/wp-content\/uploads\/2021\/05\/WhatsApp-Image-2021-05-07-at-3.12.10-PM3-1-300x225.jpeg\" alt=\"\" width=\"300\" height=\"225\" srcset=\"https:\/\/mppee.gob.ve\/wp-content\/uploads\/2021\/05\/WhatsApp-Image-2021-05-07-at-3.12.10-PM3-1-300x225.jpeg 300w, https:\/\/mppee.gob.ve\/wp-content\/uploads\/2021\/05\/WhatsApp-Image-2021-05-07-at-3.12.10-PM3-1-1024x768.jpeg 1024w, https:\/\/mppee.gob.ve\/wp-content\/uploads\/2021\/05\/WhatsApp-Image-2021-05-07-at-3.12.10-PM3-1-768x576.jpeg 768w, https:\/\/mppee.gob.ve\/wp-content\/uploads\/2021\/05\/WhatsApp-Image-2021-05-07-at-3.12.10-PM3-1.jpeg 1080w\" sizes=\"auto, (max-width: 300px) 100vw, 300px\" \/>La puesta en marcha de estas unidades m\u00e9dicas forma parte del Plan de Recuperaci\u00f3n de la Flota Terrestre que se lleva a cabo actualmente en todo el territorio nacional y se desplegar\u00e1n en las 24 entidades del pa\u00eds para beneficiar a m\u00e1s de 193 mil personas de la gran familia del SEN, sus trabajadores y familiares directos, <strong>\u201cpara garantizar el derecho fundamental de la salud, en medio de esta terrible pandemia que tenemos y nos azota como lo es la COVID-19&#8243;<\/strong>, dijo.<\/p>\n<p style=\"text-align: justify;\">El Ministro precis\u00f3 que las ambulancias est\u00e1n equipadas totalmente. <strong>\u00abAqu\u00ed estamos con dos ambulancias nivel 3 que son para cuidados intensivos, y cuenta con toda la tecnolog\u00eda y accesorios que se necesiten para el traslado de pacientes de cuidados intensivos\u00bb.<\/strong><\/p>\n<p style=\"text-align: justify;\"><img loading=\"lazy\" decoding=\"async\" class=\"size-medium wp-image-83790 alignleft\" src=\"http:\/\/10.200.87.50\/mppee\/wp-content\/uploads\/2021\/05\/WhatsApp-Image-2021-05-07-at-3.12.10-PM2-1-300x249.jpeg\" alt=\"\" width=\"300\" height=\"249\" srcset=\"https:\/\/mppee.gob.ve\/wp-content\/uploads\/2021\/05\/WhatsApp-Image-2021-05-07-at-3.12.10-PM2-1-300x249.jpeg 300w, https:\/\/mppee.gob.ve\/wp-content\/uploads\/2021\/05\/WhatsApp-Image-2021-05-07-at-3.12.10-PM2-1-1024x850.jpeg 1024w, https:\/\/mppee.gob.ve\/wp-content\/uploads\/2021\/05\/WhatsApp-Image-2021-05-07-at-3.12.10-PM2-1-768x638.jpeg 768w, https:\/\/mppee.gob.ve\/wp-content\/uploads\/2021\/05\/WhatsApp-Image-2021-05-07-at-3.12.10-PM2-1.jpeg 1080w\" sizes=\"auto, (max-width: 300px) 100vw, 300px\" \/>El titular de la cartera de Energ\u00eda El\u00e9ctrica, destac\u00f3 que<strong> \u00abla repotenciaci\u00f3n de estas unidades no se hizo en ninguna empresa, ni en talleres privados. En medio de la adversidad nosotros nos fortalecemos, esto est\u00e1 hecho por nuestra fuerza laboral en nuestros talleres, recuperando su identidad nacional\u201d.<\/strong><\/p>\n<p style=\"text-align: justify;\">Subray\u00f3 que pr\u00f3ximamente se iniciar\u00e1 el reacondicionamiento de los 66 centros de salud de la Corporaci\u00f3n El\u00e9ctrica Nacional (Corpoelec), que hay en el pa\u00eds para de esta manera ofrecer una \u00f3ptima atenci\u00f3n m\u00e9dica.<\/p>\n<p style=\"text-align: justify;\"><img loading=\"lazy\" decoding=\"async\" class=\"size-medium wp-image-83789 alignright\" src=\"http:\/\/10.200.87.50\/mppee\/wp-content\/uploads\/2021\/05\/WhatsApp-Image-2021-05-07-at-3.12.10-PM1-1-300x225.jpeg\" alt=\"\" width=\"300\" height=\"225\" srcset=\"https:\/\/mppee.gob.ve\/wp-content\/uploads\/2021\/05\/WhatsApp-Image-2021-05-07-at-3.12.10-PM1-1-300x225.jpeg 300w, https:\/\/mppee.gob.ve\/wp-content\/uploads\/2021\/05\/WhatsApp-Image-2021-05-07-at-3.12.10-PM1-1-1024x769.jpeg 1024w, https:\/\/mppee.gob.ve\/wp-content\/uploads\/2021\/05\/WhatsApp-Image-2021-05-07-at-3.12.10-PM1-1-768x577.jpeg 768w, https:\/\/mppee.gob.ve\/wp-content\/uploads\/2021\/05\/WhatsApp-Image-2021-05-07-at-3.12.10-PM1-1.jpeg 1080w\" sizes=\"auto, (max-width: 300px) 100vw, 300px\" \/>El General en Jefe N\u00e9stor Reverol, manifest\u00f3 que tambi\u00e9n se est\u00e1 entregando medicamentos y kits, para atender a los trabajadores y sus familiares directos, pacientes que presentan una condici\u00f3n de salud por la COVID-19. <strong>\u201cTenemos kits para pacientes moderados y graves, aprobados por la Comisi\u00f3n Presidencial\u00bb.<\/strong><\/p>\n<p style=\"text-align: justify;\"><strong>\u00abEstamos muy contentos y quiero felicitar a toda la fuerza trabajadora, porque seguimos avanzando para garantizar la estabilidad y confiabilidad del SEN en todo el territorio nacional\u00bb<\/strong>, finaliz\u00f3.<\/p>\n<p style=\"text-align: justify;\"><strong>Prensa Mppee<\/strong><\/p>\n<p><img loading=\"lazy\" decoding=\"async\" class=\"aligncenter wp-image-83788 size-full\" src=\"http:\/\/10.200.87.50\/mppee\/wp-content\/uploads\/2021\/05\/WhatsApp-Image-2021-05-07-at-3.12.09-PM3-1.jpeg\" alt=\"\" width=\"912\" height=\"608\" srcset=\"https:\/\/mppee.gob.ve\/wp-content\/uploads\/2021\/05\/WhatsApp-Image-2021-05-07-at-3.12.09-PM3-1.jpeg 912w, https:\/\/mppee.gob.ve\/wp-content\/uploads\/2021\/05\/WhatsApp-Image-2021-05-07-at-3.12.09-PM3-1-300x200.jpeg 300w, https:\/\/mppee.gob.ve\/wp-content\/uploads\/2021\/05\/WhatsApp-Image-2021-05-07-at-3.12.09-PM3-1-768x512.jpeg 768w\" sizes=\"auto, (max-width: 912px) 100vw, 912px\" \/> <img loading=\"lazy\" decoding=\"async\" class=\"aligncenter wp-image-83787 size-full\" src=\"http:\/\/10.200.87.50\/mppee\/wp-content\/uploads\/2021\/05\/WhatsApp-Image-2021-05-07-at-3.12.09-PM2-1.jpeg\" alt=\"\" width=\"912\" height=\"608\" srcset=\"https:\/\/mppee.gob.ve\/wp-content\/uploads\/2021\/05\/WhatsApp-Image-2021-05-07-at-3.12.09-PM2-1.jpeg 912w, https:\/\/mppee.gob.ve\/wp-content\/uploads\/2021\/05\/WhatsApp-Image-2021-05-07-at-3.12.09-PM2-1-300x200.jpeg 300w, https:\/\/mppee.gob.ve\/wp-content\/uploads\/2021\/05\/WhatsApp-Image-2021-05-07-at-3.12.09-PM2-1-768x512.jpeg 768w\" sizes=\"auto, (max-width: 912px) 100vw, 912px\" \/> <img loading=\"lazy\" decoding=\"async\" class=\"aligncenter wp-image-83786 size-full\" src=\"http:\/\/10.200.87.50\/mppee\/wp-content\/uploads\/2021\/05\/WhatsApp-Image-2021-05-07-at-3.12.09-PM1-1.jpeg\" alt=\"\" width=\"912\" height=\"608\" srcset=\"https:\/\/mppee.gob.ve\/wp-content\/uploads\/2021\/05\/WhatsApp-Image-2021-05-07-at-3.12.09-PM1-1.jpeg 912w, https:\/\/mppee.gob.ve\/wp-content\/uploads\/2021\/05\/WhatsApp-Image-2021-05-07-at-3.12.09-PM1-1-300x200.jpeg 300w, https:\/\/mppee.gob.ve\/wp-content\/uploads\/2021\/05\/WhatsApp-Image-2021-05-07-at-3.12.09-PM1-1-768x512.jpeg 768w\" sizes=\"auto, (max-width: 912px) 100vw, 912px\" \/> <img loading=\"lazy\" decoding=\"async\" class=\"aligncenter wp-image-83777 size-full\" src=\"http:\/\/10.200.87.50\/mppee\/wp-content\/uploads\/2021\/05\/WhatsApp-Image-2021-05-07-at-3.12.08-PM.jpeg\" alt=\"\" width=\"912\" height=\"608\" srcset=\"https:\/\/mppee.gob.ve\/wp-content\/uploads\/2021\/05\/WhatsApp-Image-2021-05-07-at-3.12.08-PM.jpeg 912w, https:\/\/mppee.gob.ve\/wp-content\/uploads\/2021\/05\/WhatsApp-Image-2021-05-07-at-3.12.08-PM-300x200.jpeg 300w, https:\/\/mppee.gob.ve\/wp-content\/uploads\/2021\/05\/WhatsApp-Image-2021-05-07-at-3.12.08-PM-768x512.jpeg 768w\" sizes=\"auto, (max-width: 912px) 100vw, 912px\" \/><\/p>\n","protected":false},"excerpt":{"rendered":"<p>El Sector el\u00e9ctrico nacional cuenta con nuevas unidades de traslado y respuesta inmediata para atender la fuerza laboral, as\u00ed lo<\/p>\n","protected":false},"author":12,"featured_media":83781,"comment_status":"open","ping_status":"open","sticky":false,"template":"","format":"standard","meta":{"footnotes":""},"categories":[15],"tags":[255,11],"class_list":["post-83776","post","type-post","status-publish","format-standard","has-post-thumbnail","hentry","category-nacionales","tag-fasmee","tag-mppee"],"_links":{"self":[{"href":"https:\/\/mppee.gob.ve\/index.php?rest_route=\/wp\/v2\/posts\/83776","targetHints":{"allow":["GET"]}}],"collection":[{"href":"https:\/\/mppee.gob.ve\/index.php?rest_route=\/wp\/v2\/posts"}],"about":[{"href":"https:\/\/mppee.gob.ve\/index.php?rest_route=\/wp\/v2\/types\/post"}],"author":[{"embeddable":true,"href":"https:\/\/mppee.gob.ve\/index.php?rest_route=\/wp\/v2\/users\/12"}],"replies":[{"embeddable":true,"href":"https:\/\/mppee.gob.ve\/index.php?rest_route=%2Fwp%2Fv2%2Fcomments&post=83776"}],"version-history":[{"count":1,"href":"https:\/\/mppee.gob.ve\/index.php?rest_route=\/wp\/v2\/posts\/83776\/revisions"}],"predecessor-version":[{"id":83793,"href":"https:\/\/mppee.gob.ve\/index.php?rest_route=\/wp\/v2\/posts\/83776\/revisions\/83793"}],"wp:featuredmedia":[{"embeddable":true,"href":"https:\/\/mppee.gob.ve\/index.php?rest_route=\/wp\/v2\/media\/83781"}],"wp:attachment":[{"href":"https:\/\/mppee.gob.ve\/index.php?rest_route=%2Fwp%2Fv2%2Fmedia&parent=83776"}],"wp:term":[{"taxonomy":"category","embeddable":true,"href":"https:\/\/mppee.gob.ve\/index.php?rest_route=%2Fwp%2Fv2%2Fcategories&post=83776"},{"taxonomy":"post_tag","embeddable":true,"href":"https:\/\/mppee.gob.ve\/index.php?rest_route=%2Fwp%2Fv2%2Ftags&post=83776"}],"curies":[{"name":"wp","href":"https:\/\/api.w.org\/{rel}","templated":true}]}}