{"id":83794,"date":"2021-05-07T14:42:00","date_gmt":"2021-05-07T14:42:00","guid":{"rendered":"http:\/\/10.200.87.50\/mppee\/?p=83794"},"modified":"2021-05-21T14:49:46","modified_gmt":"2021-05-21T14:49:46","slug":"revisan-acciones-estrategicas-para-la-estabilizacion-y-confiabilidad-del-sistema-electrico-nacional","status":"publish","type":"post","link":"https:\/\/mppee.gob.ve\/?p=83794","title":{"rendered":"Revisan acciones estrat\u00e9gicas para la estabilizaci\u00f3n y confiabilidad del Sistema El\u00e9ctrico Nacional"},"content":{"rendered":"<p style=\"text-align: justify;\"><img loading=\"lazy\" decoding=\"async\" class=\"size-medium wp-image-83800 alignleft\" src=\"http:\/\/10.200.87.50\/mppee\/wp-content\/uploads\/2021\/05\/WhatsApp-Image-2021-05-07-at-6.58.47-PM-300x200.jpeg\" alt=\"\" width=\"300\" height=\"200\" srcset=\"https:\/\/mppee.gob.ve\/wp-content\/uploads\/2021\/05\/WhatsApp-Image-2021-05-07-at-6.58.47-PM-300x200.jpeg 300w, https:\/\/mppee.gob.ve\/wp-content\/uploads\/2021\/05\/WhatsApp-Image-2021-05-07-at-6.58.47-PM-768x512.jpeg 768w, https:\/\/mppee.gob.ve\/wp-content\/uploads\/2021\/05\/WhatsApp-Image-2021-05-07-at-6.58.47-PM.jpeg 912w\" sizes=\"auto, (max-width: 300px) 100vw, 300px\" \/>Este viernes, autoridades del Gobierno Bolivariano debatieron el plan de fortalecimiento, estabilizaci\u00f3n y confiabilidad del Sistema El\u00e9ctrico Nacional, donde revisaron las acciones estrat\u00e9gicas para garantizar una \u00f3ptima prestaci\u00f3n del servicio en el pa\u00eds, as\u00ed lo destac\u00f3 a trav\u00e9s de su cuenta en la red social Instagram, el vicepresidente Sectorial de Obras P\u00fablicas y Servicios, G\/J N\u00e9stor Reverol.<\/p>\n<p style=\"text-align: justify;\">Este encuentro fue desarrollado en los espacios del Fuerte Tiuna, Caracas, en compa\u00f1\u00eda de los viceministros del Ministerio del Poder Popular para la Energ\u00eda El\u00e9ctrica y gerentes generales y territoriales de Corpoelec y asever\u00f3 que <strong>\u201cpor instrucciones del presidente de la Rep\u00fablica, Nicol\u00e1s Maduro se cre\u00f3 la hoja de ruta para mejorar los procesos de Generaci\u00f3n, Transmisi\u00f3n y Distribuci\u00f3n\u201d.<\/strong><\/p>\n<p style=\"text-align: justify;\"><img loading=\"lazy\" decoding=\"async\" class=\"size-medium wp-image-83799 alignright\" src=\"http:\/\/10.200.87.50\/mppee\/wp-content\/uploads\/2021\/05\/WhatsApp-Image-2021-05-07-at-6.58.47-PM1-300x203.jpeg\" alt=\"\" width=\"300\" height=\"203\" srcset=\"https:\/\/mppee.gob.ve\/wp-content\/uploads\/2021\/05\/WhatsApp-Image-2021-05-07-at-6.58.47-PM1-300x203.jpeg 300w, https:\/\/mppee.gob.ve\/wp-content\/uploads\/2021\/05\/WhatsApp-Image-2021-05-07-at-6.58.47-PM1-1024x694.jpeg 1024w, https:\/\/mppee.gob.ve\/wp-content\/uploads\/2021\/05\/WhatsApp-Image-2021-05-07-at-6.58.47-PM1-768x521.jpeg 768w, https:\/\/mppee.gob.ve\/wp-content\/uploads\/2021\/05\/WhatsApp-Image-2021-05-07-at-6.58.47-PM1.jpeg 1080w\" sizes=\"auto, (max-width: 300px) 100vw, 300px\" \/>Adem\u00e1s, manifest\u00f3 que se tomar\u00e1n las acciones necesarias para la protecci\u00f3n del Sistema El\u00e9ctrico Nacional durante el venidero periodo de lluvias que durar\u00e1 hasta el mes de noviembre de este a\u00f1o, indic\u00f3 que se establecieron las l\u00edneas para las operaciones en materia de comercializaci\u00f3n, lo que significa un importante aporte para el desarrollo de la industria ante el bloqueo criminal que intenta imponer el imperialismo norteamericano.<\/p>\n<p style=\"text-align: justify;\"><strong>\u201cSeguimos trabajando en una agenda territorial para que cada Gerente en sus estados supervise directamente el plan de bienestar social de los trabajadores y podamos contar con un sistema de protecci\u00f3n fortalecido\u201d<\/strong> indic\u00f3 el tambi\u00e9n Ministro del Poder Popular para la Energ\u00eda El\u00e9ctrica.<\/p>\n<p style=\"text-align: justify;\"><strong>Prensa Corpoelec<\/strong><\/p>\n<p><img loading=\"lazy\" decoding=\"async\" class=\"aligncenter wp-image-83798 size-full\" src=\"http:\/\/10.200.87.50\/mppee\/wp-content\/uploads\/2021\/05\/WhatsApp-Image-2021-05-07-at-6.58.46-PM.jpeg\" alt=\"\" width=\"912\" height=\"608\" srcset=\"https:\/\/mppee.gob.ve\/wp-content\/uploads\/2021\/05\/WhatsApp-Image-2021-05-07-at-6.58.46-PM.jpeg 912w, https:\/\/mppee.gob.ve\/wp-content\/uploads\/2021\/05\/WhatsApp-Image-2021-05-07-at-6.58.46-PM-300x200.jpeg 300w, https:\/\/mppee.gob.ve\/wp-content\/uploads\/2021\/05\/WhatsApp-Image-2021-05-07-at-6.58.46-PM-768x512.jpeg 768w\" sizes=\"auto, (max-width: 912px) 100vw, 912px\" \/> <img loading=\"lazy\" decoding=\"async\" class=\"aligncenter wp-image-83797 size-full\" src=\"http:\/\/10.200.87.50\/mppee\/wp-content\/uploads\/2021\/05\/WhatsApp-Image-2021-05-07-at-6.58.46-PM3.jpeg\" alt=\"\" width=\"912\" height=\"608\" srcset=\"https:\/\/mppee.gob.ve\/wp-content\/uploads\/2021\/05\/WhatsApp-Image-2021-05-07-at-6.58.46-PM3.jpeg 912w, https:\/\/mppee.gob.ve\/wp-content\/uploads\/2021\/05\/WhatsApp-Image-2021-05-07-at-6.58.46-PM3-300x200.jpeg 300w, https:\/\/mppee.gob.ve\/wp-content\/uploads\/2021\/05\/WhatsApp-Image-2021-05-07-at-6.58.46-PM3-768x512.jpeg 768w\" sizes=\"auto, (max-width: 912px) 100vw, 912px\" \/> <img loading=\"lazy\" decoding=\"async\" class=\"aligncenter wp-image-83796 size-full\" src=\"http:\/\/10.200.87.50\/mppee\/wp-content\/uploads\/2021\/05\/WhatsApp-Image-2021-05-07-at-6.58.46-PM2.jpeg\" alt=\"\" width=\"912\" height=\"608\" srcset=\"https:\/\/mppee.gob.ve\/wp-content\/uploads\/2021\/05\/WhatsApp-Image-2021-05-07-at-6.58.46-PM2.jpeg 912w, https:\/\/mppee.gob.ve\/wp-content\/uploads\/2021\/05\/WhatsApp-Image-2021-05-07-at-6.58.46-PM2-300x200.jpeg 300w, https:\/\/mppee.gob.ve\/wp-content\/uploads\/2021\/05\/WhatsApp-Image-2021-05-07-at-6.58.46-PM2-768x512.jpeg 768w\" sizes=\"auto, (max-width: 912px) 100vw, 912px\" \/><\/p>\n","protected":false},"excerpt":{"rendered":"<p>Este viernes, autoridades del Gobierno Bolivariano debatieron el plan de fortalecimiento, estabilizaci\u00f3n y confiabilidad del Sistema El\u00e9ctrico Nacional, donde revisaron<\/p>\n","protected":false},"author":12,"featured_media":83795,"comment_status":"open","ping_status":"open","sticky":false,"template":"","format":"standard","meta":{"footnotes":""},"categories":[15],"tags":[11],"class_list":["post-83794","post","type-post","status-publish","format-standard","has-post-thumbnail","hentry","category-nacionales","tag-mppee"],"_links":{"self":[{"href":"https:\/\/mppee.gob.ve\/index.php?rest_route=\/wp\/v2\/posts\/83794","targetHints":{"allow":["GET"]}}],"collection":[{"href":"https:\/\/mppee.gob.ve\/index.php?rest_route=\/wp\/v2\/posts"}],"about":[{"href":"https:\/\/mppee.gob.ve\/index.php?rest_route=\/wp\/v2\/types\/post"}],"author":[{"embeddable":true,"href":"https:\/\/mppee.gob.ve\/index.php?rest_route=\/wp\/v2\/users\/12"}],"replies":[{"embeddable":true,"href":"https:\/\/mppee.gob.ve\/index.php?rest_route=%2Fwp%2Fv2%2Fcomments&post=83794"}],"version-history":[{"count":1,"href":"https:\/\/mppee.gob.ve\/index.php?rest_route=\/wp\/v2\/posts\/83794\/revisions"}],"predecessor-version":[{"id":83801,"href":"https:\/\/mppee.gob.ve\/index.php?rest_route=\/wp\/v2\/posts\/83794\/revisions\/83801"}],"wp:featuredmedia":[{"embeddable":true,"href":"https:\/\/mppee.gob.ve\/index.php?rest_route=\/wp\/v2\/media\/83795"}],"wp:attachment":[{"href":"https:\/\/mppee.gob.ve\/index.php?rest_route=%2Fwp%2Fv2%2Fmedia&parent=83794"}],"wp:term":[{"taxonomy":"category","embeddable":true,"href":"https:\/\/mppee.gob.ve\/index.php?rest_route=%2Fwp%2Fv2%2Fcategories&post=83794"},{"taxonomy":"post_tag","embeddable":true,"href":"https:\/\/mppee.gob.ve\/index.php?rest_route=%2Fwp%2Fv2%2Ftags&post=83794"}],"curies":[{"name":"wp","href":"https:\/\/api.w.org\/{rel}","templated":true}]}}