{"id":83948,"date":"2021-05-18T16:30:49","date_gmt":"2021-05-18T16:30:49","guid":{"rendered":"http:\/\/10.200.87.50\/mppee\/?p=83948"},"modified":"2021-05-21T16:39:03","modified_gmt":"2021-05-21T16:39:03","slug":"implementaran-plan-guaicaipuro-capitulo-agua-potable-para-la-region-capital","status":"publish","type":"post","link":"https:\/\/mppee.gob.ve\/?p=83948","title":{"rendered":"Implementar\u00e1n Plan Guaicaipuro Cap\u00edtulo Agua Potable para la regi\u00f3n capital"},"content":{"rendered":"<p style=\"text-align: justify;\"><img loading=\"lazy\" decoding=\"async\" class=\"size-medium wp-image-83950 alignleft\" src=\"http:\/\/10.200.87.50\/mppee\/wp-content\/uploads\/2021\/05\/WhatsApp-Image-2021-05-18-at-8.36.07-PM-300x200.jpeg\" alt=\"\" width=\"300\" height=\"200\" srcset=\"https:\/\/mppee.gob.ve\/wp-content\/uploads\/2021\/05\/WhatsApp-Image-2021-05-18-at-8.36.07-PM-300x200.jpeg 300w, https:\/\/mppee.gob.ve\/wp-content\/uploads\/2021\/05\/WhatsApp-Image-2021-05-18-at-8.36.07-PM-768x512.jpeg 768w, https:\/\/mppee.gob.ve\/wp-content\/uploads\/2021\/05\/WhatsApp-Image-2021-05-18-at-8.36.07-PM.jpeg 912w\" sizes=\"auto, (max-width: 300px) 100vw, 300px\" \/>El vicepresidente Sectorial de Obras P\u00fablicas y Servicios, G\/J N\u00e9stor Reverol, sostuvo encuentro con la ministra del Poder Popular de Atenci\u00f3n de las Aguas, Evelyn V\u00e1squez y autoridades de Hidrocapital, para la construcci\u00f3n del Plan Guaicaipuro, Cap\u00edtulo: Agua Potable; que ayude al fortalecimiento del servicio a trav\u00e9s del mantenimiento, reparaciones de las plantas y estaciones pertenecientes al Sistema H\u00eddrico Nacional.<\/p>\n<p style=\"text-align: justify;\">A trav\u00e9s de una publicaci\u00f3n en la red social Instagram, el General en Jefe, manifest\u00f3 que esto ayudar\u00e1 al servicio de este vital l\u00edquido, en la regi\u00f3n capital del pa\u00eds.<\/p>\n<p style=\"text-align: justify;\"><img loading=\"lazy\" decoding=\"async\" class=\"size-medium wp-image-83951 alignright\" src=\"http:\/\/10.200.87.50\/mppee\/wp-content\/uploads\/2021\/05\/WhatsApp-Image-2021-05-18-at-8.36.09-PM-300x201.jpeg\" alt=\"\" width=\"300\" height=\"201\" srcset=\"https:\/\/mppee.gob.ve\/wp-content\/uploads\/2021\/05\/WhatsApp-Image-2021-05-18-at-8.36.09-PM-300x201.jpeg 300w, https:\/\/mppee.gob.ve\/wp-content\/uploads\/2021\/05\/WhatsApp-Image-2021-05-18-at-8.36.09-PM-1024x686.jpeg 1024w, https:\/\/mppee.gob.ve\/wp-content\/uploads\/2021\/05\/WhatsApp-Image-2021-05-18-at-8.36.09-PM-768x515.jpeg 768w, https:\/\/mppee.gob.ve\/wp-content\/uploads\/2021\/05\/WhatsApp-Image-2021-05-18-at-8.36.09-PM.jpeg 1080w\" sizes=\"auto, (max-width: 300px) 100vw, 300px\" \/>El tambi\u00e9n Ministro del Poder Popular para la Energ\u00eda El\u00e9ctrica resalt\u00f3 que, <strong>\u201ceste plan va dirigido, con especial \u00e9nfasis, al desarrollo formativo de la fuerza trabajadora del sector h\u00eddrico y a la generaci\u00f3n de alianzas estrat\u00e9gicas que permitan vencer los obst\u00e1culos ocasionados por el bloqueo econ\u00f3mico criminal, impuesto por el imperialismo norteamericano\u201d.<\/strong><\/p>\n<p style=\"text-align: justify;\">Recalc\u00f3 que, gracias a la articulaci\u00f3n efectiva con el Ministerio del Poder Popular de Obras P\u00fablicas, aumentar\u00e1n el n\u00famero de cuadrillas para la atenci\u00f3n de las aver\u00edas y emergencias que se presenten, y de esta forma brindar una respuesta inmediata al pueblo venezolano.<\/p>\n<p style=\"text-align: justify;\"><strong>\u00abSeguimos trabajando en las pol\u00edticas que mejoren la calidad de vida de nuestro pueblo y optimicen las soluciones efectivas en materia de servicios p\u00fablicos\u00bb<\/strong>, asever\u00f3 en el General en Jefe N\u00e9stor Reverol.<\/p>\n<p style=\"text-align: justify;\"><strong>Prensa Mppee<\/strong><\/p>\n<p><img loading=\"lazy\" decoding=\"async\" class=\"aligncenter wp-image-83951 size-full\" src=\"http:\/\/10.200.87.50\/mppee\/wp-content\/uploads\/2021\/05\/WhatsApp-Image-2021-05-18-at-8.36.09-PM.jpeg\" alt=\"\" width=\"1080\" height=\"724\" srcset=\"https:\/\/mppee.gob.ve\/wp-content\/uploads\/2021\/05\/WhatsApp-Image-2021-05-18-at-8.36.09-PM.jpeg 1080w, https:\/\/mppee.gob.ve\/wp-content\/uploads\/2021\/05\/WhatsApp-Image-2021-05-18-at-8.36.09-PM-300x201.jpeg 300w, https:\/\/mppee.gob.ve\/wp-content\/uploads\/2021\/05\/WhatsApp-Image-2021-05-18-at-8.36.09-PM-1024x686.jpeg 1024w, https:\/\/mppee.gob.ve\/wp-content\/uploads\/2021\/05\/WhatsApp-Image-2021-05-18-at-8.36.09-PM-768x515.jpeg 768w\" sizes=\"auto, (max-width: 1080px) 100vw, 1080px\" \/><\/p>\n","protected":false},"excerpt":{"rendered":"<p>El vicepresidente Sectorial de Obras P\u00fablicas y Servicios, G\/J N\u00e9stor Reverol, sostuvo encuentro con la ministra del Poder Popular de<\/p>\n","protected":false},"author":12,"featured_media":83949,"comment_status":"open","ping_status":"open","sticky":false,"template":"","format":"standard","meta":{"footnotes":""},"categories":[15],"tags":[11],"class_list":["post-83948","post","type-post","status-publish","format-standard","has-post-thumbnail","hentry","category-nacionales","tag-mppee"],"_links":{"self":[{"href":"https:\/\/mppee.gob.ve\/index.php?rest_route=\/wp\/v2\/posts\/83948","targetHints":{"allow":["GET"]}}],"collection":[{"href":"https:\/\/mppee.gob.ve\/index.php?rest_route=\/wp\/v2\/posts"}],"about":[{"href":"https:\/\/mppee.gob.ve\/index.php?rest_route=\/wp\/v2\/types\/post"}],"author":[{"embeddable":true,"href":"https:\/\/mppee.gob.ve\/index.php?rest_route=\/wp\/v2\/users\/12"}],"replies":[{"embeddable":true,"href":"https:\/\/mppee.gob.ve\/index.php?rest_route=%2Fwp%2Fv2%2Fcomments&post=83948"}],"version-history":[{"count":1,"href":"https:\/\/mppee.gob.ve\/index.php?rest_route=\/wp\/v2\/posts\/83948\/revisions"}],"predecessor-version":[{"id":83953,"href":"https:\/\/mppee.gob.ve\/index.php?rest_route=\/wp\/v2\/posts\/83948\/revisions\/83953"}],"wp:featuredmedia":[{"embeddable":true,"href":"https:\/\/mppee.gob.ve\/index.php?rest_route=\/wp\/v2\/media\/83949"}],"wp:attachment":[{"href":"https:\/\/mppee.gob.ve\/index.php?rest_route=%2Fwp%2Fv2%2Fmedia&parent=83948"}],"wp:term":[{"taxonomy":"category","embeddable":true,"href":"https:\/\/mppee.gob.ve\/index.php?rest_route=%2Fwp%2Fv2%2Fcategories&post=83948"},{"taxonomy":"post_tag","embeddable":true,"href":"https:\/\/mppee.gob.ve\/index.php?rest_route=%2Fwp%2Fv2%2Ftags&post=83948"}],"curies":[{"name":"wp","href":"https:\/\/api.w.org\/{rel}","templated":true}]}}