{"id":83954,"date":"2021-05-19T16:39:00","date_gmt":"2021-05-19T16:39:00","guid":{"rendered":"http:\/\/10.200.87.50\/mppee\/?p=83954"},"modified":"2021-05-21T16:47:25","modified_gmt":"2021-05-21T16:47:25","slug":"autoridades-del-sector-electrico-presentan-proyectos-ante-la-alianza-solar-internacional","status":"publish","type":"post","link":"https:\/\/mppee.gob.ve\/?p=83954","title":{"rendered":"Autoridades del sector el\u00e9ctrico presentan proyectos ante la Alianza Solar Internacional"},"content":{"rendered":"<p style=\"text-align: justify;\"><img loading=\"lazy\" decoding=\"async\" class=\"size-medium wp-image-83956 alignleft\" src=\"http:\/\/10.200.87.50\/mppee\/wp-content\/uploads\/2021\/05\/WhatsApp-Image-2021-05-19-at-8.31.27-AM-300x225.jpeg\" alt=\"\" width=\"300\" height=\"225\" srcset=\"https:\/\/mppee.gob.ve\/wp-content\/uploads\/2021\/05\/WhatsApp-Image-2021-05-19-at-8.31.27-AM-300x225.jpeg 300w, https:\/\/mppee.gob.ve\/wp-content\/uploads\/2021\/05\/WhatsApp-Image-2021-05-19-at-8.31.27-AM-1024x768.jpeg 1024w, https:\/\/mppee.gob.ve\/wp-content\/uploads\/2021\/05\/WhatsApp-Image-2021-05-19-at-8.31.27-AM-768x576.jpeg 768w, https:\/\/mppee.gob.ve\/wp-content\/uploads\/2021\/05\/WhatsApp-Image-2021-05-19-at-8.31.27-AM.jpeg 1080w\" sizes=\"auto, (max-width: 300px) 100vw, 300px\" \/>Autoridades de la industria el\u00e9ctrica participaron en la videoconferencia Alianza Internacional Solar, desde la sede del Ministerio del Poder Popular para la Energ\u00eda El\u00e9ctrica (Mppee), donde presentaron nuevos proyectos en materia de energ\u00edas alternativas para fortalecer el sector y brindar capacitaci\u00f3n tecnol\u00f3gica a la fuerza laboral.<\/p>\n<p style=\"text-align: justify;\">El encuentro virtual estuvo encabezado por la viceministra para Nuevas Fuentes y Uso Racional de la Energ\u00eda El\u00e9ctrica del Mppee, Tania Masea, el director de la Alianza Solar Internacional (ISA), Ajay Mathur, y diversos representantes del sector el\u00e9ctrico nacional, quienes detallaron que esta acci\u00f3n estrat\u00e9gica contempla la instalaci\u00f3n de un centro de capacitaci\u00f3n en la Fundaci\u00f3n Para el Desarrollo El\u00e9ctrico (Fundelec) que ofrecer\u00e1 formaci\u00f3n a los venezolanos y para Latinoam\u00e9rica.<\/p>\n<p style=\"text-align: justify;\"><img loading=\"lazy\" decoding=\"async\" class=\"size-medium wp-image-83955 alignright\" src=\"http:\/\/10.200.87.50\/mppee\/wp-content\/uploads\/2021\/05\/WhatsApp-Image-2021-05-19-at-8.31.26-AM-300x225.jpeg\" alt=\"\" width=\"300\" height=\"225\" srcset=\"https:\/\/mppee.gob.ve\/wp-content\/uploads\/2021\/05\/WhatsApp-Image-2021-05-19-at-8.31.26-AM-300x225.jpeg 300w, https:\/\/mppee.gob.ve\/wp-content\/uploads\/2021\/05\/WhatsApp-Image-2021-05-19-at-8.31.26-AM-1024x768.jpeg 1024w, https:\/\/mppee.gob.ve\/wp-content\/uploads\/2021\/05\/WhatsApp-Image-2021-05-19-at-8.31.26-AM-768x576.jpeg 768w, https:\/\/mppee.gob.ve\/wp-content\/uploads\/2021\/05\/WhatsApp-Image-2021-05-19-at-8.31.26-AM.jpeg 1080w\" sizes=\"auto, (max-width: 300px) 100vw, 300px\" \/>La Viceministra Masea destac\u00f3 que estas iniciativas se llevar\u00e1n a cabo en los pr\u00f3ximos meses y que tambi\u00e9n se tiene prevista <strong>\u201cla creaci\u00f3n de una f\u00e1brica de bater\u00edas y la recuperaci\u00f3n de las que ya se encuentran en el parque el\u00e9ctrico de la Corporaci\u00f3n El\u00e9ctrica Nacional\u201d. \u00a0<\/strong><\/p>\n<p style=\"text-align: justify;\"><strong>\u201cEsta alianza, nos permite mostrarle al mundo, que en nuestro pa\u00eds estamos organizados con un Plan Nacional de Energ\u00edas Alternativas, que sabemos lo que queremos desarrollar en el pa\u00eds, siendo nuestra meta capacitar a nuestro personal, para poder realizar los proyectos de energ\u00eda solar y mejorar nuestra industria el\u00e9ctrica\u201d<\/strong>, enfatiz\u00f3 Masea<\/p>\n<p style=\"text-align: justify;\">Por su parte, el presidente de Fundelec, Carlos Borges, resalt\u00f3 la importancia de estos acercamientos con organismos internacionales pues <strong>\u201cpermiten avanzar en la cadena de producci\u00f3n\u201d<\/strong> y crear confiabilidad en las acciones que se emprenden por parte del Gobierno Nacional para optimizar el servicio en todo el pa\u00eds.<\/p>\n<p style=\"text-align: justify;\"><strong>Prensa Mppee<\/strong><\/p>\n<p><img loading=\"lazy\" decoding=\"async\" class=\"aligncenter wp-image-83959 size-full\" src=\"http:\/\/10.200.87.50\/mppee\/wp-content\/uploads\/2021\/05\/WhatsApp-Image-2021-05-19-at-8.31.29-AM.jpeg\" alt=\"\" width=\"1080\" height=\"810\" srcset=\"https:\/\/mppee.gob.ve\/wp-content\/uploads\/2021\/05\/WhatsApp-Image-2021-05-19-at-8.31.29-AM.jpeg 1080w, https:\/\/mppee.gob.ve\/wp-content\/uploads\/2021\/05\/WhatsApp-Image-2021-05-19-at-8.31.29-AM-300x225.jpeg 300w, https:\/\/mppee.gob.ve\/wp-content\/uploads\/2021\/05\/WhatsApp-Image-2021-05-19-at-8.31.29-AM-1024x768.jpeg 1024w, https:\/\/mppee.gob.ve\/wp-content\/uploads\/2021\/05\/WhatsApp-Image-2021-05-19-at-8.31.29-AM-768x576.jpeg 768w\" sizes=\"auto, (max-width: 1080px) 100vw, 1080px\" \/><\/p>\n","protected":false},"excerpt":{"rendered":"<p>Autoridades de la industria el\u00e9ctrica participaron en la videoconferencia Alianza Internacional Solar, desde la sede del Ministerio del Poder Popular<\/p>\n","protected":false},"author":12,"featured_media":83957,"comment_status":"open","ping_status":"open","sticky":false,"template":"","format":"standard","meta":{"footnotes":""},"categories":[15],"tags":[11],"class_list":["post-83954","post","type-post","status-publish","format-standard","has-post-thumbnail","hentry","category-nacionales","tag-mppee"],"_links":{"self":[{"href":"https:\/\/mppee.gob.ve\/index.php?rest_route=\/wp\/v2\/posts\/83954","targetHints":{"allow":["GET"]}}],"collection":[{"href":"https:\/\/mppee.gob.ve\/index.php?rest_route=\/wp\/v2\/posts"}],"about":[{"href":"https:\/\/mppee.gob.ve\/index.php?rest_route=\/wp\/v2\/types\/post"}],"author":[{"embeddable":true,"href":"https:\/\/mppee.gob.ve\/index.php?rest_route=\/wp\/v2\/users\/12"}],"replies":[{"embeddable":true,"href":"https:\/\/mppee.gob.ve\/index.php?rest_route=%2Fwp%2Fv2%2Fcomments&post=83954"}],"version-history":[{"count":2,"href":"https:\/\/mppee.gob.ve\/index.php?rest_route=\/wp\/v2\/posts\/83954\/revisions"}],"predecessor-version":[{"id":83960,"href":"https:\/\/mppee.gob.ve\/index.php?rest_route=\/wp\/v2\/posts\/83954\/revisions\/83960"}],"wp:featuredmedia":[{"embeddable":true,"href":"https:\/\/mppee.gob.ve\/index.php?rest_route=\/wp\/v2\/media\/83957"}],"wp:attachment":[{"href":"https:\/\/mppee.gob.ve\/index.php?rest_route=%2Fwp%2Fv2%2Fmedia&parent=83954"}],"wp:term":[{"taxonomy":"category","embeddable":true,"href":"https:\/\/mppee.gob.ve\/index.php?rest_route=%2Fwp%2Fv2%2Fcategories&post=83954"},{"taxonomy":"post_tag","embeddable":true,"href":"https:\/\/mppee.gob.ve\/index.php?rest_route=%2Fwp%2Fv2%2Ftags&post=83954"}],"curies":[{"name":"wp","href":"https:\/\/api.w.org\/{rel}","templated":true}]}}