{"id":84000,"date":"2021-05-25T13:46:00","date_gmt":"2021-05-25T13:46:00","guid":{"rendered":"http:\/\/10.200.87.50\/mppee\/?p=84000"},"modified":"2021-05-28T14:06:31","modified_gmt":"2021-05-28T14:06:31","slug":"refuerzan-acciones-para-el-abordaje-y-diagnostico-en-atencion-a-las-victimas-de-la-guerra-economica","status":"publish","type":"post","link":"https:\/\/mppee.gob.ve\/?p=84000","title":{"rendered":"Refuerzan acciones para el abordaje y diagn\u00f3stico en atenci\u00f3n a las v\u00edctimas de la guerra econ\u00f3mica"},"content":{"rendered":"<p style=\"text-align: justify;\"><img loading=\"lazy\" decoding=\"async\" class=\"size-medium wp-image-84008 alignleft\" src=\"http:\/\/10.200.87.50\/mppee\/wp-content\/uploads\/2021\/05\/WhatsApp-Image-2021-05-25-at-7.34.06-PM-300x200.jpeg\" alt=\"\" width=\"300\" height=\"200\" srcset=\"https:\/\/mppee.gob.ve\/wp-content\/uploads\/2021\/05\/WhatsApp-Image-2021-05-25-at-7.34.06-PM-300x200.jpeg 300w, https:\/\/mppee.gob.ve\/wp-content\/uploads\/2021\/05\/WhatsApp-Image-2021-05-25-at-7.34.06-PM-768x512.jpeg 768w, https:\/\/mppee.gob.ve\/wp-content\/uploads\/2021\/05\/WhatsApp-Image-2021-05-25-at-7.34.06-PM.jpeg 912w\" sizes=\"auto, (max-width: 300px) 100vw, 300px\" \/>A trav\u00e9s de un plan de diagn\u00f3stico de los servicios p\u00fablicos en las comunidades, se determinar\u00e1n las acciones a ejecutar, en atenci\u00f3n al pueblo venezolano y optimizar la calidad de vida, as\u00ed se dio a conocer durante una reuni\u00f3n entre las vicepresidencias sectoriales de Obras P\u00fablicas, Servicios, Desarrollo Social y Territorial, encabezadas por el G\/J N\u00e9stor Reverol y Eduardo Pi\u00f1ate, respectivamente.<\/p>\n<p style=\"text-align: justify;\">Esta evaluaci\u00f3n previa permitir\u00e1 la reorientaci\u00f3n del Plan de Atenci\u00f3n Integral a las V\u00edctimas de la Guerra Econ\u00f3mica y el Bloqueo Imperial para brindar respuestas oportunas y velar para que cada situaci\u00f3n que afecte los servicios b\u00e1sicos \u00a0sea solventada en cada rinc\u00f3n del pa\u00eds, por parte de los organismos del Gobierno Bolivariano.<\/p>\n<p style=\"text-align: justify;\"><strong>\u201cEstas jornadas sociales deben priorizar todo lo referente al agua, luz y gas dom\u00e9stico para seguir avanzando en todos los aspectos como lo ha ordenado el Presidente Nicol\u00e1s Maduro\u201d<\/strong>; as\u00ed lo asegur\u00f3 el vicepresidente Sectorial de Obras P\u00fablicas y Servicios, G\/J N\u00e9stor Reverol, quien adem\u00e1s destac\u00f3 que el objetivo es devolverle a los venezolanos los beneficios que se le han arrebatado en medio de la guerra multiforme que mantiene el imperio norteamericano contra Venezuela.<\/p>\n<p style=\"text-align: justify;\"><img loading=\"lazy\" decoding=\"async\" class=\"size-medium wp-image-84007 alignright\" src=\"http:\/\/10.200.87.50\/mppee\/wp-content\/uploads\/2021\/05\/WhatsApp-Image-2021-05-25-at-7.34.06-PM3-300x199.jpeg\" alt=\"\" width=\"300\" height=\"199\" srcset=\"https:\/\/mppee.gob.ve\/wp-content\/uploads\/2021\/05\/WhatsApp-Image-2021-05-25-at-7.34.06-PM3-300x199.jpeg 300w, https:\/\/mppee.gob.ve\/wp-content\/uploads\/2021\/05\/WhatsApp-Image-2021-05-25-at-7.34.06-PM3-1024x678.jpeg 1024w, https:\/\/mppee.gob.ve\/wp-content\/uploads\/2021\/05\/WhatsApp-Image-2021-05-25-at-7.34.06-PM3-768x508.jpeg 768w, https:\/\/mppee.gob.ve\/wp-content\/uploads\/2021\/05\/WhatsApp-Image-2021-05-25-at-7.34.06-PM3.jpeg 1080w\" sizes=\"auto, (max-width: 300px) 100vw, 300px\" \/>En materia de energ\u00eda el\u00e9ctrica, indic\u00f3 que como parte del Plan Integral de Iluminaci\u00f3n de V\u00edas Expresas se han instalado m\u00e1s de 38 mil luminarias en todo el pa\u00eds, de las cuales 14 mil han mejorado el alumbrado p\u00fablico en las principales arterias viales de la ciudad de Caracas.<\/p>\n<p style=\"text-align: justify;\">Adem\u00e1s, agreg\u00f3 que este Plan se desarrolla con \u00e9xito en la Autopista Regional del Centro, <strong>\u201cdonde han sido iluminados, hasta la fecha, 71 kil\u00f3metros\u201d.<\/strong><\/p>\n<p style=\"text-align: justify;\">El General en Jefe resalt\u00f3 que gracias a la fuerza trabajadora se han recuperado, en los talleres de la <strong>Corporaci\u00f3n El\u00e9ctrica Nacional (Corpoelec)<\/strong>, cerca de \u00a0mil 500 transformadores lo que permite dar respuesta a las eventualidades en el servicio el\u00e9ctrico y de esta manera garantizar la distribuci\u00f3n energ\u00e9tica en el pa\u00eds.<\/p>\n<p style=\"text-align: justify;\"><em><strong><img loading=\"lazy\" decoding=\"async\" class=\"size-medium wp-image-84005 alignleft\" src=\"http:\/\/10.200.87.50\/mppee\/wp-content\/uploads\/2021\/05\/WhatsApp-Image-2021-05-25-at-7.34.06-PM1-300x200.jpeg\" alt=\"\" width=\"300\" height=\"200\" srcset=\"https:\/\/mppee.gob.ve\/wp-content\/uploads\/2021\/05\/WhatsApp-Image-2021-05-25-at-7.34.06-PM1-300x200.jpeg 300w, https:\/\/mppee.gob.ve\/wp-content\/uploads\/2021\/05\/WhatsApp-Image-2021-05-25-at-7.34.06-PM1-768x512.jpeg 768w, https:\/\/mppee.gob.ve\/wp-content\/uploads\/2021\/05\/WhatsApp-Image-2021-05-25-at-7.34.06-PM1.jpeg 912w\" sizes=\"auto, (max-width: 300px) 100vw, 300px\" \/>Mantenimiento en los embalses<\/strong><\/em><\/p>\n<p style=\"text-align: justify;\">Con relaci\u00f3n al Sistema H\u00eddrico Nacional se\u00f1al\u00f3 que en la actualidad se realizan labores de mantenimiento en los embalses priorizados del pa\u00eds para garantizar el servicio de agua potable en todas las entidades y reconoci\u00f3 las labores que llevan a cabo los entes gubernamentales del sector, quienes presentan un gran avance.<\/p>\n<p style=\"text-align: justify;\"><em><strong>Avances en Obras P\u00fablicas<\/strong><\/em><\/p>\n<p style=\"text-align: justify;\">De cara a la celebraci\u00f3n del Bicentenario de la gesta hist\u00f3rica, el pr\u00f3ximo 24 de junio, el titular del despacho de Obras P\u00fablicas y Servicios, indic\u00f3 que los trabajos de reacondicionamiento del Campo Carabobo presentan un avance del 90 por ciento y que ser\u00e1n culminadas antes de la fecha prevista.<\/p>\n<p style=\"text-align: justify;\"><strong>\u201cYa solo nos quedan 29 d\u00edas para la celebraci\u00f3n del 24 de junio con un conjunto de actos que se tienen programados. \u00a0La fuerza trabajadora ha dado respuestas y es importante decir que el Campo de Carabobo se est\u00e1 convirtiendo en un escenario tur\u00edstico, de historia y bien ornamentado\u201d<\/strong>, finaliz\u00f3 el General en Jefe Reverol Torres.<\/p>\n<p style=\"text-align: justify;\"><strong>Prensa Mppee<\/strong><\/p>\n<p><img loading=\"lazy\" decoding=\"async\" class=\"aligncenter wp-image-84004 size-full\" src=\"http:\/\/10.200.87.50\/mppee\/wp-content\/uploads\/2021\/05\/WhatsApp-Image-2021-05-25-at-7.34.05-PM.jpeg\" alt=\"\" width=\"912\" height=\"608\" srcset=\"https:\/\/mppee.gob.ve\/wp-content\/uploads\/2021\/05\/WhatsApp-Image-2021-05-25-at-7.34.05-PM.jpeg 912w, https:\/\/mppee.gob.ve\/wp-content\/uploads\/2021\/05\/WhatsApp-Image-2021-05-25-at-7.34.05-PM-300x200.jpeg 300w, https:\/\/mppee.gob.ve\/wp-content\/uploads\/2021\/05\/WhatsApp-Image-2021-05-25-at-7.34.05-PM-768x512.jpeg 768w\" sizes=\"auto, (max-width: 912px) 100vw, 912px\" \/> <img loading=\"lazy\" decoding=\"async\" class=\"aligncenter wp-image-84003 size-full\" src=\"http:\/\/10.200.87.50\/mppee\/wp-content\/uploads\/2021\/05\/WhatsApp-Image-2021-05-25-at-7.34.05-PM3.jpeg\" alt=\"\" width=\"1080\" height=\"673\" srcset=\"https:\/\/mppee.gob.ve\/wp-content\/uploads\/2021\/05\/WhatsApp-Image-2021-05-25-at-7.34.05-PM3.jpeg 1080w, https:\/\/mppee.gob.ve\/wp-content\/uploads\/2021\/05\/WhatsApp-Image-2021-05-25-at-7.34.05-PM3-300x187.jpeg 300w, https:\/\/mppee.gob.ve\/wp-content\/uploads\/2021\/05\/WhatsApp-Image-2021-05-25-at-7.34.05-PM3-1024x638.jpeg 1024w, https:\/\/mppee.gob.ve\/wp-content\/uploads\/2021\/05\/WhatsApp-Image-2021-05-25-at-7.34.05-PM3-768x479.jpeg 768w\" sizes=\"auto, (max-width: 1080px) 100vw, 1080px\" \/> <img loading=\"lazy\" decoding=\"async\" class=\"aligncenter wp-image-84001 size-full\" src=\"http:\/\/10.200.87.50\/mppee\/wp-content\/uploads\/2021\/05\/WhatsApp-Image-2021-05-25-at-7.34.05-PM1.jpeg\" alt=\"\" width=\"1080\" height=\"992\" srcset=\"https:\/\/mppee.gob.ve\/wp-content\/uploads\/2021\/05\/WhatsApp-Image-2021-05-25-at-7.34.05-PM1.jpeg 1080w, https:\/\/mppee.gob.ve\/wp-content\/uploads\/2021\/05\/WhatsApp-Image-2021-05-25-at-7.34.05-PM1-300x276.jpeg 300w, https:\/\/mppee.gob.ve\/wp-content\/uploads\/2021\/05\/WhatsApp-Image-2021-05-25-at-7.34.05-PM1-1024x941.jpeg 1024w, https:\/\/mppee.gob.ve\/wp-content\/uploads\/2021\/05\/WhatsApp-Image-2021-05-25-at-7.34.05-PM1-768x705.jpeg 768w\" sizes=\"auto, (max-width: 1080px) 100vw, 1080px\" \/><\/p>\n","protected":false},"excerpt":{"rendered":"<p>A trav\u00e9s de un plan de diagn\u00f3stico de los servicios p\u00fablicos en las comunidades, se determinar\u00e1n las acciones a ejecutar,<\/p>\n","protected":false},"author":12,"featured_media":84002,"comment_status":"open","ping_status":"open","sticky":false,"template":"","format":"standard","meta":{"footnotes":""},"categories":[15],"tags":[11],"class_list":["post-84000","post","type-post","status-publish","format-standard","has-post-thumbnail","hentry","category-nacionales","tag-mppee"],"_links":{"self":[{"href":"https:\/\/mppee.gob.ve\/index.php?rest_route=\/wp\/v2\/posts\/84000","targetHints":{"allow":["GET"]}}],"collection":[{"href":"https:\/\/mppee.gob.ve\/index.php?rest_route=\/wp\/v2\/posts"}],"about":[{"href":"https:\/\/mppee.gob.ve\/index.php?rest_route=\/wp\/v2\/types\/post"}],"author":[{"embeddable":true,"href":"https:\/\/mppee.gob.ve\/index.php?rest_route=\/wp\/v2\/users\/12"}],"replies":[{"embeddable":true,"href":"https:\/\/mppee.gob.ve\/index.php?rest_route=%2Fwp%2Fv2%2Fcomments&post=84000"}],"version-history":[{"count":1,"href":"https:\/\/mppee.gob.ve\/index.php?rest_route=\/wp\/v2\/posts\/84000\/revisions"}],"predecessor-version":[{"id":84009,"href":"https:\/\/mppee.gob.ve\/index.php?rest_route=\/wp\/v2\/posts\/84000\/revisions\/84009"}],"wp:featuredmedia":[{"embeddable":true,"href":"https:\/\/mppee.gob.ve\/index.php?rest_route=\/wp\/v2\/media\/84002"}],"wp:attachment":[{"href":"https:\/\/mppee.gob.ve\/index.php?rest_route=%2Fwp%2Fv2%2Fmedia&parent=84000"}],"wp:term":[{"taxonomy":"category","embeddable":true,"href":"https:\/\/mppee.gob.ve\/index.php?rest_route=%2Fwp%2Fv2%2Fcategories&post=84000"},{"taxonomy":"post_tag","embeddable":true,"href":"https:\/\/mppee.gob.ve\/index.php?rest_route=%2Fwp%2Fv2%2Ftags&post=84000"}],"curies":[{"name":"wp","href":"https:\/\/api.w.org\/{rel}","templated":true}]}}