{"id":84019,"date":"2021-05-26T14:41:37","date_gmt":"2021-05-26T14:41:37","guid":{"rendered":"http:\/\/10.200.87.50\/mppee\/?p=84019"},"modified":"2021-05-28T14:52:12","modified_gmt":"2021-05-28T14:52:12","slug":"evaluan-territorializacion-de-planes-para-blindar-el-sistema-electrico-nacional","status":"publish","type":"post","link":"https:\/\/mppee.gob.ve\/?p=84019","title":{"rendered":"Eval\u00faan territorializaci\u00f3n de planes para blindar el Sistema El\u00e9ctrico Nacional"},"content":{"rendered":"<p style=\"text-align: justify;\"><img loading=\"lazy\" decoding=\"async\" class=\"size-medium wp-image-84020 alignleft\" src=\"http:\/\/10.200.87.50\/mppee\/wp-content\/uploads\/2021\/05\/WhatsApp-Image-2021-05-26-at-8.32.02-PM-300x200.jpeg\" alt=\"\" width=\"300\" height=\"200\" srcset=\"https:\/\/mppee.gob.ve\/wp-content\/uploads\/2021\/05\/WhatsApp-Image-2021-05-26-at-8.32.02-PM-300x200.jpeg 300w, https:\/\/mppee.gob.ve\/wp-content\/uploads\/2021\/05\/WhatsApp-Image-2021-05-26-at-8.32.02-PM-768x512.jpeg 768w, https:\/\/mppee.gob.ve\/wp-content\/uploads\/2021\/05\/WhatsApp-Image-2021-05-26-at-8.32.02-PM.jpeg 912w\" sizes=\"auto, (max-width: 300px) 100vw, 300px\" \/>Este mi\u00e9rcoles, el vicepresidente Sectorial de Obras P\u00fablicas y Servicios, G\/J N\u00e9stor Reverol, durante una videoconferencia con los gerentes generales de las \u00e1reas sustantivas y territoriales de la Corporaci\u00f3n El\u00e9ctrica Nacional (Corpoelec), evalu\u00f3 el desarrollo de los planes de adecuaci\u00f3n de las subestaciones el\u00e9ctricas, pica, poda y tala, as\u00ed como de protecci\u00f3n del Sistema El\u00e9ctrico Nacional.<\/p>\n<p style=\"text-align: justify;\">A trav\u00e9s de su cuenta en la red social Instagram @reverolnestor, manifest\u00f3 que, por instrucciones del presidente de la Rep\u00fablica, Nicol\u00e1s Maduro, tambi\u00e9n se revisaron las l\u00edneas estrat\u00e9gicas en materia energ\u00e9tica del Plan 200 Carabobo, donde cada gerente territorial, debe realizar el seguimiento correspondiente y supervisar su cumplimiento.<\/p>\n<p style=\"text-align: justify;\"><img loading=\"lazy\" decoding=\"async\" class=\"size-medium wp-image-84021 alignright\" src=\"http:\/\/10.200.87.50\/mppee\/wp-content\/uploads\/2021\/05\/WhatsApp-Image-2021-05-26-at-8.32.06-PM-300x200.jpeg\" alt=\"\" width=\"300\" height=\"200\" srcset=\"https:\/\/mppee.gob.ve\/wp-content\/uploads\/2021\/05\/WhatsApp-Image-2021-05-26-at-8.32.06-PM-300x200.jpeg 300w, https:\/\/mppee.gob.ve\/wp-content\/uploads\/2021\/05\/WhatsApp-Image-2021-05-26-at-8.32.06-PM-768x512.jpeg 768w, https:\/\/mppee.gob.ve\/wp-content\/uploads\/2021\/05\/WhatsApp-Image-2021-05-26-at-8.32.06-PM.jpeg 912w\" sizes=\"auto, (max-width: 300px) 100vw, 300px\" \/>El tambi\u00e9n ministro del Poder Popular para la Energ\u00eda El\u00e9ctrica se\u00f1al\u00f3 que, <strong>\u201ccon miras a lograr la m\u00e1xima organizaci\u00f3n de la fuerza trabajadora, en cada regi\u00f3n fortaleceremos los Consejos Productivos de Trabajadores y Trabajadoras, para lograr en conjunto la optimizaci\u00f3n de los planes de bienestar social y de atenci\u00f3n de quienes buscan laborar diariamente por un mejor servicio\u201d.<\/strong><\/p>\n<p style=\"text-align: justify;\">El General en Jefe, reiter\u00f3 que continuar\u00e1 con el trabajo por la estabilizaci\u00f3n y confiabilidad del servicio el\u00e9ctrico en cada rinc\u00f3n del pa\u00eds, para garantizar el bienestar del pueblo venezolano en este a\u00f1o bicentenario de victorias.<\/p>\n<p style=\"text-align: justify;\"><strong>Prensa Corpoelec<\/strong><\/p>\n<p><img loading=\"lazy\" decoding=\"async\" class=\"aligncenter wp-image-84022 size-full\" src=\"http:\/\/10.200.87.50\/mppee\/wp-content\/uploads\/2021\/05\/WhatsApp-Image-2021-05-26-at-8.32.08-PM.jpeg\" alt=\"\" width=\"912\" height=\"608\" srcset=\"https:\/\/mppee.gob.ve\/wp-content\/uploads\/2021\/05\/WhatsApp-Image-2021-05-26-at-8.32.08-PM.jpeg 912w, https:\/\/mppee.gob.ve\/wp-content\/uploads\/2021\/05\/WhatsApp-Image-2021-05-26-at-8.32.08-PM-300x200.jpeg 300w, https:\/\/mppee.gob.ve\/wp-content\/uploads\/2021\/05\/WhatsApp-Image-2021-05-26-at-8.32.08-PM-768x512.jpeg 768w\" sizes=\"auto, (max-width: 912px) 100vw, 912px\" \/><\/p>\n","protected":false},"excerpt":{"rendered":"<p>Este mi\u00e9rcoles, el vicepresidente Sectorial de Obras P\u00fablicas y Servicios, G\/J N\u00e9stor Reverol, durante una videoconferencia con los gerentes generales<\/p>\n","protected":false},"author":12,"featured_media":84023,"comment_status":"open","ping_status":"open","sticky":false,"template":"","format":"standard","meta":{"footnotes":""},"categories":[15],"tags":[11],"class_list":["post-84019","post","type-post","status-publish","format-standard","has-post-thumbnail","hentry","category-nacionales","tag-mppee"],"_links":{"self":[{"href":"https:\/\/mppee.gob.ve\/index.php?rest_route=\/wp\/v2\/posts\/84019","targetHints":{"allow":["GET"]}}],"collection":[{"href":"https:\/\/mppee.gob.ve\/index.php?rest_route=\/wp\/v2\/posts"}],"about":[{"href":"https:\/\/mppee.gob.ve\/index.php?rest_route=\/wp\/v2\/types\/post"}],"author":[{"embeddable":true,"href":"https:\/\/mppee.gob.ve\/index.php?rest_route=\/wp\/v2\/users\/12"}],"replies":[{"embeddable":true,"href":"https:\/\/mppee.gob.ve\/index.php?rest_route=%2Fwp%2Fv2%2Fcomments&post=84019"}],"version-history":[{"count":1,"href":"https:\/\/mppee.gob.ve\/index.php?rest_route=\/wp\/v2\/posts\/84019\/revisions"}],"predecessor-version":[{"id":84024,"href":"https:\/\/mppee.gob.ve\/index.php?rest_route=\/wp\/v2\/posts\/84019\/revisions\/84024"}],"wp:featuredmedia":[{"embeddable":true,"href":"https:\/\/mppee.gob.ve\/index.php?rest_route=\/wp\/v2\/media\/84023"}],"wp:attachment":[{"href":"https:\/\/mppee.gob.ve\/index.php?rest_route=%2Fwp%2Fv2%2Fmedia&parent=84019"}],"wp:term":[{"taxonomy":"category","embeddable":true,"href":"https:\/\/mppee.gob.ve\/index.php?rest_route=%2Fwp%2Fv2%2Fcategories&post=84019"},{"taxonomy":"post_tag","embeddable":true,"href":"https:\/\/mppee.gob.ve\/index.php?rest_route=%2Fwp%2Fv2%2Ftags&post=84019"}],"curies":[{"name":"wp","href":"https:\/\/api.w.org\/{rel}","templated":true}]}}