{"id":84034,"date":"2021-05-28T13:25:00","date_gmt":"2021-05-28T13:25:00","guid":{"rendered":"http:\/\/10.200.87.50\/mppee\/?p=84034"},"modified":"2021-05-31T13:57:26","modified_gmt":"2021-05-31T13:57:26","slug":"fuerza-trabajadora-de-corpoelec-sustituye-414-luminarias-en-complejo-urbanistico-ciudad-tiuna","status":"publish","type":"post","link":"https:\/\/mppee.gob.ve\/?p=84034","title":{"rendered":"Fuerza trabajadora de Corpoelec sustituye 414 luminarias en complejo urban\u00edstico Ciudad Tiuna"},"content":{"rendered":"<p style=\"text-align: justify;\"><img loading=\"lazy\" decoding=\"async\" class=\"size-medium wp-image-84041 alignleft\" src=\"http:\/\/10.200.87.50\/mppee\/wp-content\/uploads\/2021\/05\/WhatsApp-Image-2021-05-28-at-9.52.06-PM-300x216.jpeg\" alt=\"\" width=\"300\" height=\"216\" srcset=\"https:\/\/mppee.gob.ve\/wp-content\/uploads\/2021\/05\/WhatsApp-Image-2021-05-28-at-9.52.06-PM-300x216.jpeg 300w, https:\/\/mppee.gob.ve\/wp-content\/uploads\/2021\/05\/WhatsApp-Image-2021-05-28-at-9.52.06-PM-1024x737.jpeg 1024w, https:\/\/mppee.gob.ve\/wp-content\/uploads\/2021\/05\/WhatsApp-Image-2021-05-28-at-9.52.06-PM-768x553.jpeg 768w, https:\/\/mppee.gob.ve\/wp-content\/uploads\/2021\/05\/WhatsApp-Image-2021-05-28-at-9.52.06-PM.jpeg 1080w\" sizes=\"auto, (max-width: 300px) 100vw, 300px\" \/>Este viernes, desde el complejo urban\u00edstico Sim\u00f3n Bol\u00edvar, en Ciudad Tiuna, Caracas, el vicepresidente Sectorial de Obras P\u00fablicas y Servicios, G\/J N\u00e9stor Reverol, supervis\u00f3 la instalaci\u00f3n de 414 luminarias, por parte de la fuerza trabajadora del Corporaci\u00f3n El\u00e9ctrica Nacional (Corpoelec) como parte del Plan Integral de Iluminaci\u00f3n.<\/p>\n<p style=\"text-align: justify;\">El General en Jefe, se\u00f1al\u00f3 que con la instalaci\u00f3n de estas l\u00e1mparas de tecnolog\u00eda LED, se benefician aproximadamente 4 mil familias, es decir, unas 17 mil personas que habitan en este urbanismo. Record\u00f3 que la fuerza trabajadora del sector el\u00e9ctrico nacional ha instalado m\u00e1s de 56 mil luminarias en el territorio nacional.<\/p>\n<p style=\"text-align: justify;\"><img loading=\"lazy\" decoding=\"async\" class=\"size-medium wp-image-84040 alignright\" src=\"http:\/\/10.200.87.50\/mppee\/wp-content\/uploads\/2021\/05\/WhatsApp-Image-2021-05-28-at-9.52.06-PM5-300x200.jpeg\" alt=\"\" width=\"300\" height=\"200\" srcset=\"https:\/\/mppee.gob.ve\/wp-content\/uploads\/2021\/05\/WhatsApp-Image-2021-05-28-at-9.52.06-PM5-300x200.jpeg 300w, https:\/\/mppee.gob.ve\/wp-content\/uploads\/2021\/05\/WhatsApp-Image-2021-05-28-at-9.52.06-PM5-768x512.jpeg 768w, https:\/\/mppee.gob.ve\/wp-content\/uploads\/2021\/05\/WhatsApp-Image-2021-05-28-at-9.52.06-PM5.jpeg 912w\" sizes=\"auto, (max-width: 300px) 100vw, 300px\" \/>El tambi\u00e9n Ministro del Poder Popular para la Energ\u00eda El\u00e9ctrica, indic\u00f3 que cumpliendo instrucciones del presidente de la Rep\u00fablica, Nicol\u00e1s Maduro, en apoyo al Plan Caracas Patriota, Bella y Segura, se han sustituido en el Distrito Capital m\u00e1s de 15 mil l\u00e1mparas, para garantizar la eficiencia del alumbrado p\u00fablico.<\/p>\n<p style=\"text-align: justify;\"><strong>\u201cEs importante destacar que vamos a seguir ejecutando este Plan a lo largo y ancho del territorio. Aqu\u00ed en Caracas hemos alumbrado la mayor parte de las avenidas y continuaremos, con estas acciones sostenidas en aras de garantizar la seguridad de los venezolanos y venezolanas\u201d<\/strong>, apunt\u00f3 el Ministro Reverol.<\/p>\n<p style=\"text-align: justify;\"><em><strong>Junto al Poder Popular<\/strong><\/em><\/p>\n<p style=\"text-align: justify;\"><img loading=\"lazy\" decoding=\"async\" class=\"size-medium wp-image-84039 alignleft\" src=\"http:\/\/10.200.87.50\/mppee\/wp-content\/uploads\/2021\/05\/WhatsApp-Image-2021-05-28-at-9.52.06-PM4-300x211.jpeg\" alt=\"\" width=\"300\" height=\"211\" srcset=\"https:\/\/mppee.gob.ve\/wp-content\/uploads\/2021\/05\/WhatsApp-Image-2021-05-28-at-9.52.06-PM4-300x211.jpeg 300w, https:\/\/mppee.gob.ve\/wp-content\/uploads\/2021\/05\/WhatsApp-Image-2021-05-28-at-9.52.06-PM4-1024x722.jpeg 1024w, https:\/\/mppee.gob.ve\/wp-content\/uploads\/2021\/05\/WhatsApp-Image-2021-05-28-at-9.52.06-PM4-768x541.jpeg 768w, https:\/\/mppee.gob.ve\/wp-content\/uploads\/2021\/05\/WhatsApp-Image-2021-05-28-at-9.52.06-PM4-130x90.jpeg 130w, https:\/\/mppee.gob.ve\/wp-content\/uploads\/2021\/05\/WhatsApp-Image-2021-05-28-at-9.52.06-PM4.jpeg 1080w\" sizes=\"auto, (max-width: 300px) 100vw, 300px\" \/>Por su parte Nereida Trejo, vocera del Poder Popular del sector Sim\u00f3n Bol\u00edvar manifest\u00f3 su agradecimiento al Gobierno nacional y a los trabajadores del sector el\u00e9ctrico por la sustituci\u00f3n de estas l\u00e1mparas de bombillos incandescentes por luminarias LED, ya que esto permitir\u00e1 contar con espacios alumbrados en todas las \u00e1reas del urbanismo.<\/p>\n<p style=\"text-align: justify;\">Para finalizar, Reverol Torres destac\u00f3 que se han iluminado 71 kil\u00f3metros de la Autopista Regional del Centro (ARC), tambi\u00e9n en la Carretera Panamericana, la Autopista Caracas \u2013 Guatire, adem\u00e1s se comenzar\u00e1 un proyecto para la carretera que va hacia el oriente del pa\u00eds, como parte de las pol\u00edticas integrales, para garantizar la confiabilidad y la estabilidad del servicio el\u00e9ctrico.<\/p>\n<p style=\"text-align: justify;\"><strong>Prensa Corpoelec<\/strong><\/p>\n<p><img loading=\"lazy\" decoding=\"async\" class=\"aligncenter wp-image-84037 size-full\" src=\"http:\/\/10.200.87.50\/mppee\/wp-content\/uploads\/2021\/05\/WhatsApp-Image-2021-05-28-at-9.52.06-PM2.jpeg\" alt=\"\" width=\"1080\" height=\"805\" srcset=\"https:\/\/mppee.gob.ve\/wp-content\/uploads\/2021\/05\/WhatsApp-Image-2021-05-28-at-9.52.06-PM2.jpeg 1080w, https:\/\/mppee.gob.ve\/wp-content\/uploads\/2021\/05\/WhatsApp-Image-2021-05-28-at-9.52.06-PM2-300x224.jpeg 300w, https:\/\/mppee.gob.ve\/wp-content\/uploads\/2021\/05\/WhatsApp-Image-2021-05-28-at-9.52.06-PM2-1024x763.jpeg 1024w, https:\/\/mppee.gob.ve\/wp-content\/uploads\/2021\/05\/WhatsApp-Image-2021-05-28-at-9.52.06-PM2-768x572.jpeg 768w\" sizes=\"auto, (max-width: 1080px) 100vw, 1080px\" \/> <img loading=\"lazy\" decoding=\"async\" class=\"aligncenter wp-image-84036 size-full\" src=\"http:\/\/10.200.87.50\/mppee\/wp-content\/uploads\/2021\/05\/WhatsApp-Image-2021-05-28-at-9.52.06-PM1.jpeg\" alt=\"\" width=\"1080\" height=\"743\" srcset=\"https:\/\/mppee.gob.ve\/wp-content\/uploads\/2021\/05\/WhatsApp-Image-2021-05-28-at-9.52.06-PM1.jpeg 1080w, https:\/\/mppee.gob.ve\/wp-content\/uploads\/2021\/05\/WhatsApp-Image-2021-05-28-at-9.52.06-PM1-300x206.jpeg 300w, https:\/\/mppee.gob.ve\/wp-content\/uploads\/2021\/05\/WhatsApp-Image-2021-05-28-at-9.52.06-PM1-1024x704.jpeg 1024w, https:\/\/mppee.gob.ve\/wp-content\/uploads\/2021\/05\/WhatsApp-Image-2021-05-28-at-9.52.06-PM1-768x528.jpeg 768w, https:\/\/mppee.gob.ve\/wp-content\/uploads\/2021\/05\/WhatsApp-Image-2021-05-28-at-9.52.06-PM1-130x90.jpeg 130w\" sizes=\"auto, (max-width: 1080px) 100vw, 1080px\" \/> <img loading=\"lazy\" decoding=\"async\" class=\"aligncenter wp-image-84035 size-full\" src=\"http:\/\/10.200.87.50\/mppee\/wp-content\/uploads\/2021\/05\/WhatsApp-Image-2021-05-28-at-9.52.05-PM.jpeg\" alt=\"\" width=\"912\" height=\"608\" srcset=\"https:\/\/mppee.gob.ve\/wp-content\/uploads\/2021\/05\/WhatsApp-Image-2021-05-28-at-9.52.05-PM.jpeg 912w, https:\/\/mppee.gob.ve\/wp-content\/uploads\/2021\/05\/WhatsApp-Image-2021-05-28-at-9.52.05-PM-300x200.jpeg 300w, https:\/\/mppee.gob.ve\/wp-content\/uploads\/2021\/05\/WhatsApp-Image-2021-05-28-at-9.52.05-PM-768x512.jpeg 768w\" sizes=\"auto, (max-width: 912px) 100vw, 912px\" \/><\/p>\n","protected":false},"excerpt":{"rendered":"<p>Este viernes, desde el complejo urban\u00edstico Sim\u00f3n Bol\u00edvar, en Ciudad Tiuna, Caracas, el vicepresidente Sectorial de Obras P\u00fablicas y Servicios,<\/p>\n","protected":false},"author":12,"featured_media":84038,"comment_status":"open","ping_status":"open","sticky":false,"template":"","format":"standard","meta":{"footnotes":""},"categories":[15],"tags":[11],"class_list":["post-84034","post","type-post","status-publish","format-standard","has-post-thumbnail","hentry","category-nacionales","tag-mppee"],"_links":{"self":[{"href":"https:\/\/mppee.gob.ve\/index.php?rest_route=\/wp\/v2\/posts\/84034","targetHints":{"allow":["GET"]}}],"collection":[{"href":"https:\/\/mppee.gob.ve\/index.php?rest_route=\/wp\/v2\/posts"}],"about":[{"href":"https:\/\/mppee.gob.ve\/index.php?rest_route=\/wp\/v2\/types\/post"}],"author":[{"embeddable":true,"href":"https:\/\/mppee.gob.ve\/index.php?rest_route=\/wp\/v2\/users\/12"}],"replies":[{"embeddable":true,"href":"https:\/\/mppee.gob.ve\/index.php?rest_route=%2Fwp%2Fv2%2Fcomments&post=84034"}],"version-history":[{"count":1,"href":"https:\/\/mppee.gob.ve\/index.php?rest_route=\/wp\/v2\/posts\/84034\/revisions"}],"predecessor-version":[{"id":84042,"href":"https:\/\/mppee.gob.ve\/index.php?rest_route=\/wp\/v2\/posts\/84034\/revisions\/84042"}],"wp:featuredmedia":[{"embeddable":true,"href":"https:\/\/mppee.gob.ve\/index.php?rest_route=\/wp\/v2\/media\/84038"}],"wp:attachment":[{"href":"https:\/\/mppee.gob.ve\/index.php?rest_route=%2Fwp%2Fv2%2Fmedia&parent=84034"}],"wp:term":[{"taxonomy":"category","embeddable":true,"href":"https:\/\/mppee.gob.ve\/index.php?rest_route=%2Fwp%2Fv2%2Fcategories&post=84034"},{"taxonomy":"post_tag","embeddable":true,"href":"https:\/\/mppee.gob.ve\/index.php?rest_route=%2Fwp%2Fv2%2Ftags&post=84034"}],"curies":[{"name":"wp","href":"https:\/\/api.w.org\/{rel}","templated":true}]}}