{"id":84043,"date":"2021-05-30T13:57:00","date_gmt":"2021-05-30T13:57:00","guid":{"rendered":"http:\/\/10.200.87.50\/mppee\/?p=84043"},"modified":"2021-05-31T16:37:31","modified_gmt":"2021-05-31T16:37:31","slug":"fuerza-trabajadora-de-corpoelec-recupera-alumbrado-publico-en-la-pastora","status":"publish","type":"post","link":"https:\/\/mppee.gob.ve\/?p=84043","title":{"rendered":"Fuerza trabajadora de Corpoelec recupera alumbrado p\u00fablico en La Pastora"},"content":{"rendered":"<p style=\"text-align: justify;\"><img loading=\"lazy\" decoding=\"async\" class=\"size-medium wp-image-84048 alignleft\" src=\"http:\/\/10.200.87.50\/mppee\/wp-content\/uploads\/2021\/05\/WhatsApp-Image-2021-05-30-at-8.56.12-AM2-300x200.jpeg\" alt=\"\" width=\"300\" height=\"200\" srcset=\"https:\/\/mppee.gob.ve\/wp-content\/uploads\/2021\/05\/WhatsApp-Image-2021-05-30-at-8.56.12-AM2-300x200.jpeg 300w, https:\/\/mppee.gob.ve\/wp-content\/uploads\/2021\/05\/WhatsApp-Image-2021-05-30-at-8.56.12-AM2-768x512.jpeg 768w, https:\/\/mppee.gob.ve\/wp-content\/uploads\/2021\/05\/WhatsApp-Image-2021-05-30-at-8.56.12-AM2.jpeg 912w\" sizes=\"auto, (max-width: 300px) 100vw, 300px\" \/>Un total de 700 luminarias tipo LED fueron sustituidas en la parroquia La Pastora de Caracas como parte del Plan Caracas Patriota, Bella y Segura, as\u00ed los inform\u00f3 el vicepresidente Sectorial de Obras P\u00fablicas y Servicios, G\/J N\u00e9stor Reverol.<\/p>\n<p style=\"text-align: justify;\">A trav\u00e9s de su cuenta en la red social Instagran, el tambi\u00e9n Ministro del Poder Popular para la Energ\u00eda El\u00e9ctrica, acot\u00f3 que estos trabajos se ejecutan para contribuir con el embellecimiento y recuperaci\u00f3n de los espacios p\u00fablicos de la regi\u00f3n capital tal como instruy\u00f3 el presidente de la Rep\u00fablica Bolivariana de Venezuela, Nicol\u00e1s Maduro.<\/p>\n<p style=\"text-align: justify;\"><strong><img loading=\"lazy\" decoding=\"async\" class=\"size-medium wp-image-84047 alignright\" src=\"http:\/\/10.200.87.50\/mppee\/wp-content\/uploads\/2021\/05\/WhatsApp-Image-2021-05-30-at-8.56.12-AM1-300x200.jpeg\" alt=\"\" width=\"300\" height=\"200\" srcset=\"https:\/\/mppee.gob.ve\/wp-content\/uploads\/2021\/05\/WhatsApp-Image-2021-05-30-at-8.56.12-AM1-300x200.jpeg 300w, https:\/\/mppee.gob.ve\/wp-content\/uploads\/2021\/05\/WhatsApp-Image-2021-05-30-at-8.56.12-AM1-768x512.jpeg 768w, https:\/\/mppee.gob.ve\/wp-content\/uploads\/2021\/05\/WhatsApp-Image-2021-05-30-at-8.56.12-AM1.jpeg 912w\" sizes=\"auto, (max-width: 300px) 100vw, 300px\" \/>\u201cEstas nuevas l\u00e1mparas de tecnolog\u00eda LED, garantizar\u00e1n la seguridad integral y un \u00f3ptimo servicio de alumbrado p\u00fablico en las calles, avenidas y plazas de esta tradicional parroquia caraque\u00f1a\u201d<\/strong>, apunt\u00f3 el ministro Reverol.<\/p>\n<p style=\"text-align: justify;\">El Plan Caracas Patriota, Bella y Segura tiene como objetivo acondicionar la capital del pa\u00eds para conmemorar y festejar, con diversos actos, el bicentenario de la Batalla de Carabobo y la entrada triunfal de Sim\u00f3n Bol\u00edvar a la ciudad.<\/p>\n<p style=\"text-align: justify;\"><strong>\u201cCuidemos estos espacios, que con tanta dedicaci\u00f3n la fuerza trabajadora recupera, para el bienestar de nuestro pueblo\u201d<\/strong> finaliz\u00f3 el General en Jefe.<\/p>\n<p style=\"text-align: justify;\"><strong>Prensa Mppee<\/strong><\/p>\n<p>\u00a0<img loading=\"lazy\" decoding=\"async\" class=\"alignnone wp-image-84046 size-full\" src=\"http:\/\/10.200.87.50\/mppee\/wp-content\/uploads\/2021\/05\/WhatsApp-Image-2021-05-30-at-8.56.11-AM.jpeg\" alt=\"\" width=\"1080\" height=\"828\" srcset=\"https:\/\/mppee.gob.ve\/wp-content\/uploads\/2021\/05\/WhatsApp-Image-2021-05-30-at-8.56.11-AM.jpeg 1080w, https:\/\/mppee.gob.ve\/wp-content\/uploads\/2021\/05\/WhatsApp-Image-2021-05-30-at-8.56.11-AM-300x230.jpeg 300w, https:\/\/mppee.gob.ve\/wp-content\/uploads\/2021\/05\/WhatsApp-Image-2021-05-30-at-8.56.11-AM-1024x785.jpeg 1024w, https:\/\/mppee.gob.ve\/wp-content\/uploads\/2021\/05\/WhatsApp-Image-2021-05-30-at-8.56.11-AM-768x589.jpeg 768w\" sizes=\"auto, (max-width: 1080px) 100vw, 1080px\" \/><img loading=\"lazy\" decoding=\"async\" class=\"alignnone wp-image-84045 size-full\" src=\"http:\/\/10.200.87.50\/mppee\/wp-content\/uploads\/2021\/05\/WhatsApp-Image-2021-05-30-at-8.56.11-AM2.jpeg\" alt=\"\" width=\"1080\" height=\"803\" srcset=\"https:\/\/mppee.gob.ve\/wp-content\/uploads\/2021\/05\/WhatsApp-Image-2021-05-30-at-8.56.11-AM2.jpeg 1080w, https:\/\/mppee.gob.ve\/wp-content\/uploads\/2021\/05\/WhatsApp-Image-2021-05-30-at-8.56.11-AM2-300x223.jpeg 300w, https:\/\/mppee.gob.ve\/wp-content\/uploads\/2021\/05\/WhatsApp-Image-2021-05-30-at-8.56.11-AM2-1024x761.jpeg 1024w, https:\/\/mppee.gob.ve\/wp-content\/uploads\/2021\/05\/WhatsApp-Image-2021-05-30-at-8.56.11-AM2-768x571.jpeg 768w\" sizes=\"auto, (max-width: 1080px) 100vw, 1080px\" \/><img loading=\"lazy\" decoding=\"async\" class=\"alignnone wp-image-84044 size-full\" src=\"http:\/\/10.200.87.50\/mppee\/wp-content\/uploads\/2021\/05\/WhatsApp-Image-2021-05-30-at-8.56.11-AM1.jpeg\" alt=\"\" width=\"1080\" height=\"770\" srcset=\"https:\/\/mppee.gob.ve\/wp-content\/uploads\/2021\/05\/WhatsApp-Image-2021-05-30-at-8.56.11-AM1.jpeg 1080w, https:\/\/mppee.gob.ve\/wp-content\/uploads\/2021\/05\/WhatsApp-Image-2021-05-30-at-8.56.11-AM1-300x214.jpeg 300w, https:\/\/mppee.gob.ve\/wp-content\/uploads\/2021\/05\/WhatsApp-Image-2021-05-30-at-8.56.11-AM1-1024x730.jpeg 1024w, https:\/\/mppee.gob.ve\/wp-content\/uploads\/2021\/05\/WhatsApp-Image-2021-05-30-at-8.56.11-AM1-768x548.jpeg 768w\" sizes=\"auto, (max-width: 1080px) 100vw, 1080px\" \/><\/p>\n","protected":false},"excerpt":{"rendered":"<p>Un total de 700 luminarias tipo LED fueron sustituidas en la parroquia La Pastora de Caracas como parte del Plan<\/p>\n","protected":false},"author":12,"featured_media":84049,"comment_status":"open","ping_status":"open","sticky":false,"template":"","format":"standard","meta":{"footnotes":""},"categories":[15],"tags":[11],"class_list":["post-84043","post","type-post","status-publish","format-standard","has-post-thumbnail","hentry","category-nacionales","tag-mppee"],"_links":{"self":[{"href":"https:\/\/mppee.gob.ve\/index.php?rest_route=\/wp\/v2\/posts\/84043","targetHints":{"allow":["GET"]}}],"collection":[{"href":"https:\/\/mppee.gob.ve\/index.php?rest_route=\/wp\/v2\/posts"}],"about":[{"href":"https:\/\/mppee.gob.ve\/index.php?rest_route=\/wp\/v2\/types\/post"}],"author":[{"embeddable":true,"href":"https:\/\/mppee.gob.ve\/index.php?rest_route=\/wp\/v2\/users\/12"}],"replies":[{"embeddable":true,"href":"https:\/\/mppee.gob.ve\/index.php?rest_route=%2Fwp%2Fv2%2Fcomments&post=84043"}],"version-history":[{"count":1,"href":"https:\/\/mppee.gob.ve\/index.php?rest_route=\/wp\/v2\/posts\/84043\/revisions"}],"predecessor-version":[{"id":84050,"href":"https:\/\/mppee.gob.ve\/index.php?rest_route=\/wp\/v2\/posts\/84043\/revisions\/84050"}],"wp:featuredmedia":[{"embeddable":true,"href":"https:\/\/mppee.gob.ve\/index.php?rest_route=\/wp\/v2\/media\/84049"}],"wp:attachment":[{"href":"https:\/\/mppee.gob.ve\/index.php?rest_route=%2Fwp%2Fv2%2Fmedia&parent=84043"}],"wp:term":[{"taxonomy":"category","embeddable":true,"href":"https:\/\/mppee.gob.ve\/index.php?rest_route=%2Fwp%2Fv2%2Fcategories&post=84043"},{"taxonomy":"post_tag","embeddable":true,"href":"https:\/\/mppee.gob.ve\/index.php?rest_route=%2Fwp%2Fv2%2Ftags&post=84043"}],"curies":[{"name":"wp","href":"https:\/\/api.w.org\/{rel}","templated":true}]}}