{"id":84051,"date":"2021-05-30T16:37:39","date_gmt":"2021-05-30T16:37:39","guid":{"rendered":"http:\/\/10.200.87.50\/mppee\/?p=84051"},"modified":"2021-05-31T16:44:13","modified_gmt":"2021-05-31T16:44:13","slug":"instalan-primer-sistema-fotovoltaico-en-venezuela","status":"publish","type":"post","link":"https:\/\/mppee.gob.ve\/?p=84051","title":{"rendered":"Instalan primer sistema fotovoltaico en Venezuela"},"content":{"rendered":"<p style=\"text-align: justify;\"><img loading=\"lazy\" decoding=\"async\" class=\"size-medium wp-image-84054 alignleft\" src=\"http:\/\/10.200.87.50\/mppee\/wp-content\/uploads\/2021\/05\/WhatsApp-Image-2021-05-30-at-2.38.39-PM-300x225.jpeg\" alt=\"\" width=\"300\" height=\"225\" srcset=\"https:\/\/mppee.gob.ve\/wp-content\/uploads\/2021\/05\/WhatsApp-Image-2021-05-30-at-2.38.39-PM-300x225.jpeg 300w, https:\/\/mppee.gob.ve\/wp-content\/uploads\/2021\/05\/WhatsApp-Image-2021-05-30-at-2.38.39-PM-1024x767.jpeg 1024w, https:\/\/mppee.gob.ve\/wp-content\/uploads\/2021\/05\/WhatsApp-Image-2021-05-30-at-2.38.39-PM-768x575.jpeg 768w, https:\/\/mppee.gob.ve\/wp-content\/uploads\/2021\/05\/WhatsApp-Image-2021-05-30-at-2.38.39-PM.jpeg 1080w\" sizes=\"auto, (max-width: 300px) 100vw, 300px\" \/>El ministro del Poder Popular para la Energ\u00eda El\u00e9ctrica, G\/J N\u00e9stor Luis Reverol Torres, inform\u00f3 que fue instalado el primer sistema fotovoltaico en el pa\u00eds, ubicado en el estado Gu\u00e1rico, como parte de las acciones que desarrollan los trabajadores y trabajadoras de la Corporaci\u00f3n El\u00e9ctrica Nacional S.A (Corpoelec), para la protecci\u00f3n del servicio el\u00e9ctrico.<\/p>\n<p style=\"text-align: justify;\">A trav\u00e9s de una publicaci\u00f3n, en su cuenta en la red social Instagram, @reverolnestor detall\u00f3 que, <strong>\u00abestos paneles solares hechos con ingenier\u00eda 100% venezolana, fortalecen la continuidad del servicio el\u00e9ctrico y demuestra el compromiso del Gobierno del presidente Nicol\u00e1s Maduro, en cumplir con los Objetivos de Desarrollo Sostenible establecidos por la Organizaci\u00f3n de Naciones Unidas (ONU) de desarrollar fuentes renovables de energ\u00eda\u00bb.<\/strong><\/p>\n<p style=\"text-align: justify;\"><img loading=\"lazy\" decoding=\"async\" class=\"size-medium wp-image-84053 alignright\" src=\"http:\/\/10.200.87.50\/mppee\/wp-content\/uploads\/2021\/05\/WhatsApp-Image-2021-05-30-at-2.38.39-PM2-300x225.jpeg\" alt=\"\" width=\"300\" height=\"225\" srcset=\"https:\/\/mppee.gob.ve\/wp-content\/uploads\/2021\/05\/WhatsApp-Image-2021-05-30-at-2.38.39-PM2-300x225.jpeg 300w, https:\/\/mppee.gob.ve\/wp-content\/uploads\/2021\/05\/WhatsApp-Image-2021-05-30-at-2.38.39-PM2-1024x767.jpeg 1024w, https:\/\/mppee.gob.ve\/wp-content\/uploads\/2021\/05\/WhatsApp-Image-2021-05-30-at-2.38.39-PM2-768x575.jpeg 768w, https:\/\/mppee.gob.ve\/wp-content\/uploads\/2021\/05\/WhatsApp-Image-2021-05-30-at-2.38.39-PM2.jpeg 1080w\" sizes=\"auto, (max-width: 300px) 100vw, 300px\" \/>El General en Jefe, felicit\u00f3 a la fuerza trabajadora qu\u00e9 con este proyecto, da muestra de la inventiva y compromiso que poseen, para garantizar la estabilizaci\u00f3n y confiabilidad del Sistema El\u00e9ctrico Nacional (SEN).<\/p>\n<p style=\"text-align: justify;\"><em><strong>Energ\u00eda renovable<\/strong><\/em><\/p>\n<p style=\"text-align: justify;\">Este sistema fue construido en la Subestaci\u00f3n Sombrero II y cumplir\u00e1 la funci\u00f3n de generar energ\u00eda el\u00e9ctrica, para alimentar los equipos de redes de transporte de banda ancha de manera continua y as\u00ed garantizar ante cualquier evento, el funcionamiento del sistema de voz y datos necesarios, para realizar las operaciones del Sistema El\u00e9ctrico Nacional (SEN).<\/p>\n<p style=\"text-align: justify;\"><img loading=\"lazy\" decoding=\"async\" class=\"size-medium wp-image-84055 alignleft\" src=\"http:\/\/10.200.87.50\/mppee\/wp-content\/uploads\/2021\/05\/WhatsApp-Image-2021-05-30-at-2.38.40-PM1-300x225.jpeg\" alt=\"\" width=\"300\" height=\"225\" srcset=\"https:\/\/mppee.gob.ve\/wp-content\/uploads\/2021\/05\/WhatsApp-Image-2021-05-30-at-2.38.40-PM1-300x225.jpeg 300w, https:\/\/mppee.gob.ve\/wp-content\/uploads\/2021\/05\/WhatsApp-Image-2021-05-30-at-2.38.40-PM1-1024x767.jpeg 1024w, https:\/\/mppee.gob.ve\/wp-content\/uploads\/2021\/05\/WhatsApp-Image-2021-05-30-at-2.38.40-PM1-768x575.jpeg 768w, https:\/\/mppee.gob.ve\/wp-content\/uploads\/2021\/05\/WhatsApp-Image-2021-05-30-at-2.38.40-PM1.jpeg 1080w\" sizes=\"auto, (max-width: 300px) 100vw, 300px\" \/>Esta inventiva consiste en convertir la energ\u00eda solar en energ\u00eda el\u00e9ctrica, limpia y renovable. Es calificada como limpia porque al generarla no implica ning\u00fan agente contaminante y es renovable porque su fuente, el sol es inagotable.<\/p>\n<p style=\"text-align: justify;\">Infraestructuras como \u00e9stas forman parte del quinto objetivo hist\u00f3rico del Plan de la Patria, legado del L\u00edder de la Revoluci\u00f3n Bolivariana, Hugo Ch\u00e1vez, como lo es generar acciones que ayuden al desarrollo sostenible de la humanidad y dar el ejemplo para crear una cultura de educaci\u00f3n energ\u00e9tica que apunte al desarrollo de nuevas tecnolog\u00edas, eficientes y en armon\u00eda con el ambiente, as\u00ed como el de preservar la vida en el planeta.<\/p>\n<p style=\"text-align: justify;\"><strong>Prensa Mppee<\/strong><\/p>\n<p><img loading=\"lazy\" decoding=\"async\" class=\"aligncenter wp-image-84052 size-full\" src=\"http:\/\/10.200.87.50\/mppee\/wp-content\/uploads\/2021\/05\/WhatsApp-Image-2021-05-30-at-2.38.39-PM1.jpeg\" alt=\"\" width=\"1080\" height=\"810\" srcset=\"https:\/\/mppee.gob.ve\/wp-content\/uploads\/2021\/05\/WhatsApp-Image-2021-05-30-at-2.38.39-PM1.jpeg 1080w, https:\/\/mppee.gob.ve\/wp-content\/uploads\/2021\/05\/WhatsApp-Image-2021-05-30-at-2.38.39-PM1-300x225.jpeg 300w, https:\/\/mppee.gob.ve\/wp-content\/uploads\/2021\/05\/WhatsApp-Image-2021-05-30-at-2.38.39-PM1-1024x768.jpeg 1024w, https:\/\/mppee.gob.ve\/wp-content\/uploads\/2021\/05\/WhatsApp-Image-2021-05-30-at-2.38.39-PM1-768x576.jpeg 768w\" sizes=\"auto, (max-width: 1080px) 100vw, 1080px\" \/><\/p>\n","protected":false},"excerpt":{"rendered":"<p>El ministro del Poder Popular para la Energ\u00eda El\u00e9ctrica, G\/J N\u00e9stor Luis Reverol Torres, inform\u00f3 que fue instalado el primer<\/p>\n","protected":false},"author":12,"featured_media":84056,"comment_status":"open","ping_status":"open","sticky":false,"template":"","format":"standard","meta":{"footnotes":""},"categories":[15],"tags":[11],"class_list":["post-84051","post","type-post","status-publish","format-standard","has-post-thumbnail","hentry","category-nacionales","tag-mppee"],"_links":{"self":[{"href":"https:\/\/mppee.gob.ve\/index.php?rest_route=\/wp\/v2\/posts\/84051","targetHints":{"allow":["GET"]}}],"collection":[{"href":"https:\/\/mppee.gob.ve\/index.php?rest_route=\/wp\/v2\/posts"}],"about":[{"href":"https:\/\/mppee.gob.ve\/index.php?rest_route=\/wp\/v2\/types\/post"}],"author":[{"embeddable":true,"href":"https:\/\/mppee.gob.ve\/index.php?rest_route=\/wp\/v2\/users\/12"}],"replies":[{"embeddable":true,"href":"https:\/\/mppee.gob.ve\/index.php?rest_route=%2Fwp%2Fv2%2Fcomments&post=84051"}],"version-history":[{"count":1,"href":"https:\/\/mppee.gob.ve\/index.php?rest_route=\/wp\/v2\/posts\/84051\/revisions"}],"predecessor-version":[{"id":84057,"href":"https:\/\/mppee.gob.ve\/index.php?rest_route=\/wp\/v2\/posts\/84051\/revisions\/84057"}],"wp:featuredmedia":[{"embeddable":true,"href":"https:\/\/mppee.gob.ve\/index.php?rest_route=\/wp\/v2\/media\/84056"}],"wp:attachment":[{"href":"https:\/\/mppee.gob.ve\/index.php?rest_route=%2Fwp%2Fv2%2Fmedia&parent=84051"}],"wp:term":[{"taxonomy":"category","embeddable":true,"href":"https:\/\/mppee.gob.ve\/index.php?rest_route=%2Fwp%2Fv2%2Fcategories&post=84051"},{"taxonomy":"post_tag","embeddable":true,"href":"https:\/\/mppee.gob.ve\/index.php?rest_route=%2Fwp%2Fv2%2Ftags&post=84051"}],"curies":[{"name":"wp","href":"https:\/\/api.w.org\/{rel}","templated":true}]}}