{"id":84086,"date":"2021-06-01T12:36:45","date_gmt":"2021-06-01T12:36:45","guid":{"rendered":"http:\/\/10.200.87.50\/mppee\/?p=84086"},"modified":"2021-06-02T12:43:33","modified_gmt":"2021-06-02T12:43:33","slug":"recuperan-subestaciones-electricas-para-fortalecer-la-produccion-de-gas-en-el-pais","status":"publish","type":"post","link":"https:\/\/mppee.gob.ve\/?p=84086","title":{"rendered":"Recuperan subestaciones el\u00e9ctricas para fortalecer la producci\u00f3n de gas en el pa\u00eds"},"content":{"rendered":"<p style=\"text-align: justify;\"><img loading=\"lazy\" decoding=\"async\" class=\"size-medium wp-image-84091 alignleft\" src=\"http:\/\/10.200.87.50\/mppee\/wp-content\/uploads\/2021\/06\/WhatsApp-Image-2021-06-01-at-9.00.00-PM-300x229.jpeg\" alt=\"\" width=\"300\" height=\"229\" srcset=\"https:\/\/mppee.gob.ve\/wp-content\/uploads\/2021\/06\/WhatsApp-Image-2021-06-01-at-9.00.00-PM-300x229.jpeg 300w, https:\/\/mppee.gob.ve\/wp-content\/uploads\/2021\/06\/WhatsApp-Image-2021-06-01-at-9.00.00-PM-1024x783.jpeg 1024w, https:\/\/mppee.gob.ve\/wp-content\/uploads\/2021\/06\/WhatsApp-Image-2021-06-01-at-9.00.00-PM-768x587.jpeg 768w, https:\/\/mppee.gob.ve\/wp-content\/uploads\/2021\/06\/WhatsApp-Image-2021-06-01-at-9.00.00-PM.jpeg 1080w\" sizes=\"auto, (max-width: 300px) 100vw, 300px\" \/>Este martes, el vicepresidente Sectorial de Obras P\u00fablicas y Servicios, G\/J N\u00e9stor Reverol, anunci\u00f3 la recuperaci\u00f3n de las subestaciones el\u00e9ctricas, ubicadas en el oriente del pa\u00eds, con el fin de fortalecer la producci\u00f3n de gas natural en el territorio nacional.<\/p>\n<p style=\"text-align: justify;\">As\u00ed lo destac\u00f3 a trav\u00e9s de su cuenta en la red social Instagram @reverolnestor, donde enfatiz\u00f3 que en cumplimiento a las instrucciones del presidente de la Rep\u00fablica, Nicol\u00e1s Maduro, <strong>\u201cejecutaremos acciones de acondicionamiento f\u00edsico, seguridad, mantenimiento de los sistemas de transmisi\u00f3n y distribuci\u00f3n\u201d.<\/strong><\/p>\n<p style=\"text-align: justify;\"><img loading=\"lazy\" decoding=\"async\" class=\"size-medium wp-image-84092 alignright\" src=\"http:\/\/10.200.87.50\/mppee\/wp-content\/uploads\/2021\/06\/WhatsApp-Image-2021-06-01-at-9.00.01-PM-300x200.jpeg\" alt=\"\" width=\"300\" height=\"200\" srcset=\"https:\/\/mppee.gob.ve\/wp-content\/uploads\/2021\/06\/WhatsApp-Image-2021-06-01-at-9.00.01-PM-300x200.jpeg 300w, https:\/\/mppee.gob.ve\/wp-content\/uploads\/2021\/06\/WhatsApp-Image-2021-06-01-at-9.00.01-PM-768x512.jpeg 768w, https:\/\/mppee.gob.ve\/wp-content\/uploads\/2021\/06\/WhatsApp-Image-2021-06-01-at-9.00.01-PM.jpeg 912w\" sizes=\"auto, (max-width: 300px) 100vw, 300px\" \/>En este encuentro participaron representantes de la Direcci\u00f3n Ejecutiva de Sistemas El\u00e9ctricos de Pdvsa y los gerentes generales de la Corporaci\u00f3n El\u00e9ctrica Nacional (Corpoelec), a fin de garantizar la estabilidad y confiabilidad de los servicios.<\/p>\n<p style=\"text-align: justify;\">El tambi\u00e9n Ministro del Poder Popular para la Energ\u00eda El\u00e9ctrica, destac\u00f3 que, <strong>\u201cestableceremos las alianzas necesarias para consolidar la estabilizaci\u00f3n y confiabilidad de nuestros sistemas en el territorio nacional\u201d.<\/strong><\/p>\n<p style=\"text-align: justify;\">Es importante mencionar, que en d\u00edas recientes el General en Jefe se reuni\u00f3 con representantes del sector gas\u00edfero de Pdvsa, con la finalidad de garantizar el abastecimiento de este importante servicio.<\/p>\n<p style=\"text-align: justify;\"><strong>Prensa Corpoelec<\/strong><\/p>\n<p><img loading=\"lazy\" decoding=\"async\" class=\"aligncenter wp-image-84090 size-full\" src=\"http:\/\/10.200.87.50\/mppee\/wp-content\/uploads\/2021\/06\/WhatsApp-Image-2021-06-01-at-9.00.00-PM4.jpeg\" alt=\"\" width=\"1080\" height=\"784\" srcset=\"https:\/\/mppee.gob.ve\/wp-content\/uploads\/2021\/06\/WhatsApp-Image-2021-06-01-at-9.00.00-PM4.jpeg 1080w, https:\/\/mppee.gob.ve\/wp-content\/uploads\/2021\/06\/WhatsApp-Image-2021-06-01-at-9.00.00-PM4-300x218.jpeg 300w, https:\/\/mppee.gob.ve\/wp-content\/uploads\/2021\/06\/WhatsApp-Image-2021-06-01-at-9.00.00-PM4-1024x743.jpeg 1024w, https:\/\/mppee.gob.ve\/wp-content\/uploads\/2021\/06\/WhatsApp-Image-2021-06-01-at-9.00.00-PM4-768x558.jpeg 768w\" sizes=\"auto, (max-width: 1080px) 100vw, 1080px\" \/> <img loading=\"lazy\" decoding=\"async\" class=\"alignnone wp-image-84088 size-full\" src=\"http:\/\/10.200.87.50\/mppee\/wp-content\/uploads\/2021\/06\/WhatsApp-Image-2021-06-01-at-9.00.00-PM2.jpeg\" alt=\"\" width=\"912\" height=\"608\" srcset=\"https:\/\/mppee.gob.ve\/wp-content\/uploads\/2021\/06\/WhatsApp-Image-2021-06-01-at-9.00.00-PM2.jpeg 912w, https:\/\/mppee.gob.ve\/wp-content\/uploads\/2021\/06\/WhatsApp-Image-2021-06-01-at-9.00.00-PM2-300x200.jpeg 300w, https:\/\/mppee.gob.ve\/wp-content\/uploads\/2021\/06\/WhatsApp-Image-2021-06-01-at-9.00.00-PM2-768x512.jpeg 768w\" sizes=\"auto, (max-width: 912px) 100vw, 912px\" \/> <img loading=\"lazy\" decoding=\"async\" class=\"alignnone wp-image-84087 size-full\" src=\"http:\/\/10.200.87.50\/mppee\/wp-content\/uploads\/2021\/06\/WhatsApp-Image-2021-06-01-at-9.00.00-PM1.jpeg\" alt=\"\" width=\"912\" height=\"608\" srcset=\"https:\/\/mppee.gob.ve\/wp-content\/uploads\/2021\/06\/WhatsApp-Image-2021-06-01-at-9.00.00-PM1.jpeg 912w, https:\/\/mppee.gob.ve\/wp-content\/uploads\/2021\/06\/WhatsApp-Image-2021-06-01-at-9.00.00-PM1-300x200.jpeg 300w, https:\/\/mppee.gob.ve\/wp-content\/uploads\/2021\/06\/WhatsApp-Image-2021-06-01-at-9.00.00-PM1-768x512.jpeg 768w\" sizes=\"auto, (max-width: 912px) 100vw, 912px\" \/><\/p>\n","protected":false},"excerpt":{"rendered":"<p>Este martes, el vicepresidente Sectorial de Obras P\u00fablicas y Servicios, G\/J N\u00e9stor Reverol, anunci\u00f3 la recuperaci\u00f3n de las subestaciones el\u00e9ctricas,<\/p>\n","protected":false},"author":12,"featured_media":84088,"comment_status":"open","ping_status":"open","sticky":false,"template":"","format":"standard","meta":{"footnotes":""},"categories":[15],"tags":[11],"class_list":["post-84086","post","type-post","status-publish","format-standard","has-post-thumbnail","hentry","category-nacionales","tag-mppee"],"_links":{"self":[{"href":"https:\/\/mppee.gob.ve\/index.php?rest_route=\/wp\/v2\/posts\/84086","targetHints":{"allow":["GET"]}}],"collection":[{"href":"https:\/\/mppee.gob.ve\/index.php?rest_route=\/wp\/v2\/posts"}],"about":[{"href":"https:\/\/mppee.gob.ve\/index.php?rest_route=\/wp\/v2\/types\/post"}],"author":[{"embeddable":true,"href":"https:\/\/mppee.gob.ve\/index.php?rest_route=\/wp\/v2\/users\/12"}],"replies":[{"embeddable":true,"href":"https:\/\/mppee.gob.ve\/index.php?rest_route=%2Fwp%2Fv2%2Fcomments&post=84086"}],"version-history":[{"count":1,"href":"https:\/\/mppee.gob.ve\/index.php?rest_route=\/wp\/v2\/posts\/84086\/revisions"}],"predecessor-version":[{"id":84093,"href":"https:\/\/mppee.gob.ve\/index.php?rest_route=\/wp\/v2\/posts\/84086\/revisions\/84093"}],"wp:featuredmedia":[{"embeddable":true,"href":"https:\/\/mppee.gob.ve\/index.php?rest_route=\/wp\/v2\/media\/84088"}],"wp:attachment":[{"href":"https:\/\/mppee.gob.ve\/index.php?rest_route=%2Fwp%2Fv2%2Fmedia&parent=84086"}],"wp:term":[{"taxonomy":"category","embeddable":true,"href":"https:\/\/mppee.gob.ve\/index.php?rest_route=%2Fwp%2Fv2%2Fcategories&post=84086"},{"taxonomy":"post_tag","embeddable":true,"href":"https:\/\/mppee.gob.ve\/index.php?rest_route=%2Fwp%2Fv2%2Ftags&post=84086"}],"curies":[{"name":"wp","href":"https:\/\/api.w.org\/{rel}","templated":true}]}}