{"id":84097,"date":"2021-06-04T16:17:19","date_gmt":"2021-06-04T16:17:19","guid":{"rendered":"http:\/\/10.200.87.50\/mppee\/?p=84097"},"modified":"2021-06-18T20:00:53","modified_gmt":"2021-06-18T20:00:53","slug":"en-complejo-urbanistico-ciudad-tiuna-continua-sustitucion-de-320-luminarias","status":"publish","type":"post","link":"https:\/\/mppee.gob.ve\/?p=84097","title":{"rendered":"En Complejo Urban\u00edstico Ciudad Tiuna contin\u00faa sustituci\u00f3n de 320 luminarias"},"content":{"rendered":"<p style=\"text-align: justify;\">\n<p style=\"text-align: justify;\"><img loading=\"lazy\" decoding=\"async\" class=\"size-medium wp-image-84108 alignleft\" src=\"http:\/\/10.200.87.50\/mppee\/wp-content\/uploads\/2021\/06\/WhatsApp-Image-2021-06-04-at-10.35.40-PM-300x200.jpeg\" alt=\"\" width=\"300\" height=\"200\" srcset=\"https:\/\/mppee.gob.ve\/wp-content\/uploads\/2021\/06\/WhatsApp-Image-2021-06-04-at-10.35.40-PM-300x200.jpeg 300w, https:\/\/mppee.gob.ve\/wp-content\/uploads\/2021\/06\/WhatsApp-Image-2021-06-04-at-10.35.40-PM-1024x683.jpeg 1024w, https:\/\/mppee.gob.ve\/wp-content\/uploads\/2021\/06\/WhatsApp-Image-2021-06-04-at-10.35.40-PM-768x512.jpeg 768w, https:\/\/mppee.gob.ve\/wp-content\/uploads\/2021\/06\/WhatsApp-Image-2021-06-04-at-10.35.40-PM.jpeg 1080w\" sizes=\"auto, (max-width: 300px) 100vw, 300px\" \/>Este viernes el vicepresidente Sectorial de Obras P\u00fablicas y Servicio, G\/J N\u00e9stor Reverol, inform\u00f3 que contin\u00faa el Plan Integral de Iluminaci\u00f3n con la sustituci\u00f3n de 320 luminarias, en el sector Sim\u00f3n Rodr\u00edguez del Complejo Urban\u00edstico Ciudad Tiuna, Caracas.<\/p>\n<p style=\"text-align: justify;\">A trav\u00e9s de su cuenta en la red social Instagram @reverolnestor, se\u00f1al\u00f3 que esta jornada se lleva a cabo, <strong>\u201ctal como lo ha ordenado nuestro presidente Nicol\u00e1s Maduro, para brindar un servicio de alumbrado p\u00fablico \u00f3ptimo y de calidad\u201d.<\/strong><\/p>\n<p style=\"text-align: justify;\">El tambi\u00e9n Ministro del Poder Popular para la Energ\u00eda El\u00e9ctrica, agradeci\u00f3 a la fuerza trabajadora de Corpoelec que hasta la fecha ha instalado, <strong>\u00abun total de 734 nuevas l\u00e1mparas LED, las cuales forman parte de las 56 mil 301 colocadas en el territorio nacional, garantizando as\u00ed el bienestar de las distintas comunidades del pa\u00eds.\u00bb<\/strong><\/p>\n<p style=\"text-align: justify;\"><img loading=\"lazy\" decoding=\"async\" class=\"size-medium wp-image-84107 alignright\" src=\"http:\/\/10.200.87.50\/mppee\/wp-content\/uploads\/2021\/06\/WhatsApp-Image-2021-06-04-at-10.35.40-PM3-300x200.jpeg\" alt=\"\" width=\"300\" height=\"200\" srcset=\"https:\/\/mppee.gob.ve\/wp-content\/uploads\/2021\/06\/WhatsApp-Image-2021-06-04-at-10.35.40-PM3-300x200.jpeg 300w, https:\/\/mppee.gob.ve\/wp-content\/uploads\/2021\/06\/WhatsApp-Image-2021-06-04-at-10.35.40-PM3-1024x683.jpeg 1024w, https:\/\/mppee.gob.ve\/wp-content\/uploads\/2021\/06\/WhatsApp-Image-2021-06-04-at-10.35.40-PM3-768x512.jpeg 768w, https:\/\/mppee.gob.ve\/wp-content\/uploads\/2021\/06\/WhatsApp-Image-2021-06-04-at-10.35.40-PM3.jpeg 1080w\" sizes=\"auto, (max-width: 300px) 100vw, 300px\" \/>La instalaci\u00f3n de estas l\u00e1mparas da continuidad a las labores, que en d\u00edas pasados se iniciaron, en el sector Sim\u00f3n Bol\u00edvar de este complejo habitacional, con la sustituci\u00f3n de 414 luminarias para beneficiar a m\u00e1s de 4 mil familias que residen en el lugar.<\/p>\n<p style=\"text-align: justify;\">Finalmente, el General en Jefe resalt\u00f3 la labor de los trabajadoras y trabajadoras del sector el\u00e9ctrico, que se encuentran<strong> \u00abdesplegados para que nuestro pueblo cuente con mayor bienestar y con espacios p\u00fablicos recuperados para el buen vivir\u00bb.<\/strong><\/p>\n<p style=\"text-align: justify;\"><strong>Prensa Mppee<\/strong><\/p>\n<p><img loading=\"lazy\" decoding=\"async\" class=\"aligncenter wp-image-84106 size-full\" src=\"http:\/\/10.200.87.50\/mppee\/wp-content\/uploads\/2021\/06\/WhatsApp-Image-2021-06-04-at-10.35.40-PM2.jpeg\" alt=\"\" width=\"1080\" height=\"720\" srcset=\"https:\/\/mppee.gob.ve\/wp-content\/uploads\/2021\/06\/WhatsApp-Image-2021-06-04-at-10.35.40-PM2.jpeg 1080w, https:\/\/mppee.gob.ve\/wp-content\/uploads\/2021\/06\/WhatsApp-Image-2021-06-04-at-10.35.40-PM2-300x200.jpeg 300w, https:\/\/mppee.gob.ve\/wp-content\/uploads\/2021\/06\/WhatsApp-Image-2021-06-04-at-10.35.40-PM2-1024x683.jpeg 1024w, https:\/\/mppee.gob.ve\/wp-content\/uploads\/2021\/06\/WhatsApp-Image-2021-06-04-at-10.35.40-PM2-768x512.jpeg 768w\" sizes=\"auto, (max-width: 1080px) 100vw, 1080px\" \/><\/p>\n<p><img loading=\"lazy\" decoding=\"async\" class=\"alignnone wp-image-84105 size-full\" src=\"http:\/\/10.200.87.50\/mppee\/wp-content\/uploads\/2021\/06\/WhatsApp-Image-2021-06-04-at-10.35.40-PM1.jpeg\" alt=\"\" width=\"1080\" height=\"720\" srcset=\"https:\/\/mppee.gob.ve\/wp-content\/uploads\/2021\/06\/WhatsApp-Image-2021-06-04-at-10.35.40-PM1.jpeg 1080w, https:\/\/mppee.gob.ve\/wp-content\/uploads\/2021\/06\/WhatsApp-Image-2021-06-04-at-10.35.40-PM1-300x200.jpeg 300w, https:\/\/mppee.gob.ve\/wp-content\/uploads\/2021\/06\/WhatsApp-Image-2021-06-04-at-10.35.40-PM1-1024x683.jpeg 1024w, https:\/\/mppee.gob.ve\/wp-content\/uploads\/2021\/06\/WhatsApp-Image-2021-06-04-at-10.35.40-PM1-768x512.jpeg 768w\" sizes=\"auto, (max-width: 1080px) 100vw, 1080px\" \/><\/p>\n<p><img loading=\"lazy\" decoding=\"async\" class=\"aligncenter wp-image-84104 size-full\" src=\"http:\/\/10.200.87.50\/mppee\/wp-content\/uploads\/2021\/06\/WhatsApp-Image-2021-06-04-at-10.35.39-PM.jpeg\" alt=\"\" width=\"1080\" height=\"720\" srcset=\"https:\/\/mppee.gob.ve\/wp-content\/uploads\/2021\/06\/WhatsApp-Image-2021-06-04-at-10.35.39-PM.jpeg 1080w, https:\/\/mppee.gob.ve\/wp-content\/uploads\/2021\/06\/WhatsApp-Image-2021-06-04-at-10.35.39-PM-300x200.jpeg 300w, https:\/\/mppee.gob.ve\/wp-content\/uploads\/2021\/06\/WhatsApp-Image-2021-06-04-at-10.35.39-PM-1024x683.jpeg 1024w, https:\/\/mppee.gob.ve\/wp-content\/uploads\/2021\/06\/WhatsApp-Image-2021-06-04-at-10.35.39-PM-768x512.jpeg 768w\" sizes=\"auto, (max-width: 1080px) 100vw, 1080px\" \/><\/p>\n","protected":false},"excerpt":{"rendered":"<p>Este viernes el vicepresidente Sectorial de Obras P\u00fablicas y Servicio, G\/J N\u00e9stor Reverol, inform\u00f3 que contin\u00faa el Plan Integral de<\/p>\n","protected":false},"author":12,"featured_media":84099,"comment_status":"open","ping_status":"open","sticky":false,"template":"","format":"standard","meta":{"footnotes":""},"categories":[30],"tags":[111,11],"class_list":["post-84097","post","type-post","status-publish","format-standard","has-post-thumbnail","hentry","category-regionales","tag-caracas","tag-mppee"],"_links":{"self":[{"href":"https:\/\/mppee.gob.ve\/index.php?rest_route=\/wp\/v2\/posts\/84097","targetHints":{"allow":["GET"]}}],"collection":[{"href":"https:\/\/mppee.gob.ve\/index.php?rest_route=\/wp\/v2\/posts"}],"about":[{"href":"https:\/\/mppee.gob.ve\/index.php?rest_route=\/wp\/v2\/types\/post"}],"author":[{"embeddable":true,"href":"https:\/\/mppee.gob.ve\/index.php?rest_route=\/wp\/v2\/users\/12"}],"replies":[{"embeddable":true,"href":"https:\/\/mppee.gob.ve\/index.php?rest_route=%2Fwp%2Fv2%2Fcomments&post=84097"}],"version-history":[{"count":2,"href":"https:\/\/mppee.gob.ve\/index.php?rest_route=\/wp\/v2\/posts\/84097\/revisions"}],"predecessor-version":[{"id":84256,"href":"https:\/\/mppee.gob.ve\/index.php?rest_route=\/wp\/v2\/posts\/84097\/revisions\/84256"}],"wp:featuredmedia":[{"embeddable":true,"href":"https:\/\/mppee.gob.ve\/index.php?rest_route=\/wp\/v2\/media\/84099"}],"wp:attachment":[{"href":"https:\/\/mppee.gob.ve\/index.php?rest_route=%2Fwp%2Fv2%2Fmedia&parent=84097"}],"wp:term":[{"taxonomy":"category","embeddable":true,"href":"https:\/\/mppee.gob.ve\/index.php?rest_route=%2Fwp%2Fv2%2Fcategories&post=84097"},{"taxonomy":"post_tag","embeddable":true,"href":"https:\/\/mppee.gob.ve\/index.php?rest_route=%2Fwp%2Fv2%2Ftags&post=84097"}],"curies":[{"name":"wp","href":"https:\/\/api.w.org\/{rel}","templated":true}]}}