{"id":84110,"date":"2021-06-05T17:12:00","date_gmt":"2021-06-05T17:12:00","guid":{"rendered":"http:\/\/10.200.87.50\/mppee\/?p=84110"},"modified":"2021-06-18T20:00:24","modified_gmt":"2021-06-18T20:00:24","slug":"inician-proyecto-de-electrificacion-de-la-comuna-17-voces-de-ezequiel-zamora-en-antimano","status":"publish","type":"post","link":"https:\/\/mppee.gob.ve\/?p=84110","title":{"rendered":"Inician proyecto de electrificaci\u00f3n de la comuna \u00ab17 Voces de Ezequiel Zamora\u00bb en Ant\u00edmano"},"content":{"rendered":"<p style=\"text-align: justify;\"><img loading=\"lazy\" decoding=\"async\" class=\"size-medium wp-image-84116 alignleft\" src=\"http:\/\/10.200.87.50\/mppee\/wp-content\/uploads\/2021\/06\/WhatsApp-Image-2021-06-05-at-6.37.01-PM-300x200.jpeg\" alt=\"\" width=\"300\" height=\"200\" srcset=\"https:\/\/mppee.gob.ve\/wp-content\/uploads\/2021\/06\/WhatsApp-Image-2021-06-05-at-6.37.01-PM-300x200.jpeg 300w, https:\/\/mppee.gob.ve\/wp-content\/uploads\/2021\/06\/WhatsApp-Image-2021-06-05-at-6.37.01-PM-1024x683.jpeg 1024w, https:\/\/mppee.gob.ve\/wp-content\/uploads\/2021\/06\/WhatsApp-Image-2021-06-05-at-6.37.01-PM-768x512.jpeg 768w, https:\/\/mppee.gob.ve\/wp-content\/uploads\/2021\/06\/WhatsApp-Image-2021-06-05-at-6.37.01-PM.jpeg 1080w\" sizes=\"auto, (max-width: 300px) 100vw, 300px\" \/>Cuadrillas de la Gerencia General de Distribuci\u00f3n pertenecientes a la Corporaci\u00f3n El\u00e9ctrica Nacional (Corpoelec), este s\u00e1bado se desplegaron en la comuna \u00ab17 Voces de Ezequiel Zamora\u00bb ubicada en la parroquia Ant\u00edmano de Caracas, para iniciar los trabajos de electrificaci\u00f3n y garantizar un servicio confiable a la comunidad.<\/p>\n<p style=\"text-align: justify;\">As\u00ed lo inform\u00f3 el vicepresidente Sectorial de Obras P\u00fablicas y Servicios, G\/J N\u00e9stor Reverol, a trav\u00e9s de su cuenta en la red social Instagram, donde se\u00f1al\u00f3 que \u00aben el recorrido nuestros trabajadores levantaron las necesidades en materia de energ\u00eda el\u00e9ctrica, para iniciar las labores inmediatamente y no descansar hasta que esta comuna, cuente con un servicio estable y confiable.\u00bb<\/p>\n<p style=\"text-align: justify;\"><img loading=\"lazy\" decoding=\"async\" class=\"size-medium wp-image-84114 alignright\" src=\"http:\/\/10.200.87.50\/mppee\/wp-content\/uploads\/2021\/06\/WhatsApp-Image-2021-06-05-at-6.37.01-PM2-300x200.jpeg\" alt=\"\" width=\"300\" height=\"200\" srcset=\"https:\/\/mppee.gob.ve\/wp-content\/uploads\/2021\/06\/WhatsApp-Image-2021-06-05-at-6.37.01-PM2-300x200.jpeg 300w, https:\/\/mppee.gob.ve\/wp-content\/uploads\/2021\/06\/WhatsApp-Image-2021-06-05-at-6.37.01-PM2-1024x683.jpeg 1024w, https:\/\/mppee.gob.ve\/wp-content\/uploads\/2021\/06\/WhatsApp-Image-2021-06-05-at-6.37.01-PM2-768x512.jpeg 768w, https:\/\/mppee.gob.ve\/wp-content\/uploads\/2021\/06\/WhatsApp-Image-2021-06-05-at-6.37.01-PM2.jpeg 1080w\" sizes=\"auto, (max-width: 300px) 100vw, 300px\" \/>El General en Jefe, destac\u00f3 que se est\u00e1 <strong>\u201ccumpliendo con la solicitud de la comunidad y la instrucci\u00f3n del presidente Nicol\u00e1s Maduro\u201d<\/strong>, durante el relanzamiento de la Gran Misi\u00f3n Barrio Nuevo, Barrio Tricolor.<\/p>\n<p style=\"text-align: justify;\">El tambi\u00e9n Ministro de Energ\u00eda El\u00e9ctrica recalc\u00f3 que se atienden a las comunidades <strong>\u00abcon el objetivo irreversible de brindar la mayor suma de bienestar posible, para que contin\u00faen con la construcci\u00f3n de una patria productiva y soberana desde las bases.\u00bb<\/strong><\/p>\n<p style=\"text-align: justify;\">Por su parte, el Ing. Francisco Martin, Gerente General de Distribuci\u00f3n de Corpoelec, se\u00f1al\u00f3 que en la actualidad realizan<strong> \u00abel proyecto de electrificaci\u00f3n, para que cada una de las familias que conforman este sector, gocen y disfruten de un excelente servicio el\u00e9ctrico que les va a permitir un desarrollo y una mejora calidad de vida\u00bb.<\/strong><\/p>\n<p style=\"text-align: justify;\"><img loading=\"lazy\" decoding=\"async\" class=\"wp-image-84115 size-medium alignleft\" src=\"http:\/\/10.200.87.50\/mppee\/wp-content\/uploads\/2021\/06\/WhatsApp-Image-2021-06-05-at-6.37.01-PM3-300x200.jpeg\" alt=\"\" width=\"300\" height=\"200\" srcset=\"https:\/\/mppee.gob.ve\/wp-content\/uploads\/2021\/06\/WhatsApp-Image-2021-06-05-at-6.37.01-PM3-300x200.jpeg 300w, https:\/\/mppee.gob.ve\/wp-content\/uploads\/2021\/06\/WhatsApp-Image-2021-06-05-at-6.37.01-PM3-1024x683.jpeg 1024w, https:\/\/mppee.gob.ve\/wp-content\/uploads\/2021\/06\/WhatsApp-Image-2021-06-05-at-6.37.01-PM3-768x512.jpeg 768w, https:\/\/mppee.gob.ve\/wp-content\/uploads\/2021\/06\/WhatsApp-Image-2021-06-05-at-6.37.01-PM3.jpeg 1080w\" sizes=\"auto, (max-width: 300px) 100vw, 300px\" \/>Keyla Escalona, vocera del Poder Popular agradeci\u00f3 la respuesta inmediata por parte de la Estatal el\u00e9ctrica.<strong> \u00abEstamos desde altas horas de la noche en este proceso, y aqu\u00ed trabajando y contentos porque el llamado fue atendido inmediatamente\u00bb.<\/strong><\/p>\n<p style=\"text-align: justify;\">Estas acciones se ejecutan para garantizar la distribuci\u00f3n de energ\u00eda el\u00e9ctrica en el pa\u00eds y forman parte de los planes que emprende la industria para fortalecer el servicio en todas las comunidades.<\/p>\n<p style=\"text-align: justify;\"><strong>Prensa Mppee<\/strong><\/p>\n<p><img loading=\"lazy\" decoding=\"async\" class=\"aligncenter wp-image-84111 size-full\" src=\"http:\/\/10.200.87.50\/mppee\/wp-content\/uploads\/2021\/06\/WhatsApp-Image-2021-06-05-at-6.37.00-PM1.jpeg\" alt=\"\" width=\"1080\" height=\"606\" srcset=\"https:\/\/mppee.gob.ve\/wp-content\/uploads\/2021\/06\/WhatsApp-Image-2021-06-05-at-6.37.00-PM1.jpeg 1080w, https:\/\/mppee.gob.ve\/wp-content\/uploads\/2021\/06\/WhatsApp-Image-2021-06-05-at-6.37.00-PM1-300x168.jpeg 300w, https:\/\/mppee.gob.ve\/wp-content\/uploads\/2021\/06\/WhatsApp-Image-2021-06-05-at-6.37.00-PM1-1024x575.jpeg 1024w, https:\/\/mppee.gob.ve\/wp-content\/uploads\/2021\/06\/WhatsApp-Image-2021-06-05-at-6.37.00-PM1-768x431.jpeg 768w\" sizes=\"auto, (max-width: 1080px) 100vw, 1080px\" \/><\/p>\n","protected":false},"excerpt":{"rendered":"<p>Cuadrillas de la Gerencia General de Distribuci\u00f3n pertenecientes a la Corporaci\u00f3n El\u00e9ctrica Nacional (Corpoelec), este s\u00e1bado se desplegaron en la<\/p>\n","protected":false},"author":12,"featured_media":84112,"comment_status":"open","ping_status":"open","sticky":false,"template":"","format":"standard","meta":{"footnotes":""},"categories":[30],"tags":[11],"class_list":["post-84110","post","type-post","status-publish","format-standard","has-post-thumbnail","hentry","category-regionales","tag-mppee"],"_links":{"self":[{"href":"https:\/\/mppee.gob.ve\/index.php?rest_route=\/wp\/v2\/posts\/84110","targetHints":{"allow":["GET"]}}],"collection":[{"href":"https:\/\/mppee.gob.ve\/index.php?rest_route=\/wp\/v2\/posts"}],"about":[{"href":"https:\/\/mppee.gob.ve\/index.php?rest_route=\/wp\/v2\/types\/post"}],"author":[{"embeddable":true,"href":"https:\/\/mppee.gob.ve\/index.php?rest_route=\/wp\/v2\/users\/12"}],"replies":[{"embeddable":true,"href":"https:\/\/mppee.gob.ve\/index.php?rest_route=%2Fwp%2Fv2%2Fcomments&post=84110"}],"version-history":[{"count":2,"href":"https:\/\/mppee.gob.ve\/index.php?rest_route=\/wp\/v2\/posts\/84110\/revisions"}],"predecessor-version":[{"id":84255,"href":"https:\/\/mppee.gob.ve\/index.php?rest_route=\/wp\/v2\/posts\/84110\/revisions\/84255"}],"wp:featuredmedia":[{"embeddable":true,"href":"https:\/\/mppee.gob.ve\/index.php?rest_route=\/wp\/v2\/media\/84112"}],"wp:attachment":[{"href":"https:\/\/mppee.gob.ve\/index.php?rest_route=%2Fwp%2Fv2%2Fmedia&parent=84110"}],"wp:term":[{"taxonomy":"category","embeddable":true,"href":"https:\/\/mppee.gob.ve\/index.php?rest_route=%2Fwp%2Fv2%2Fcategories&post=84110"},{"taxonomy":"post_tag","embeddable":true,"href":"https:\/\/mppee.gob.ve\/index.php?rest_route=%2Fwp%2Fv2%2Ftags&post=84110"}],"curies":[{"name":"wp","href":"https:\/\/api.w.org\/{rel}","templated":true}]}}