{"id":84164,"date":"2021-06-10T18:49:00","date_gmt":"2021-06-10T18:49:00","guid":{"rendered":"http:\/\/10.200.87.50\/mppee\/?p=84164"},"modified":"2021-06-11T18:53:01","modified_gmt":"2021-06-11T18:53:01","slug":"anuncian-creacion-del-estado-mayor-de-los-cptt-del-sector-electrico","status":"publish","type":"post","link":"https:\/\/mppee.gob.ve\/?p=84164","title":{"rendered":"Anuncian creaci\u00f3n del Estado Mayor de los CPTT del Sector El\u00e9ctrico"},"content":{"rendered":"<p style=\"text-align: justify;\"><img loading=\"lazy\" decoding=\"async\" class=\"size-medium wp-image-84154 alignleft\" src=\"http:\/\/10.200.87.50\/mppee\/wp-content\/uploads\/2021\/06\/WhatsApp-Image-2021-06-10-at-6.35.24-PM7-300x200.jpeg\" alt=\"\" width=\"300\" height=\"200\" srcset=\"https:\/\/mppee.gob.ve\/wp-content\/uploads\/2021\/06\/WhatsApp-Image-2021-06-10-at-6.35.24-PM7-300x200.jpeg 300w, https:\/\/mppee.gob.ve\/wp-content\/uploads\/2021\/06\/WhatsApp-Image-2021-06-10-at-6.35.24-PM7-768x512.jpeg 768w, https:\/\/mppee.gob.ve\/wp-content\/uploads\/2021\/06\/WhatsApp-Image-2021-06-10-at-6.35.24-PM7.jpeg 912w\" sizes=\"auto, (max-width: 300px) 100vw, 300px\" \/>Durante la jornada de trabajo que se realiz\u00f3 este jueves, desde las instalaciones del C\u00edrculo Militar en Caracas, el vicepresidente Sectorial de Obras P\u00fablicas y Servicios, G\/J N\u00e9stor Reverol, anunci\u00f3 la creaci\u00f3n del Estado Mayor de los Consejos Productivos de Trabajadores y Trabajadoras del Sector El\u00e9ctrico (CPTT), para mejorar la labor que se realiza en todas las comunidades del pa\u00eds.<\/p>\n<p style=\"text-align: justify;\"><strong>\u201cEl Estado Mayor, debe estar constituido por un representante por cada entidad y un suplente, distribuido en 12 mujeres y 12 hombres, ustedes deben de irse con esa tarea a su territorio\u201d<\/strong>, enfatiz\u00f3 el Vicepresidente Sectorial Reverol.<\/p>\n<p style=\"text-align: justify;\"><img loading=\"lazy\" decoding=\"async\" class=\"size-medium wp-image-84156 alignright\" src=\"http:\/\/10.200.87.50\/mppee\/wp-content\/uploads\/2021\/06\/WhatsApp-Image-2021-06-10-at-6.35.24-PM5-300x200.jpeg\" alt=\"\" width=\"300\" height=\"200\" srcset=\"https:\/\/mppee.gob.ve\/wp-content\/uploads\/2021\/06\/WhatsApp-Image-2021-06-10-at-6.35.24-PM5-300x200.jpeg 300w, https:\/\/mppee.gob.ve\/wp-content\/uploads\/2021\/06\/WhatsApp-Image-2021-06-10-at-6.35.24-PM5-768x512.jpeg 768w, https:\/\/mppee.gob.ve\/wp-content\/uploads\/2021\/06\/WhatsApp-Image-2021-06-10-at-6.35.24-PM5.jpeg 912w\" sizes=\"auto, (max-width: 300px) 100vw, 300px\" \/>Igualmente, el General en Jefe puntualiz\u00f3 que para el pr\u00f3ximo encuentro fijado para el mes de julio, se crear\u00e1 la Sala Situacional Nacional que llevar\u00e1 el control de todas las actividades que realiza la fuerza trabajadora de los Consejos Productivos.<\/p>\n<p style=\"text-align: justify;\">Destac\u00f3 que se activar\u00e1 un Plan Especial de Atenci\u00f3n a las L\u00edneas de 115 kVA, 138 kVA, para darle un mejor servicio a las comunidades en el territorio nacional.<\/p>\n<p style=\"text-align: justify;\">Para finalizar, dijo que actualmente se lleva a cabo la reestructuraci\u00f3n del Ministerio del Poder Popular para la Energ\u00eda El\u00e9ctrica (Mppee) y en la Corporaci\u00f3n El\u00e9ctrica Nacional (Corpoelec)<strong> \u201cpara ello se revisan todos los estatutos de la Estatal. El compromiso con los Consejos Productivos es que en la junta directiva de la corporaci\u00f3n haya un representante de ustedes\u201d.<\/strong><\/p>\n<p style=\"text-align: justify;\"><strong>Prensa Mppee<\/strong><\/p>\n<p><img loading=\"lazy\" decoding=\"async\" class=\"alignnone wp-image-84149 size-full\" src=\"http:\/\/10.200.87.50\/mppee\/wp-content\/uploads\/2021\/06\/WhatsApp-Image-2021-06-10-at-6.35.25-PM3.jpeg\" alt=\"\" width=\"912\" height=\"608\" srcset=\"https:\/\/mppee.gob.ve\/wp-content\/uploads\/2021\/06\/WhatsApp-Image-2021-06-10-at-6.35.25-PM3.jpeg 912w, https:\/\/mppee.gob.ve\/wp-content\/uploads\/2021\/06\/WhatsApp-Image-2021-06-10-at-6.35.25-PM3-300x200.jpeg 300w, https:\/\/mppee.gob.ve\/wp-content\/uploads\/2021\/06\/WhatsApp-Image-2021-06-10-at-6.35.25-PM3-768x512.jpeg 768w\" sizes=\"auto, (max-width: 912px) 100vw, 912px\" \/><\/p>\n","protected":false},"excerpt":{"rendered":"<p>Durante la jornada de trabajo que se realiz\u00f3 este jueves, desde las instalaciones del C\u00edrculo Militar en Caracas, el vicepresidente<\/p>\n","protected":false},"author":12,"featured_media":84152,"comment_status":"open","ping_status":"open","sticky":false,"template":"","format":"standard","meta":{"footnotes":""},"categories":[15],"tags":[11],"class_list":["post-84164","post","type-post","status-publish","format-standard","has-post-thumbnail","hentry","category-nacionales","tag-mppee"],"_links":{"self":[{"href":"https:\/\/mppee.gob.ve\/index.php?rest_route=\/wp\/v2\/posts\/84164","targetHints":{"allow":["GET"]}}],"collection":[{"href":"https:\/\/mppee.gob.ve\/index.php?rest_route=\/wp\/v2\/posts"}],"about":[{"href":"https:\/\/mppee.gob.ve\/index.php?rest_route=\/wp\/v2\/types\/post"}],"author":[{"embeddable":true,"href":"https:\/\/mppee.gob.ve\/index.php?rest_route=\/wp\/v2\/users\/12"}],"replies":[{"embeddable":true,"href":"https:\/\/mppee.gob.ve\/index.php?rest_route=%2Fwp%2Fv2%2Fcomments&post=84164"}],"version-history":[{"count":1,"href":"https:\/\/mppee.gob.ve\/index.php?rest_route=\/wp\/v2\/posts\/84164\/revisions"}],"predecessor-version":[{"id":84165,"href":"https:\/\/mppee.gob.ve\/index.php?rest_route=\/wp\/v2\/posts\/84164\/revisions\/84165"}],"wp:featuredmedia":[{"embeddable":true,"href":"https:\/\/mppee.gob.ve\/index.php?rest_route=\/wp\/v2\/media\/84152"}],"wp:attachment":[{"href":"https:\/\/mppee.gob.ve\/index.php?rest_route=%2Fwp%2Fv2%2Fmedia&parent=84164"}],"wp:term":[{"taxonomy":"category","embeddable":true,"href":"https:\/\/mppee.gob.ve\/index.php?rest_route=%2Fwp%2Fv2%2Fcategories&post=84164"},{"taxonomy":"post_tag","embeddable":true,"href":"https:\/\/mppee.gob.ve\/index.php?rest_route=%2Fwp%2Fv2%2Ftags&post=84164"}],"curies":[{"name":"wp","href":"https:\/\/api.w.org\/{rel}","templated":true}]}}