{"id":84166,"date":"2021-06-10T18:53:00","date_gmt":"2021-06-10T18:53:00","guid":{"rendered":"http:\/\/10.200.87.50\/mppee\/?p=84166"},"modified":"2021-06-11T18:59:40","modified_gmt":"2021-06-11T18:59:40","slug":"fortalecen-bienestar-social-a-fuerza-laboral-de-la-industria-electrica","status":"publish","type":"post","link":"https:\/\/mppee.gob.ve\/?p=84166","title":{"rendered":"Fortalecen bienestar social a fuerza laboral de la industria el\u00e9ctrica"},"content":{"rendered":"<p style=\"text-align: justify;\"><img loading=\"lazy\" decoding=\"async\" class=\"size-medium wp-image-84150 alignleft\" src=\"http:\/\/10.200.87.50\/mppee\/wp-content\/uploads\/2021\/06\/WhatsApp-Image-2021-06-10-at-6.35.25-PM2-300x224.jpeg\" alt=\"\" width=\"300\" height=\"224\" srcset=\"https:\/\/mppee.gob.ve\/wp-content\/uploads\/2021\/06\/WhatsApp-Image-2021-06-10-at-6.35.25-PM2-300x224.jpeg 300w, https:\/\/mppee.gob.ve\/wp-content\/uploads\/2021\/06\/WhatsApp-Image-2021-06-10-at-6.35.25-PM2-1024x765.jpeg 1024w, https:\/\/mppee.gob.ve\/wp-content\/uploads\/2021\/06\/WhatsApp-Image-2021-06-10-at-6.35.25-PM2-768x574.jpeg 768w, https:\/\/mppee.gob.ve\/wp-content\/uploads\/2021\/06\/WhatsApp-Image-2021-06-10-at-6.35.25-PM2.jpeg 1080w\" sizes=\"auto, (max-width: 300px) 100vw, 300px\" \/>Recuperar los comedores y mejorar las condiciones laborales y personales de la fuerza trabajadora del sector el\u00e9ctrico, son parte de las acciones, para fortalecer el bienestar social de la fuerza laboral, as\u00ed lo anunci\u00f3 el vicepresidente Sectorial de Obras P\u00fablicas y Servicios, G\/J N\u00e9stor Reverol.<\/p>\n<p style=\"text-align: justify;\">Durante el cierre de la jornada de trabajo del primer Encuentro Nacional de los Consejos Productivos de los Trabajadores y Trabajadores del Sector El\u00e9ctrico (Cptt), destac\u00f3 la importancia que tiene la formaci\u00f3n de los nuevos trabajadores, por lo que se tiene previsto la creaci\u00f3n de un convenio con el Instituto Nacional de Capacitaci\u00f3n y Educaci\u00f3n Socialista (Inces) y las universidades del pa\u00eds para formar a la fuerza laboral en distintas \u00e1reas.<\/p>\n<p style=\"text-align: justify;\"><img loading=\"lazy\" decoding=\"async\" class=\"wp-image-84168 size-medium alignright\" src=\"http:\/\/10.200.87.50\/mppee\/wp-content\/uploads\/2021\/06\/WhatsApp-Image-2021-06-11-at-12.01.42-PM-300x200.jpeg\" alt=\"\" width=\"300\" height=\"200\" srcset=\"https:\/\/mppee.gob.ve\/wp-content\/uploads\/2021\/06\/WhatsApp-Image-2021-06-11-at-12.01.42-PM-300x200.jpeg 300w, https:\/\/mppee.gob.ve\/wp-content\/uploads\/2021\/06\/WhatsApp-Image-2021-06-11-at-12.01.42-PM-768x512.jpeg 768w, https:\/\/mppee.gob.ve\/wp-content\/uploads\/2021\/06\/WhatsApp-Image-2021-06-11-at-12.01.42-PM.jpeg 912w\" sizes=\"auto, (max-width: 300px) 100vw, 300px\" \/>El General en Jefe, explic\u00f3 que se realizar\u00e1 un <strong>\u201cPlan Integral de Dotaci\u00f3n a todo el personal. Comenzamos tambi\u00e9n el Plan de Carnetizaci\u00f3n con un nuevo c\u00f3digo QR, que estamos haciendo en la regi\u00f3n capital y vamos a ir avanzando en todas las regiones\u201d.<\/strong><\/p>\n<p style=\"text-align: justify;\">Para finalizar, Reverol Torres, resalt\u00f3 que los jubilados ya se encuentran homologados por lo que les hizo un llamado a incorporarse a los CPTT para que participen activamente, <strong>\u201clos que quieran trabajar v\u00e9nganse, aqu\u00ed los esperamos\u201d.<\/strong><\/p>\n<p style=\"text-align: justify;\"><strong>Prensa Vpsops<\/strong><\/p>\n<p><img loading=\"lazy\" decoding=\"async\" class=\"alignnone wp-image-84167 size-full\" src=\"http:\/\/10.200.87.50\/mppee\/wp-content\/uploads\/2021\/06\/WhatsApp-Image-2021-06-11-at-12.01.43-PM.jpeg\" alt=\"\" width=\"912\" height=\"608\" srcset=\"https:\/\/mppee.gob.ve\/wp-content\/uploads\/2021\/06\/WhatsApp-Image-2021-06-11-at-12.01.43-PM.jpeg 912w, https:\/\/mppee.gob.ve\/wp-content\/uploads\/2021\/06\/WhatsApp-Image-2021-06-11-at-12.01.43-PM-300x200.jpeg 300w, https:\/\/mppee.gob.ve\/wp-content\/uploads\/2021\/06\/WhatsApp-Image-2021-06-11-at-12.01.43-PM-768x512.jpeg 768w\" sizes=\"auto, (max-width: 912px) 100vw, 912px\" \/><\/p>\n","protected":false},"excerpt":{"rendered":"<p>Recuperar los comedores y mejorar las condiciones laborales y personales de la fuerza trabajadora del sector el\u00e9ctrico, son parte de<\/p>\n","protected":false},"author":12,"featured_media":84158,"comment_status":"open","ping_status":"open","sticky":false,"template":"","format":"standard","meta":{"footnotes":""},"categories":[15],"tags":[],"class_list":["post-84166","post","type-post","status-publish","format-standard","has-post-thumbnail","hentry","category-nacionales"],"_links":{"self":[{"href":"https:\/\/mppee.gob.ve\/index.php?rest_route=\/wp\/v2\/posts\/84166","targetHints":{"allow":["GET"]}}],"collection":[{"href":"https:\/\/mppee.gob.ve\/index.php?rest_route=\/wp\/v2\/posts"}],"about":[{"href":"https:\/\/mppee.gob.ve\/index.php?rest_route=\/wp\/v2\/types\/post"}],"author":[{"embeddable":true,"href":"https:\/\/mppee.gob.ve\/index.php?rest_route=\/wp\/v2\/users\/12"}],"replies":[{"embeddable":true,"href":"https:\/\/mppee.gob.ve\/index.php?rest_route=%2Fwp%2Fv2%2Fcomments&post=84166"}],"version-history":[{"count":1,"href":"https:\/\/mppee.gob.ve\/index.php?rest_route=\/wp\/v2\/posts\/84166\/revisions"}],"predecessor-version":[{"id":84169,"href":"https:\/\/mppee.gob.ve\/index.php?rest_route=\/wp\/v2\/posts\/84166\/revisions\/84169"}],"wp:featuredmedia":[{"embeddable":true,"href":"https:\/\/mppee.gob.ve\/index.php?rest_route=\/wp\/v2\/media\/84158"}],"wp:attachment":[{"href":"https:\/\/mppee.gob.ve\/index.php?rest_route=%2Fwp%2Fv2%2Fmedia&parent=84166"}],"wp:term":[{"taxonomy":"category","embeddable":true,"href":"https:\/\/mppee.gob.ve\/index.php?rest_route=%2Fwp%2Fv2%2Fcategories&post=84166"},{"taxonomy":"post_tag","embeddable":true,"href":"https:\/\/mppee.gob.ve\/index.php?rest_route=%2Fwp%2Fv2%2Ftags&post=84166"}],"curies":[{"name":"wp","href":"https:\/\/api.w.org\/{rel}","templated":true}]}}