{"id":84170,"date":"2021-06-10T19:00:00","date_gmt":"2021-06-10T19:00:00","guid":{"rendered":"http:\/\/10.200.87.50\/mppee\/?p=84170"},"modified":"2021-06-11T19:03:23","modified_gmt":"2021-06-11T19:03:23","slug":"sen-se-fortalece-con-nuevos-proyectos-en-materia-de-insumos-electricos","status":"publish","type":"post","link":"https:\/\/mppee.gob.ve\/?p=84170","title":{"rendered":"SEN se fortalece con nuevos proyectos en materia de insumos el\u00e9ctricos"},"content":{"rendered":"<p style=\"text-align: justify;\"><img loading=\"lazy\" decoding=\"async\" class=\"size-medium wp-image-84172 alignleft\" src=\"http:\/\/10.200.87.50\/mppee\/wp-content\/uploads\/2021\/06\/WhatsApp-Image-2021-06-11-at-12.02.25-PM2-300x200.jpeg\" alt=\"\" width=\"300\" height=\"200\" srcset=\"https:\/\/mppee.gob.ve\/wp-content\/uploads\/2021\/06\/WhatsApp-Image-2021-06-11-at-12.02.25-PM2-300x200.jpeg 300w, https:\/\/mppee.gob.ve\/wp-content\/uploads\/2021\/06\/WhatsApp-Image-2021-06-11-at-12.02.25-PM2-768x512.jpeg 768w, https:\/\/mppee.gob.ve\/wp-content\/uploads\/2021\/06\/WhatsApp-Image-2021-06-11-at-12.02.25-PM2.jpeg 912w\" sizes=\"auto, (max-width: 300px) 100vw, 300px\" \/>Desde las instalaciones del C\u00edrculo Militar en Caracas, este jueves fueron presentados nuevos proyectos en materia de energ\u00eda el\u00e9ctrica, con el fin de fortalecer este servicio, as\u00ed lo dio a conocer la viceministra para Derechos y Relaciones Laborales del Ministerio del Poder Popular para el Proceso Social de Trabajo (Mpppst), Johanna Santeliz, durante el encuentro con los Consejos Productivos de los Trabajadores y Trabajadoras (Cptt) del Sector El\u00e9ctrico Nacional (SEN).<\/p>\n<p style=\"text-align: justify;\">Durante el desarrollo de la actividad que cont\u00f3 con la presencia del vicepresidente Sectorial de Obras P\u00fablicas y Servicios G\/J N\u00e9stor Reverol, la Viceministra reconoci\u00f3 la invectiva de la fuerza trabajadora de la Corporaci\u00f3n El\u00e9ctrica Nacional, (Corpoelec), quienes, en medio del bloqueo econ\u00f3mico, ejecutan diversos talleres para la elaboraci\u00f3n de fusibles, recuperar y repotenciar transformadores entre otros.<\/p>\n<p style=\"text-align: justify;\"><img loading=\"lazy\" decoding=\"async\" class=\"size-medium wp-image-84174 alignright\" src=\"http:\/\/10.200.87.50\/mppee\/wp-content\/uploads\/2021\/06\/WhatsApp-Image-2021-06-11-at-12.02.25-PM-300x169.jpeg\" alt=\"\" width=\"300\" height=\"169\" srcset=\"https:\/\/mppee.gob.ve\/wp-content\/uploads\/2021\/06\/WhatsApp-Image-2021-06-11-at-12.02.25-PM-300x169.jpeg 300w, https:\/\/mppee.gob.ve\/wp-content\/uploads\/2021\/06\/WhatsApp-Image-2021-06-11-at-12.02.25-PM-768x432.jpeg 768w, https:\/\/mppee.gob.ve\/wp-content\/uploads\/2021\/06\/WhatsApp-Image-2021-06-11-at-12.02.25-PM.jpeg 853w\" sizes=\"auto, (max-width: 300px) 100vw, 300px\" \/>Indic\u00f3 que con la mano de obra venezolana se han logrado superar, en algunos aspectos, la dependencia tecnol\u00f3gica, que ten\u00eda la industria el\u00e9ctrica de las grandes compa\u00f1\u00edas internacionales.<\/p>\n<p style=\"text-align: justify;\"><strong>\u201cNo ha sido f\u00e1cil, pero aqu\u00ed estamos con pie de lucha dando la cara, no solo en la capital, sino en el resto del pa\u00eds\u201d<\/strong>, resalt\u00f3 Santeliz.<\/p>\n<p style=\"text-align: justify;\">Puntualiz\u00f3, que, desde los Consejos Productivos de la corporaci\u00f3n el\u00e9ctrica, se contin\u00faa trabajando en l\u00edneas estrat\u00e9gicas que apunten a la creaci\u00f3n de otros proyectos dentro de este importante sector.<\/p>\n<p style=\"text-align: justify;\">Finalmente, Silva Gil representante del Cptt, en el estado Lara, manifest\u00f3 que, gracias al trabajo mancomunado entre el Gobierno nacional y la fuerza trabajadora desde los Consejos de Producci\u00f3n, actualmente se impulsa los proyectos que tiene cada entidad y que contribuir\u00e1n a la prestaci\u00f3n de un mejor servicio en el territorio nacional.<\/p>\n<p style=\"text-align: justify;\"><strong>Prensa Vpsops<\/strong><\/p>\n<p><img loading=\"lazy\" decoding=\"async\" class=\"alignnone wp-image-84173 size-full\" src=\"http:\/\/10.200.87.50\/mppee\/wp-content\/uploads\/2021\/06\/WhatsApp-Image-2021-06-11-at-12.02.25-PM1.jpeg\" alt=\"\" width=\"853\" height=\"480\" srcset=\"https:\/\/mppee.gob.ve\/wp-content\/uploads\/2021\/06\/WhatsApp-Image-2021-06-11-at-12.02.25-PM1.jpeg 853w, https:\/\/mppee.gob.ve\/wp-content\/uploads\/2021\/06\/WhatsApp-Image-2021-06-11-at-12.02.25-PM1-300x169.jpeg 300w, https:\/\/mppee.gob.ve\/wp-content\/uploads\/2021\/06\/WhatsApp-Image-2021-06-11-at-12.02.25-PM1-768x432.jpeg 768w\" sizes=\"auto, (max-width: 853px) 100vw, 853px\" \/><\/p>\n","protected":false},"excerpt":{"rendered":"<p>Desde las instalaciones del C\u00edrculo Militar en Caracas, este jueves fueron presentados nuevos proyectos en materia de energ\u00eda el\u00e9ctrica, con<\/p>\n","protected":false},"author":12,"featured_media":84171,"comment_status":"open","ping_status":"open","sticky":false,"template":"","format":"standard","meta":{"footnotes":""},"categories":[15],"tags":[11],"class_list":["post-84170","post","type-post","status-publish","format-standard","has-post-thumbnail","hentry","category-nacionales","tag-mppee"],"_links":{"self":[{"href":"https:\/\/mppee.gob.ve\/index.php?rest_route=\/wp\/v2\/posts\/84170","targetHints":{"allow":["GET"]}}],"collection":[{"href":"https:\/\/mppee.gob.ve\/index.php?rest_route=\/wp\/v2\/posts"}],"about":[{"href":"https:\/\/mppee.gob.ve\/index.php?rest_route=\/wp\/v2\/types\/post"}],"author":[{"embeddable":true,"href":"https:\/\/mppee.gob.ve\/index.php?rest_route=\/wp\/v2\/users\/12"}],"replies":[{"embeddable":true,"href":"https:\/\/mppee.gob.ve\/index.php?rest_route=%2Fwp%2Fv2%2Fcomments&post=84170"}],"version-history":[{"count":1,"href":"https:\/\/mppee.gob.ve\/index.php?rest_route=\/wp\/v2\/posts\/84170\/revisions"}],"predecessor-version":[{"id":84175,"href":"https:\/\/mppee.gob.ve\/index.php?rest_route=\/wp\/v2\/posts\/84170\/revisions\/84175"}],"wp:featuredmedia":[{"embeddable":true,"href":"https:\/\/mppee.gob.ve\/index.php?rest_route=\/wp\/v2\/media\/84171"}],"wp:attachment":[{"href":"https:\/\/mppee.gob.ve\/index.php?rest_route=%2Fwp%2Fv2%2Fmedia&parent=84170"}],"wp:term":[{"taxonomy":"category","embeddable":true,"href":"https:\/\/mppee.gob.ve\/index.php?rest_route=%2Fwp%2Fv2%2Fcategories&post=84170"},{"taxonomy":"post_tag","embeddable":true,"href":"https:\/\/mppee.gob.ve\/index.php?rest_route=%2Fwp%2Fv2%2Ftags&post=84170"}],"curies":[{"name":"wp","href":"https:\/\/api.w.org\/{rel}","templated":true}]}}