{"id":84195,"date":"2021-06-10T15:41:00","date_gmt":"2021-06-10T15:41:00","guid":{"rendered":"http:\/\/10.200.87.50\/mppee\/?p=84195"},"modified":"2021-06-14T15:55:29","modified_gmt":"2021-06-14T15:55:29","slug":"promueven-participacion-de-las-comunidades-para-fortalecer-el-servicio-electrico-en-el-pais","status":"publish","type":"post","link":"https:\/\/mppee.gob.ve\/?p=84195","title":{"rendered":"Promueven participaci\u00f3n de las comunidades para fortalecer el servicio el\u00e9ctrico en el pa\u00eds"},"content":{"rendered":"<p style=\"text-align: justify;\"><img loading=\"lazy\" decoding=\"async\" class=\"alignleft wp-image-84200 size-medium\" src=\"http:\/\/10.200.87.50\/mppee\/wp-content\/uploads\/2021\/06\/WhatsApp-Image-2021-06-14-at-10.47.28-AM-300x139.jpeg\" alt=\"\" width=\"300\" height=\"139\" srcset=\"https:\/\/mppee.gob.ve\/wp-content\/uploads\/2021\/06\/WhatsApp-Image-2021-06-14-at-10.47.28-AM-300x139.jpeg 300w, https:\/\/mppee.gob.ve\/wp-content\/uploads\/2021\/06\/WhatsApp-Image-2021-06-14-at-10.47.28-AM-768x355.jpeg 768w, https:\/\/mppee.gob.ve\/wp-content\/uploads\/2021\/06\/WhatsApp-Image-2021-06-14-at-10.47.28-AM.jpeg 996w\" sizes=\"auto, (max-width: 300px) 100vw, 300px\" \/>Representantes de las Oficinas de Atenci\u00f3n al Ciudadano del Ministerio del Poder Popular para la Energ\u00eda El\u00e9ctrica (Mppee) y sus entes adscritos, realizaron un ciclo de talleres informativos y reuni\u00f3n de articulaci\u00f3n comunitaria en el N\u00facleo de Desarrollo End\u00f3geno Fabricio Ojeda, Comuna Fabricio Vive, ubicado en el sector Gramoven de la ciudad de Caracas, para dar a conocer las bondades del Sistema El\u00e9ctrico Nacional y continuar con el trabajo mancomunado con el Poder Popular para brindar un mejor servicio a la ciudadan\u00eda.<\/p>\n<p style=\"text-align: justify;\">La jornada cont\u00f3 con actividades formativas con did\u00e1cticas para los ni\u00f1os y ni\u00f1as de la comunidad, as\u00ed como para los habitantes de esta parroquia, quienes interactuaron con las autoridades y obtuvieron informaci\u00f3n de la importancia del uso racional y eficiente de la energ\u00eda.<\/p>\n<p style=\"text-align: justify;\">Al Poder Popular le fue impartido el taller <strong>\u201cC\u00f3mo volar un papagayo de manera segura\u201d<\/strong>, donde los ni\u00f1os y adolescentes interactuaron y obtuvieron conocimiento de los riesgos de elevar este juego tradicional en la v\u00eda p\u00fablica y cercano de los tendidos el\u00e9ctricos, as\u00ed como la importancia de evitar accidentes que generen interrupci\u00f3n del servicio.<\/p>\n<p style=\"text-align: justify;\"><img loading=\"lazy\" decoding=\"async\" class=\"size-medium wp-image-84198 alignright\" src=\"http:\/\/10.200.87.50\/mppee\/wp-content\/uploads\/2021\/06\/WhatsApp-Image-2021-06-14-at-10.47.29-AM-300x139.jpeg\" alt=\"\" width=\"300\" height=\"139\" srcset=\"https:\/\/mppee.gob.ve\/wp-content\/uploads\/2021\/06\/WhatsApp-Image-2021-06-14-at-10.47.29-AM-300x139.jpeg 300w, https:\/\/mppee.gob.ve\/wp-content\/uploads\/2021\/06\/WhatsApp-Image-2021-06-14-at-10.47.29-AM-768x355.jpeg 768w, https:\/\/mppee.gob.ve\/wp-content\/uploads\/2021\/06\/WhatsApp-Image-2021-06-14-at-10.47.29-AM.jpeg 996w\" sizes=\"auto, (max-width: 300px) 100vw, 300px\" \/>Adem\u00e1s, se les suministr\u00f3 informaci\u00f3n sobre el reimpulso de las Mesas T\u00e9cnicas de Energ\u00eda El\u00e9ctrica que se ejecuta desde la industria conjuntamente con la comunidad organizada.<\/p>\n<p style=\"text-align: justify;\">Por su parte, la directora General de la Oficina de Atenci\u00f3n Ciudadana del Mppee, Rosaura Navas, destac\u00f3 la importancia de articular con las comunidades para lograr los objetivos institucionales, fomentar la participaci\u00f3n popular y la corresponsabilidad en la gesti\u00f3n p\u00fablica con el trabajo social.<\/p>\n<p style=\"text-align: justify;\"><strong>\u201cNuestra labor social es asumir el compromiso dentro de las comunidades en \u00e9poca de pandemia y sobre todo, la labor con los ni\u00f1os ni\u00f1as y j\u00f3venes\u201d<\/strong>, puntualiz\u00f3 Navas.<\/p>\n<p style=\"text-align: justify;\"><img loading=\"lazy\" decoding=\"async\" class=\"size-medium wp-image-84197 alignleft\" src=\"http:\/\/10.200.87.50\/mppee\/wp-content\/uploads\/2021\/06\/WhatsApp-Image-2021-06-14-at-10.47.29-AM1-300x139.jpeg\" alt=\"\" width=\"300\" height=\"139\" srcset=\"https:\/\/mppee.gob.ve\/wp-content\/uploads\/2021\/06\/WhatsApp-Image-2021-06-14-at-10.47.29-AM1-300x139.jpeg 300w, https:\/\/mppee.gob.ve\/wp-content\/uploads\/2021\/06\/WhatsApp-Image-2021-06-14-at-10.47.29-AM1-768x355.jpeg 768w, https:\/\/mppee.gob.ve\/wp-content\/uploads\/2021\/06\/WhatsApp-Image-2021-06-14-at-10.47.29-AM1.jpeg 996w\" sizes=\"auto, (max-width: 300px) 100vw, 300px\" \/>Milagros Alfonso, integrante de la Comuna Fabricio Vive, agradeci\u00f3 el apoyo de parte de los integrantes del Mppee, por demostrar compromiso en fortalecer la calidad de vida a los habitantes del sector. <strong>\u201cHoy tenemos nuestras 22 Mesas de Energ\u00eda con un grupo de trabajo mancomunado, laborando siempre con Corpoelec para lograr los objetivos propuestos\u201d<\/strong> detall\u00f3.<\/p>\n<p style=\"text-align: justify;\">De igual modo, la ciudadana Evangelina Cuevas, perteneciente al Consejo Comunal La Unidad, expres\u00f3 que; <strong>\u201cagradecemos a la instituci\u00f3n que trabaja con el poder popular organizando las Mesas T\u00e9cnicas de Energ\u00eda, dando respuesta oportuna a la comuna\u201d.<\/strong><\/p>\n<p style=\"text-align: justify;\"><img loading=\"lazy\" decoding=\"async\" class=\"size-medium wp-image-84196 alignright\" src=\"http:\/\/10.200.87.50\/mppee\/wp-content\/uploads\/2021\/06\/WhatsApp-Image-2021-06-14-at-10.47.29-AM2-300x139.jpeg\" alt=\"\" width=\"300\" height=\"139\" srcset=\"https:\/\/mppee.gob.ve\/wp-content\/uploads\/2021\/06\/WhatsApp-Image-2021-06-14-at-10.47.29-AM2-300x139.jpeg 300w, https:\/\/mppee.gob.ve\/wp-content\/uploads\/2021\/06\/WhatsApp-Image-2021-06-14-at-10.47.29-AM2-768x355.jpeg 768w, https:\/\/mppee.gob.ve\/wp-content\/uploads\/2021\/06\/WhatsApp-Image-2021-06-14-at-10.47.29-AM2.jpeg 996w\" sizes=\"auto, (max-width: 300px) 100vw, 300px\" \/>Cabe destacar que la jornada cont\u00f3 con la participaci\u00f3n de los trabajadores de la Oficina de Atenci\u00f3n al Ciudadano del Mppee, directivos de la Fundaci\u00f3n Para el Desarrollo del Servicio El\u00e9ctrico (Fundelec); servidores p\u00fablicos de la Gerencia de Desarrollo Social de la Corporaci\u00f3n El\u00e9ctrica Nacional, (Corpoelec) de la Regi\u00f3n Capital; voceros de las comunas Fabricio Vive, Visi\u00f3n de Ch\u00e1vez, Fabricio Ojeda y Renacer de Bol\u00edvar y Ch\u00e1vez.<\/p>\n<p style=\"text-align: justify;\">Este n\u00facleo se encuentra activo desde el a\u00f1o 2003 en beneficio de m\u00e1s de 12 mil familias de la parroquia Sucre de Caracas.<\/p>\n<p style=\"text-align: justify;\"><strong>Prensa Mppee<\/strong><\/p>\n","protected":false},"excerpt":{"rendered":"<p>Representantes de las Oficinas de Atenci\u00f3n al Ciudadano del Ministerio del Poder Popular para la Energ\u00eda El\u00e9ctrica (Mppee) y sus<\/p>\n","protected":false},"author":12,"featured_media":84199,"comment_status":"open","ping_status":"open","sticky":false,"template":"","format":"standard","meta":{"footnotes":""},"categories":[1],"tags":[111,11],"class_list":["post-84195","post","type-post","status-publish","format-standard","has-post-thumbnail","hentry","category-mppee","tag-caracas","tag-mppee"],"_links":{"self":[{"href":"https:\/\/mppee.gob.ve\/index.php?rest_route=\/wp\/v2\/posts\/84195","targetHints":{"allow":["GET"]}}],"collection":[{"href":"https:\/\/mppee.gob.ve\/index.php?rest_route=\/wp\/v2\/posts"}],"about":[{"href":"https:\/\/mppee.gob.ve\/index.php?rest_route=\/wp\/v2\/types\/post"}],"author":[{"embeddable":true,"href":"https:\/\/mppee.gob.ve\/index.php?rest_route=\/wp\/v2\/users\/12"}],"replies":[{"embeddable":true,"href":"https:\/\/mppee.gob.ve\/index.php?rest_route=%2Fwp%2Fv2%2Fcomments&post=84195"}],"version-history":[{"count":2,"href":"https:\/\/mppee.gob.ve\/index.php?rest_route=\/wp\/v2\/posts\/84195\/revisions"}],"predecessor-version":[{"id":84202,"href":"https:\/\/mppee.gob.ve\/index.php?rest_route=\/wp\/v2\/posts\/84195\/revisions\/84202"}],"wp:featuredmedia":[{"embeddable":true,"href":"https:\/\/mppee.gob.ve\/index.php?rest_route=\/wp\/v2\/media\/84199"}],"wp:attachment":[{"href":"https:\/\/mppee.gob.ve\/index.php?rest_route=%2Fwp%2Fv2%2Fmedia&parent=84195"}],"wp:term":[{"taxonomy":"category","embeddable":true,"href":"https:\/\/mppee.gob.ve\/index.php?rest_route=%2Fwp%2Fv2%2Fcategories&post=84195"},{"taxonomy":"post_tag","embeddable":true,"href":"https:\/\/mppee.gob.ve\/index.php?rest_route=%2Fwp%2Fv2%2Ftags&post=84195"}],"curies":[{"name":"wp","href":"https:\/\/api.w.org\/{rel}","templated":true}]}}