{"id":84204,"date":"2021-06-15T17:53:59","date_gmt":"2021-06-15T17:53:59","guid":{"rendered":"http:\/\/10.200.87.50\/mppee\/?p=84204"},"modified":"2021-06-15T17:54:01","modified_gmt":"2021-06-15T17:54:01","slug":"afinan-planes-estrategicos-en-la-region-capital-para-la-confiabilidad-del-sen","status":"publish","type":"post","link":"https:\/\/mppee.gob.ve\/?p=84204","title":{"rendered":"Afinan planes estrat\u00e9gicos en la regi\u00f3n capital para la confiabilidad del SEN"},"content":{"rendered":"<p style=\"text-align: justify;\"><img loading=\"lazy\" decoding=\"async\" class=\"size-medium wp-image-84211 alignleft\" src=\"http:\/\/10.200.87.50\/mppee\/wp-content\/uploads\/2021\/06\/WhatsApp-Image-2021-06-14-at-10.03.25-PM-300x200.jpeg\" alt=\"\" width=\"300\" height=\"200\" srcset=\"https:\/\/mppee.gob.ve\/wp-content\/uploads\/2021\/06\/WhatsApp-Image-2021-06-14-at-10.03.25-PM-300x200.jpeg 300w, https:\/\/mppee.gob.ve\/wp-content\/uploads\/2021\/06\/WhatsApp-Image-2021-06-14-at-10.03.25-PM-1024x683.jpeg 1024w, https:\/\/mppee.gob.ve\/wp-content\/uploads\/2021\/06\/WhatsApp-Image-2021-06-14-at-10.03.25-PM-768x512.jpeg 768w, https:\/\/mppee.gob.ve\/wp-content\/uploads\/2021\/06\/WhatsApp-Image-2021-06-14-at-10.03.25-PM.jpeg 1080w\" sizes=\"auto, (max-width: 300px) 100vw, 300px\" \/>El ministro del Poder Popular para la Energ\u00eda El\u00e9ctrica, G\/J N\u00e9stor Reverol, junto a las autoridades de los entes adscritos de esta cartera, as\u00ed como los gerentes generales de Corpoelec, revisaron los planes estrat\u00e9gicos para la estabilizaci\u00f3n y confiabilidad del Sistema El\u00e9ctrico Nacional.<\/p>\n<p style=\"text-align: justify;\"><strong>\u00abEntre las acciones evaluadas se encuentran el mantenimiento de subestaciones el\u00e9ctricas, Plan Pica, Poda y Tala, as\u00ed como el mejoramiento de los procesos internos de la Corporaci\u00f3n\u00bb<\/strong>, inform\u00f3 a trav\u00e9s de una publicaci\u00f3n en su cuenta, en la red social Instagram @reverolnestor.<\/p>\n<p style=\"text-align: justify;\"><img loading=\"lazy\" decoding=\"async\" class=\"size-medium wp-image-84210 alignright\" src=\"http:\/\/10.200.87.50\/mppee\/wp-content\/uploads\/2021\/06\/WhatsApp-Image-2021-06-14-at-10.03.25-PM1-300x200.jpeg\" alt=\"\" width=\"300\" height=\"200\" srcset=\"https:\/\/mppee.gob.ve\/wp-content\/uploads\/2021\/06\/WhatsApp-Image-2021-06-14-at-10.03.25-PM1-300x200.jpeg 300w, https:\/\/mppee.gob.ve\/wp-content\/uploads\/2021\/06\/WhatsApp-Image-2021-06-14-at-10.03.25-PM1-1024x683.jpeg 1024w, https:\/\/mppee.gob.ve\/wp-content\/uploads\/2021\/06\/WhatsApp-Image-2021-06-14-at-10.03.25-PM1-768x512.jpeg 768w, https:\/\/mppee.gob.ve\/wp-content\/uploads\/2021\/06\/WhatsApp-Image-2021-06-14-at-10.03.25-PM1.jpeg 1080w\" sizes=\"auto, (max-width: 300px) 100vw, 300px\" \/>Asegur\u00f3 que la fuerza trabajadora del Sistema El\u00e9ctrico Nacional, contin\u00faa en pie de lucha para garantizar un servicio \u00f3ptimo y de calidad.<\/p>\n<p style=\"text-align: justify;\">Estas acciones ejecutadas por el Gobierno nacional, forman parte del Plan Guaicaipuro, que tiene como prop\u00f3sito reforzar y fortalecer los servicios p\u00fablicos en la Gran Caracas.<\/p>\n<p style=\"text-align: justify;\"><strong>Prensa MPPEE<\/strong><\/p>\n<figure id=\"attachment_84208\" aria-describedby=\"caption-attachment-84208\" style=\"width: 1080px\" class=\"wp-caption alignnone\"><img loading=\"lazy\" decoding=\"async\" class=\"wp-image-84208 size-full\" src=\"http:\/\/10.200.87.50\/mppee\/wp-content\/uploads\/2021\/06\/WhatsApp-Image-2021-06-14-at-10.03.25-PM3.jpeg\" alt=\"\" width=\"1080\" height=\"720\" srcset=\"https:\/\/mppee.gob.ve\/wp-content\/uploads\/2021\/06\/WhatsApp-Image-2021-06-14-at-10.03.25-PM3.jpeg 1080w, https:\/\/mppee.gob.ve\/wp-content\/uploads\/2021\/06\/WhatsApp-Image-2021-06-14-at-10.03.25-PM3-300x200.jpeg 300w, https:\/\/mppee.gob.ve\/wp-content\/uploads\/2021\/06\/WhatsApp-Image-2021-06-14-at-10.03.25-PM3-1024x683.jpeg 1024w, https:\/\/mppee.gob.ve\/wp-content\/uploads\/2021\/06\/WhatsApp-Image-2021-06-14-at-10.03.25-PM3-768x512.jpeg 768w\" sizes=\"auto, (max-width: 1080px) 100vw, 1080px\" \/><figcaption id=\"caption-attachment-84208\" class=\"wp-caption-text\">Ministro del Poder Popular para la Energ\u00eda El\u00e9ctrica, G\/J N\u00e9stor Reverol<\/figcaption><\/figure>\n<p><img loading=\"lazy\" decoding=\"async\" class=\"alignnone wp-image-84206 size-full\" src=\"http:\/\/10.200.87.50\/mppee\/wp-content\/uploads\/2021\/06\/WhatsApp-Image-2021-06-14-at-10.03.26-PM1.jpeg\" alt=\"\" width=\"1080\" height=\"720\" srcset=\"https:\/\/mppee.gob.ve\/wp-content\/uploads\/2021\/06\/WhatsApp-Image-2021-06-14-at-10.03.26-PM1.jpeg 1080w, https:\/\/mppee.gob.ve\/wp-content\/uploads\/2021\/06\/WhatsApp-Image-2021-06-14-at-10.03.26-PM1-300x200.jpeg 300w, https:\/\/mppee.gob.ve\/wp-content\/uploads\/2021\/06\/WhatsApp-Image-2021-06-14-at-10.03.26-PM1-1024x683.jpeg 1024w, https:\/\/mppee.gob.ve\/wp-content\/uploads\/2021\/06\/WhatsApp-Image-2021-06-14-at-10.03.26-PM1-768x512.jpeg 768w\" sizes=\"auto, (max-width: 1080px) 100vw, 1080px\" \/><\/p>\n","protected":false},"excerpt":{"rendered":"<p>El ministro del Poder Popular para la Energ\u00eda El\u00e9ctrica, G\/J N\u00e9stor Reverol, junto a las autoridades de los entes adscritos<\/p>\n","protected":false},"author":12,"featured_media":84207,"comment_status":"open","ping_status":"open","sticky":false,"template":"","format":"standard","meta":{"footnotes":""},"categories":[30],"tags":[11],"class_list":["post-84204","post","type-post","status-publish","format-standard","has-post-thumbnail","hentry","category-regionales","tag-mppee"],"_links":{"self":[{"href":"https:\/\/mppee.gob.ve\/index.php?rest_route=\/wp\/v2\/posts\/84204","targetHints":{"allow":["GET"]}}],"collection":[{"href":"https:\/\/mppee.gob.ve\/index.php?rest_route=\/wp\/v2\/posts"}],"about":[{"href":"https:\/\/mppee.gob.ve\/index.php?rest_route=\/wp\/v2\/types\/post"}],"author":[{"embeddable":true,"href":"https:\/\/mppee.gob.ve\/index.php?rest_route=\/wp\/v2\/users\/12"}],"replies":[{"embeddable":true,"href":"https:\/\/mppee.gob.ve\/index.php?rest_route=%2Fwp%2Fv2%2Fcomments&post=84204"}],"version-history":[{"count":2,"href":"https:\/\/mppee.gob.ve\/index.php?rest_route=\/wp\/v2\/posts\/84204\/revisions"}],"predecessor-version":[{"id":84212,"href":"https:\/\/mppee.gob.ve\/index.php?rest_route=\/wp\/v2\/posts\/84204\/revisions\/84212"}],"wp:featuredmedia":[{"embeddable":true,"href":"https:\/\/mppee.gob.ve\/index.php?rest_route=\/wp\/v2\/media\/84207"}],"wp:attachment":[{"href":"https:\/\/mppee.gob.ve\/index.php?rest_route=%2Fwp%2Fv2%2Fmedia&parent=84204"}],"wp:term":[{"taxonomy":"category","embeddable":true,"href":"https:\/\/mppee.gob.ve\/index.php?rest_route=%2Fwp%2Fv2%2Fcategories&post=84204"},{"taxonomy":"post_tag","embeddable":true,"href":"https:\/\/mppee.gob.ve\/index.php?rest_route=%2Fwp%2Fv2%2Ftags&post=84204"}],"curies":[{"name":"wp","href":"https:\/\/api.w.org\/{rel}","templated":true}]}}