{"id":84272,"date":"2021-06-23T13:48:00","date_gmt":"2021-06-23T13:48:00","guid":{"rendered":"http:\/\/10.200.87.50\/mppee\/?p=84272"},"modified":"2021-06-25T14:12:12","modified_gmt":"2021-06-25T14:12:12","slug":"inicia-plan-de-atencion-del-area-de-transmision-en-subestaciones-de-corpoelec","status":"publish","type":"post","link":"https:\/\/mppee.gob.ve\/?p=84272","title":{"rendered":"Inicia Plan de Atenci\u00f3n del \u00c1rea de Transmisi\u00f3n en subestaciones de Corpoelec"},"content":{"rendered":"<p style=\"text-align: justify;\"><img loading=\"lazy\" decoding=\"async\" class=\"size-medium wp-image-84279 alignleft\" src=\"http:\/\/10.200.87.50\/mppee\/wp-content\/uploads\/2021\/06\/WhatsApp-Image-2021-06-23-at-5.46.56-PM-300x193.jpeg\" alt=\"\" width=\"300\" height=\"193\" srcset=\"https:\/\/mppee.gob.ve\/wp-content\/uploads\/2021\/06\/WhatsApp-Image-2021-06-23-at-5.46.56-PM-300x193.jpeg 300w, https:\/\/mppee.gob.ve\/wp-content\/uploads\/2021\/06\/WhatsApp-Image-2021-06-23-at-5.46.56-PM-1024x659.jpeg 1024w, https:\/\/mppee.gob.ve\/wp-content\/uploads\/2021\/06\/WhatsApp-Image-2021-06-23-at-5.46.56-PM-768x494.jpeg 768w, https:\/\/mppee.gob.ve\/wp-content\/uploads\/2021\/06\/WhatsApp-Image-2021-06-23-at-5.46.56-PM.jpeg 1080w\" sizes=\"auto, (max-width: 300px) 100vw, 300px\" \/>Este mi\u00e9rcoles, el ministro del Poder Popular para la Energ\u00eda El\u00e9ctrica, G\/J N\u00e9stor Reverol, dio inicio al Plan de Atenci\u00f3n del \u00c1rea de Transmisi\u00f3n de la Corporaci\u00f3n El\u00e9ctrica Nacional (Corpoelec), a trav\u00e9s una supervisi\u00f3n y verificaci\u00f3n del funcionamiento de la Subestaci\u00f3n Santa Teresa III, en el municipio Independencia del estado Miranda.<\/p>\n<p style=\"text-align: justify;\">Mediante una publicaci\u00f3n en la cuenta de Instagram @reverolnestor indic\u00f3 que,<strong> \u201cdurante el recorrido conversamos con la fuerza trabajadora de la Gerencia General de Transmisi\u00f3n, para conocer las necesidades sustantivas que permitan mejorar los procesos de esta sede\u201d.<\/strong><\/p>\n<p style=\"text-align: justify;\"><img loading=\"lazy\" decoding=\"async\" class=\"size-medium wp-image-84278 alignright\" src=\"http:\/\/10.200.87.50\/mppee\/wp-content\/uploads\/2021\/06\/WhatsApp-Image-2021-06-23-at-5.46.56-PM3-300x200.jpeg\" alt=\"\" width=\"300\" height=\"200\" srcset=\"https:\/\/mppee.gob.ve\/wp-content\/uploads\/2021\/06\/WhatsApp-Image-2021-06-23-at-5.46.56-PM3-300x200.jpeg 300w, https:\/\/mppee.gob.ve\/wp-content\/uploads\/2021\/06\/WhatsApp-Image-2021-06-23-at-5.46.56-PM3-1024x683.jpeg 1024w, https:\/\/mppee.gob.ve\/wp-content\/uploads\/2021\/06\/WhatsApp-Image-2021-06-23-at-5.46.56-PM3-768x512.jpeg 768w, https:\/\/mppee.gob.ve\/wp-content\/uploads\/2021\/06\/WhatsApp-Image-2021-06-23-at-5.46.56-PM3.jpeg 1080w\" sizes=\"auto, (max-width: 300px) 100vw, 300px\" \/>El tambi\u00e9n Vicepresidente Sectorial de Obras P\u00fablicas y Servicios, destac\u00f3 que contin\u00faan desplegados por instrucci\u00f3n del presidente de la Rep\u00fablica, Nicol\u00e1s Maduro, para la verificaci\u00f3n de todas las \u00e1reas medulares del Sistema El\u00e9ctrico Nacional, con el prop\u00f3sito de garantizar su estabilizaci\u00f3n y confiabilidad.<\/p>\n<p style=\"text-align: justify;\"><strong>Prensa Mppee<\/strong><\/p>\n<p><img loading=\"lazy\" decoding=\"async\" class=\"alignnone wp-image-84276 size-full\" src=\"http:\/\/10.200.87.50\/mppee\/wp-content\/uploads\/2021\/06\/WhatsApp-Image-2021-06-23-at-5.46.56-PM1.jpeg\" alt=\"\" width=\"1080\" height=\"756\" srcset=\"https:\/\/mppee.gob.ve\/wp-content\/uploads\/2021\/06\/WhatsApp-Image-2021-06-23-at-5.46.56-PM1.jpeg 1080w, https:\/\/mppee.gob.ve\/wp-content\/uploads\/2021\/06\/WhatsApp-Image-2021-06-23-at-5.46.56-PM1-300x210.jpeg 300w, https:\/\/mppee.gob.ve\/wp-content\/uploads\/2021\/06\/WhatsApp-Image-2021-06-23-at-5.46.56-PM1-1024x717.jpeg 1024w, https:\/\/mppee.gob.ve\/wp-content\/uploads\/2021\/06\/WhatsApp-Image-2021-06-23-at-5.46.56-PM1-768x538.jpeg 768w, https:\/\/mppee.gob.ve\/wp-content\/uploads\/2021\/06\/WhatsApp-Image-2021-06-23-at-5.46.56-PM1-130x90.jpeg 130w\" sizes=\"auto, (max-width: 1080px) 100vw, 1080px\" \/> <img loading=\"lazy\" decoding=\"async\" class=\"alignnone wp-image-84275 size-full\" src=\"http:\/\/10.200.87.50\/mppee\/wp-content\/uploads\/2021\/06\/WhatsApp-Image-2021-06-23-at-5.46.55-PM.jpeg\" alt=\"\" width=\"1080\" height=\"720\" srcset=\"https:\/\/mppee.gob.ve\/wp-content\/uploads\/2021\/06\/WhatsApp-Image-2021-06-23-at-5.46.55-PM.jpeg 1080w, https:\/\/mppee.gob.ve\/wp-content\/uploads\/2021\/06\/WhatsApp-Image-2021-06-23-at-5.46.55-PM-300x200.jpeg 300w, https:\/\/mppee.gob.ve\/wp-content\/uploads\/2021\/06\/WhatsApp-Image-2021-06-23-at-5.46.55-PM-1024x683.jpeg 1024w, https:\/\/mppee.gob.ve\/wp-content\/uploads\/2021\/06\/WhatsApp-Image-2021-06-23-at-5.46.55-PM-768x512.jpeg 768w\" sizes=\"auto, (max-width: 1080px) 100vw, 1080px\" \/> <img loading=\"lazy\" decoding=\"async\" class=\"alignnone wp-image-84274 size-full\" src=\"http:\/\/10.200.87.50\/mppee\/wp-content\/uploads\/2021\/06\/WhatsApp-Image-2021-06-23-at-5.46.55-PM2.jpeg\" alt=\"\" width=\"1080\" height=\"720\" srcset=\"https:\/\/mppee.gob.ve\/wp-content\/uploads\/2021\/06\/WhatsApp-Image-2021-06-23-at-5.46.55-PM2.jpeg 1080w, https:\/\/mppee.gob.ve\/wp-content\/uploads\/2021\/06\/WhatsApp-Image-2021-06-23-at-5.46.55-PM2-300x200.jpeg 300w, https:\/\/mppee.gob.ve\/wp-content\/uploads\/2021\/06\/WhatsApp-Image-2021-06-23-at-5.46.55-PM2-1024x683.jpeg 1024w, https:\/\/mppee.gob.ve\/wp-content\/uploads\/2021\/06\/WhatsApp-Image-2021-06-23-at-5.46.55-PM2-768x512.jpeg 768w\" sizes=\"auto, (max-width: 1080px) 100vw, 1080px\" \/> <img loading=\"lazy\" decoding=\"async\" class=\"alignnone wp-image-84273 size-full\" src=\"http:\/\/10.200.87.50\/mppee\/wp-content\/uploads\/2021\/06\/WhatsApp-Image-2021-06-23-at-5.46.55-PM1.jpeg\" alt=\"\" width=\"1080\" height=\"720\" srcset=\"https:\/\/mppee.gob.ve\/wp-content\/uploads\/2021\/06\/WhatsApp-Image-2021-06-23-at-5.46.55-PM1.jpeg 1080w, https:\/\/mppee.gob.ve\/wp-content\/uploads\/2021\/06\/WhatsApp-Image-2021-06-23-at-5.46.55-PM1-300x200.jpeg 300w, https:\/\/mppee.gob.ve\/wp-content\/uploads\/2021\/06\/WhatsApp-Image-2021-06-23-at-5.46.55-PM1-1024x683.jpeg 1024w, https:\/\/mppee.gob.ve\/wp-content\/uploads\/2021\/06\/WhatsApp-Image-2021-06-23-at-5.46.55-PM1-768x512.jpeg 768w\" sizes=\"auto, (max-width: 1080px) 100vw, 1080px\" \/><\/p>\n","protected":false},"excerpt":{"rendered":"<p>Este mi\u00e9rcoles, el ministro del Poder Popular para la Energ\u00eda El\u00e9ctrica, G\/J N\u00e9stor Reverol, dio inicio al Plan de Atenci\u00f3n<\/p>\n","protected":false},"author":12,"featured_media":84277,"comment_status":"open","ping_status":"open","sticky":false,"template":"","format":"standard","meta":{"footnotes":""},"categories":[15],"tags":[11],"class_list":["post-84272","post","type-post","status-publish","format-standard","has-post-thumbnail","hentry","category-nacionales","tag-mppee"],"_links":{"self":[{"href":"https:\/\/mppee.gob.ve\/index.php?rest_route=\/wp\/v2\/posts\/84272","targetHints":{"allow":["GET"]}}],"collection":[{"href":"https:\/\/mppee.gob.ve\/index.php?rest_route=\/wp\/v2\/posts"}],"about":[{"href":"https:\/\/mppee.gob.ve\/index.php?rest_route=\/wp\/v2\/types\/post"}],"author":[{"embeddable":true,"href":"https:\/\/mppee.gob.ve\/index.php?rest_route=\/wp\/v2\/users\/12"}],"replies":[{"embeddable":true,"href":"https:\/\/mppee.gob.ve\/index.php?rest_route=%2Fwp%2Fv2%2Fcomments&post=84272"}],"version-history":[{"count":1,"href":"https:\/\/mppee.gob.ve\/index.php?rest_route=\/wp\/v2\/posts\/84272\/revisions"}],"predecessor-version":[{"id":84280,"href":"https:\/\/mppee.gob.ve\/index.php?rest_route=\/wp\/v2\/posts\/84272\/revisions\/84280"}],"wp:featuredmedia":[{"embeddable":true,"href":"https:\/\/mppee.gob.ve\/index.php?rest_route=\/wp\/v2\/media\/84277"}],"wp:attachment":[{"href":"https:\/\/mppee.gob.ve\/index.php?rest_route=%2Fwp%2Fv2%2Fmedia&parent=84272"}],"wp:term":[{"taxonomy":"category","embeddable":true,"href":"https:\/\/mppee.gob.ve\/index.php?rest_route=%2Fwp%2Fv2%2Fcategories&post=84272"},{"taxonomy":"post_tag","embeddable":true,"href":"https:\/\/mppee.gob.ve\/index.php?rest_route=%2Fwp%2Fv2%2Ftags&post=84272"}],"curies":[{"name":"wp","href":"https:\/\/api.w.org\/{rel}","templated":true}]}}