{"id":84313,"date":"2021-06-30T20:04:40","date_gmt":"2021-06-30T20:04:40","guid":{"rendered":"http:\/\/10.200.87.50\/mppee\/?p=84313"},"modified":"2021-06-30T20:06:48","modified_gmt":"2021-06-30T20:06:48","slug":"vicepresidencia-de-servicios-culmino-abordaje-integral-en-la-parroquia-el-recreo","status":"publish","type":"post","link":"https:\/\/mppee.gob.ve\/?p=84313","title":{"rendered":"Vicepresidencia de Servicios culmin\u00f3 abordaje integral en la parroquia El Recreo"},"content":{"rendered":"<p style=\"text-align: justify;\"><img loading=\"lazy\" decoding=\"async\" class=\"size-medium wp-image-84319 alignleft\" src=\"http:\/\/10.200.87.50\/mppee\/wp-content\/uploads\/2021\/06\/WhatsApp-Image-2021-06-30-at-3.52.10-PM-300x200.jpeg\" alt=\"\" width=\"300\" height=\"200\" srcset=\"https:\/\/mppee.gob.ve\/wp-content\/uploads\/2021\/06\/WhatsApp-Image-2021-06-30-at-3.52.10-PM-300x200.jpeg 300w, https:\/\/mppee.gob.ve\/wp-content\/uploads\/2021\/06\/WhatsApp-Image-2021-06-30-at-3.52.10-PM-768x512.jpeg 768w, https:\/\/mppee.gob.ve\/wp-content\/uploads\/2021\/06\/WhatsApp-Image-2021-06-30-at-3.52.10-PM.jpeg 912w\" sizes=\"auto, (max-width: 300px) 100vw, 300px\" \/>El vicepresidente Sectorial de Obras P\u00fablicas y Servicios, G\/J N\u00e9stor Reverol, indic\u00f3 que m\u00e1s de 500 hombres y mujeres pertenecientes a las diversas instituciones de esta cartera, estuvieron desplegados por cada avenida, calle y comunidad de la parroquia El Recreo para la celebraci\u00f3n del Bicentenario de la Entrada Triunfal de El Libertador Sim\u00f3n Bol\u00edvar a la ciudad capital, como parte de las acciones ejecutas por el Plan Caracas Patriota, Bella y Segura.<\/p>\n<p style=\"text-align: justify;\">As\u00ed lo inform\u00f3, a trav\u00e9s de sus cuenta en la red social Instagram @reverolnestor.<strong> \u201cEn esta importante recuperaci\u00f3n de espacios, realizamos la instalaci\u00f3n de 1.675 luminarias en 39 km de v\u00edas p\u00fablicas; se retiraron 1.116 metros c\u00fabicos de desechos vegetales y fueron intervenidas 9 plazas para el disfrute del buen vivir de los caraque\u00f1os\u201d.<\/strong><\/p>\n<p style=\"text-align: justify;\"><img loading=\"lazy\" decoding=\"async\" class=\"size-medium wp-image-84318 alignright\" src=\"http:\/\/10.200.87.50\/mppee\/wp-content\/uploads\/2021\/06\/WhatsApp-Image-2021-06-30-at-3.52.10-PM2-300x200.jpeg\" alt=\"\" width=\"300\" height=\"200\" srcset=\"https:\/\/mppee.gob.ve\/wp-content\/uploads\/2021\/06\/WhatsApp-Image-2021-06-30-at-3.52.10-PM2-300x200.jpeg 300w, https:\/\/mppee.gob.ve\/wp-content\/uploads\/2021\/06\/WhatsApp-Image-2021-06-30-at-3.52.10-PM2-768x512.jpeg 768w, https:\/\/mppee.gob.ve\/wp-content\/uploads\/2021\/06\/WhatsApp-Image-2021-06-30-at-3.52.10-PM2.jpeg 912w\" sizes=\"auto, (max-width: 300px) 100vw, 300px\" \/>El tambi\u00e9n Ministro del Poder Popular para la Energ\u00eda El\u00e9ctrica destac\u00f3 que en articulaci\u00f3n con el Poder Popular, se realizaron la sustituci\u00f3n de 5.572 bombillos incandescentes por tecnolog\u00eda LED, en los hogares de la parroquia, para contribuir con las acciones de estabilizaci\u00f3n y confiabilidad del Sistema El\u00e9ctrico Nacional (SEN) a trav\u00e9s del uso racional y eficiente de la energ\u00eda.<\/p>\n<p style=\"text-align: justify;\">El Plan Caracas Patriota, Bella y Segura que busc\u00f3 elevar la belleza de la capital venezolana, ante la celebraci\u00f3n de los 200 a\u00f1os de la gesta heroica y libertaria de la Batalla de Carabobo.<\/p>\n<p style=\"text-align: justify;\"><strong>Prensa Vsops<br \/>\n<\/strong><\/p>\n<p><img loading=\"lazy\" decoding=\"async\" class=\"alignnone wp-image-84317 size-full\" src=\"http:\/\/10.200.87.50\/mppee\/wp-content\/uploads\/2021\/06\/WhatsApp-Image-2021-06-30-at-3.52.10-PM1.jpeg\" alt=\"\" width=\"912\" height=\"608\" srcset=\"https:\/\/mppee.gob.ve\/wp-content\/uploads\/2021\/06\/WhatsApp-Image-2021-06-30-at-3.52.10-PM1.jpeg 912w, https:\/\/mppee.gob.ve\/wp-content\/uploads\/2021\/06\/WhatsApp-Image-2021-06-30-at-3.52.10-PM1-300x200.jpeg 300w, https:\/\/mppee.gob.ve\/wp-content\/uploads\/2021\/06\/WhatsApp-Image-2021-06-30-at-3.52.10-PM1-768x512.jpeg 768w\" sizes=\"auto, (max-width: 912px) 100vw, 912px\" \/> <img loading=\"lazy\" decoding=\"async\" class=\"alignnone wp-image-84315 size-full\" src=\"http:\/\/10.200.87.50\/mppee\/wp-content\/uploads\/2021\/06\/WhatsApp-Image-2021-06-30-at-3.52.09-PM2.jpeg\" alt=\"\" width=\"912\" height=\"608\" srcset=\"https:\/\/mppee.gob.ve\/wp-content\/uploads\/2021\/06\/WhatsApp-Image-2021-06-30-at-3.52.09-PM2.jpeg 912w, https:\/\/mppee.gob.ve\/wp-content\/uploads\/2021\/06\/WhatsApp-Image-2021-06-30-at-3.52.09-PM2-300x200.jpeg 300w, https:\/\/mppee.gob.ve\/wp-content\/uploads\/2021\/06\/WhatsApp-Image-2021-06-30-at-3.52.09-PM2-768x512.jpeg 768w\" sizes=\"auto, (max-width: 912px) 100vw, 912px\" \/> <img loading=\"lazy\" decoding=\"async\" class=\"alignnone wp-image-84314 size-full\" src=\"http:\/\/10.200.87.50\/mppee\/wp-content\/uploads\/2021\/06\/WhatsApp-Image-2021-06-30-at-3.52.09-PM1.jpeg\" alt=\"\" width=\"912\" height=\"608\" srcset=\"https:\/\/mppee.gob.ve\/wp-content\/uploads\/2021\/06\/WhatsApp-Image-2021-06-30-at-3.52.09-PM1.jpeg 912w, https:\/\/mppee.gob.ve\/wp-content\/uploads\/2021\/06\/WhatsApp-Image-2021-06-30-at-3.52.09-PM1-300x200.jpeg 300w, https:\/\/mppee.gob.ve\/wp-content\/uploads\/2021\/06\/WhatsApp-Image-2021-06-30-at-3.52.09-PM1-768x512.jpeg 768w\" sizes=\"auto, (max-width: 912px) 100vw, 912px\" \/><\/p>\n","protected":false},"excerpt":{"rendered":"<p>El vicepresidente Sectorial de Obras P\u00fablicas y Servicios, G\/J N\u00e9stor Reverol, indic\u00f3 que m\u00e1s de 500 hombres y mujeres pertenecientes<\/p>\n","protected":false},"author":12,"featured_media":84316,"comment_status":"open","ping_status":"open","sticky":false,"template":"","format":"standard","meta":{"footnotes":""},"categories":[30],"tags":[11],"class_list":["post-84313","post","type-post","status-publish","format-standard","has-post-thumbnail","hentry","category-regionales","tag-mppee"],"_links":{"self":[{"href":"https:\/\/mppee.gob.ve\/index.php?rest_route=\/wp\/v2\/posts\/84313","targetHints":{"allow":["GET"]}}],"collection":[{"href":"https:\/\/mppee.gob.ve\/index.php?rest_route=\/wp\/v2\/posts"}],"about":[{"href":"https:\/\/mppee.gob.ve\/index.php?rest_route=\/wp\/v2\/types\/post"}],"author":[{"embeddable":true,"href":"https:\/\/mppee.gob.ve\/index.php?rest_route=\/wp\/v2\/users\/12"}],"replies":[{"embeddable":true,"href":"https:\/\/mppee.gob.ve\/index.php?rest_route=%2Fwp%2Fv2%2Fcomments&post=84313"}],"version-history":[{"count":1,"href":"https:\/\/mppee.gob.ve\/index.php?rest_route=\/wp\/v2\/posts\/84313\/revisions"}],"predecessor-version":[{"id":84320,"href":"https:\/\/mppee.gob.ve\/index.php?rest_route=\/wp\/v2\/posts\/84313\/revisions\/84320"}],"wp:featuredmedia":[{"embeddable":true,"href":"https:\/\/mppee.gob.ve\/index.php?rest_route=\/wp\/v2\/media\/84316"}],"wp:attachment":[{"href":"https:\/\/mppee.gob.ve\/index.php?rest_route=%2Fwp%2Fv2%2Fmedia&parent=84313"}],"wp:term":[{"taxonomy":"category","embeddable":true,"href":"https:\/\/mppee.gob.ve\/index.php?rest_route=%2Fwp%2Fv2%2Fcategories&post=84313"},{"taxonomy":"post_tag","embeddable":true,"href":"https:\/\/mppee.gob.ve\/index.php?rest_route=%2Fwp%2Fv2%2Ftags&post=84313"}],"curies":[{"name":"wp","href":"https:\/\/api.w.org\/{rel}","templated":true}]}}