{"id":84321,"date":"2021-07-06T15:37:00","date_gmt":"2021-07-06T15:37:00","guid":{"rendered":"http:\/\/10.200.87.50\/mppee\/?p=84321"},"modified":"2021-07-07T18:13:32","modified_gmt":"2021-07-07T18:13:32","slug":"establecen-acciones-para-rehabilitar-sistema-hidrico-en-cinco-parroquias-de-caracas","status":"publish","type":"post","link":"https:\/\/mppee.gob.ve\/?p=84321","title":{"rendered":"Establecen acciones para rehabilitar sistema h\u00eddrico en cinco parroquias de Caracas"},"content":{"rendered":"<p style=\"text-align: justify;\"><img loading=\"lazy\" decoding=\"async\" class=\"size-medium wp-image-84324 alignleft\" src=\"http:\/\/10.200.87.50\/mppee\/wp-content\/uploads\/2021\/07\/WhatsApp-Image-2021-07-06-at-10.05.54-PM2-300x215.jpeg\" alt=\"\" width=\"300\" height=\"215\" srcset=\"https:\/\/mppee.gob.ve\/wp-content\/uploads\/2021\/07\/WhatsApp-Image-2021-07-06-at-10.05.54-PM2-300x215.jpeg 300w, https:\/\/mppee.gob.ve\/wp-content\/uploads\/2021\/07\/WhatsApp-Image-2021-07-06-at-10.05.54-PM2-1024x734.jpeg 1024w, https:\/\/mppee.gob.ve\/wp-content\/uploads\/2021\/07\/WhatsApp-Image-2021-07-06-at-10.05.54-PM2-768x550.jpeg 768w, https:\/\/mppee.gob.ve\/wp-content\/uploads\/2021\/07\/WhatsApp-Image-2021-07-06-at-10.05.54-PM2.jpeg 1080w\" sizes=\"auto, (max-width: 300px) 100vw, 300px\" \/>Este martes, el vicepresidente Sectorial de Obras P\u00fablicas y Servicios, G\/J N\u00e9stor Reverol, sostuvo un encuentro con la ministra del Poder Popular para la Atenci\u00f3n de las Aguas, Evelyn V\u00e1squez; el presidente de Hidrocapital, G\/D Randy Rodr\u00edguez y el Poder Popular, en el Parque Ezequiel Zamora de Caracas, a fin de establecer la ruta de acci\u00f3n de los trabajos que se ejecutar\u00e1n para la recuperaci\u00f3n del sistema h\u00eddrico en las parroquias San Juan, Santa Teresa, Catedral, 23 de Enero y Altagracia de la ciudad capital.<\/p>\n<p style=\"text-align: justify;\">A trav\u00e9s de una publicaci\u00f3n, en su cuenta en la red social Instagram @reverolnestor, destac\u00f3 que,<strong> \u00abcon esta acci\u00f3n estamos cumpliendo con la instrucci\u00f3n de nuestro Presidente @NicolasMaduro sobre la atenci\u00f3n inmediata a las comunidades, la ampliaci\u00f3n de la capacidad de almacenamiento del vital l\u00edquido y la continuidad del Plan Complementario de Abastecimiento de Agua Potable a m\u00e1s de 68.000 familias\u00bb.<\/strong><\/p>\n<p style=\"text-align: justify;\"><img loading=\"lazy\" decoding=\"async\" class=\"size-medium wp-image-84323 alignright\" src=\"http:\/\/10.200.87.50\/mppee\/wp-content\/uploads\/2021\/07\/WhatsApp-Image-2021-07-06-at-10.05.54-PM1-300x200.jpeg\" alt=\"\" width=\"300\" height=\"200\" srcset=\"https:\/\/mppee.gob.ve\/wp-content\/uploads\/2021\/07\/WhatsApp-Image-2021-07-06-at-10.05.54-PM1-300x200.jpeg 300w, https:\/\/mppee.gob.ve\/wp-content\/uploads\/2021\/07\/WhatsApp-Image-2021-07-06-at-10.05.54-PM1-768x512.jpeg 768w, https:\/\/mppee.gob.ve\/wp-content\/uploads\/2021\/07\/WhatsApp-Image-2021-07-06-at-10.05.54-PM1.jpeg 912w\" sizes=\"auto, (max-width: 300px) 100vw, 300px\" \/>El tambi\u00e9n Ministro del Poder Popular para la Energ\u00eda El\u00e9ctrica, indic\u00f3 que durante el encuentro se evaluaron las l\u00edneas estrat\u00e9gicas para la recuperaci\u00f3n por completo del parque El Calvario, donde los trabajadores de Corpoelec se desplegar\u00e1n a trav\u00e9s del Plan Integral de Iluminaci\u00f3n para garantizar mayor seguridad y bienestar social.<\/p>\n<p style=\"text-align: justify;\"><strong>\u00abEstamos seguros que de la mano con nuestras comunidades organizadas y junto a nuestra fuerza trabajadora lograremos el fortalecimiento y optimizaci\u00f3n de los servicios p\u00fablicos del pa\u00eds\u00bb<\/strong>, asever\u00f3.<\/p>\n<p style=\"text-align: justify;\"><strong><em>Respuesta inmediata<\/em><\/strong><\/p>\n<p style=\"text-align: justify;\">Estas acciones forman parte de la respuesta inmediata de los entes que integran la Vicepresidencia Sectorial de Obras P\u00fablicas y Servicios, como parte de las instrucciones dadas por el presidente de la Rep\u00fablica Bolivariana de Venezuela, Nicol\u00e1s Maduro Moros, el pasado domingo, para continuar el trabajo articulado con el Poder Popular en beneficio de la colectividad que hace vida en cada rinc\u00f3n del pa\u00eds.<\/p>\n<p style=\"text-align: justify;\"><strong>Prensa Vsops<\/strong><\/p>\n<p><img loading=\"lazy\" decoding=\"async\" class=\"alignnone wp-image-84322 size-full\" src=\"http:\/\/10.200.87.50\/mppee\/wp-content\/uploads\/2021\/07\/WhatsApp-Image-2021-07-06-at-10.05.53-PM.jpeg\" alt=\"\" width=\"912\" height=\"608\" srcset=\"https:\/\/mppee.gob.ve\/wp-content\/uploads\/2021\/07\/WhatsApp-Image-2021-07-06-at-10.05.53-PM.jpeg 912w, https:\/\/mppee.gob.ve\/wp-content\/uploads\/2021\/07\/WhatsApp-Image-2021-07-06-at-10.05.53-PM-300x200.jpeg 300w, https:\/\/mppee.gob.ve\/wp-content\/uploads\/2021\/07\/WhatsApp-Image-2021-07-06-at-10.05.53-PM-768x512.jpeg 768w\" sizes=\"auto, (max-width: 912px) 100vw, 912px\" \/> <img loading=\"lazy\" decoding=\"async\" class=\"alignnone wp-image-84323 size-full\" src=\"http:\/\/10.200.87.50\/mppee\/wp-content\/uploads\/2021\/07\/WhatsApp-Image-2021-07-06-at-10.05.54-PM1.jpeg\" alt=\"\" width=\"912\" height=\"608\" srcset=\"https:\/\/mppee.gob.ve\/wp-content\/uploads\/2021\/07\/WhatsApp-Image-2021-07-06-at-10.05.54-PM1.jpeg 912w, https:\/\/mppee.gob.ve\/wp-content\/uploads\/2021\/07\/WhatsApp-Image-2021-07-06-at-10.05.54-PM1-300x200.jpeg 300w, https:\/\/mppee.gob.ve\/wp-content\/uploads\/2021\/07\/WhatsApp-Image-2021-07-06-at-10.05.54-PM1-768x512.jpeg 768w\" sizes=\"auto, (max-width: 912px) 100vw, 912px\" \/><\/p>\n\n\n<p><\/p>\n","protected":false},"excerpt":{"rendered":"<p>Este martes, el vicepresidente Sectorial de Obras P\u00fablicas y Servicios, G\/J N\u00e9stor Reverol, sostuvo un encuentro con la ministra del<\/p>\n","protected":false},"author":12,"featured_media":84325,"comment_status":"open","ping_status":"open","sticky":false,"template":"","format":"standard","meta":{"footnotes":""},"categories":[30],"tags":[111,11],"class_list":["post-84321","post","type-post","status-publish","format-standard","has-post-thumbnail","hentry","category-regionales","tag-caracas","tag-mppee"],"_links":{"self":[{"href":"https:\/\/mppee.gob.ve\/index.php?rest_route=\/wp\/v2\/posts\/84321","targetHints":{"allow":["GET"]}}],"collection":[{"href":"https:\/\/mppee.gob.ve\/index.php?rest_route=\/wp\/v2\/posts"}],"about":[{"href":"https:\/\/mppee.gob.ve\/index.php?rest_route=\/wp\/v2\/types\/post"}],"author":[{"embeddable":true,"href":"https:\/\/mppee.gob.ve\/index.php?rest_route=\/wp\/v2\/users\/12"}],"replies":[{"embeddable":true,"href":"https:\/\/mppee.gob.ve\/index.php?rest_route=%2Fwp%2Fv2%2Fcomments&post=84321"}],"version-history":[{"count":1,"href":"https:\/\/mppee.gob.ve\/index.php?rest_route=\/wp\/v2\/posts\/84321\/revisions"}],"predecessor-version":[{"id":84326,"href":"https:\/\/mppee.gob.ve\/index.php?rest_route=\/wp\/v2\/posts\/84321\/revisions\/84326"}],"wp:featuredmedia":[{"embeddable":true,"href":"https:\/\/mppee.gob.ve\/index.php?rest_route=\/wp\/v2\/media\/84325"}],"wp:attachment":[{"href":"https:\/\/mppee.gob.ve\/index.php?rest_route=%2Fwp%2Fv2%2Fmedia&parent=84321"}],"wp:term":[{"taxonomy":"category","embeddable":true,"href":"https:\/\/mppee.gob.ve\/index.php?rest_route=%2Fwp%2Fv2%2Fcategories&post=84321"},{"taxonomy":"post_tag","embeddable":true,"href":"https:\/\/mppee.gob.ve\/index.php?rest_route=%2Fwp%2Fv2%2Ftags&post=84321"}],"curies":[{"name":"wp","href":"https:\/\/api.w.org\/{rel}","templated":true}]}}