{"id":84327,"date":"2021-07-07T19:24:55","date_gmt":"2021-07-07T19:24:55","guid":{"rendered":"http:\/\/10.200.87.50\/mppee\/?p=84327"},"modified":"2021-07-07T19:24:58","modified_gmt":"2021-07-07T19:24:58","slug":"general-en-jefe-reverol-resalta-valores-en-la-nueva-generacion-de-la-gnb","status":"publish","type":"post","link":"https:\/\/mppee.gob.ve\/?p=84327","title":{"rendered":"General en Jefe Reverol resalta valores en la nueva generaci\u00f3n de la GNB"},"content":{"rendered":"<p style=\"text-align: justify;\"><img loading=\"lazy\" decoding=\"async\" class=\"size-medium wp-image-84336 alignleft\" src=\"http:\/\/10.200.87.50\/mppee\/wp-content\/uploads\/2021\/07\/WhatsApp-Image-2021-07-07-at-3.15.44-PM-300x221.jpeg\" alt=\"\" width=\"300\" height=\"221\" srcset=\"https:\/\/mppee.gob.ve\/wp-content\/uploads\/2021\/07\/WhatsApp-Image-2021-07-07-at-3.15.44-PM-300x221.jpeg 300w, https:\/\/mppee.gob.ve\/wp-content\/uploads\/2021\/07\/WhatsApp-Image-2021-07-07-at-3.15.44-PM-1024x756.jpeg 1024w, https:\/\/mppee.gob.ve\/wp-content\/uploads\/2021\/07\/WhatsApp-Image-2021-07-07-at-3.15.44-PM-768x567.jpeg 768w, https:\/\/mppee.gob.ve\/wp-content\/uploads\/2021\/07\/WhatsApp-Image-2021-07-07-at-3.15.44-PM.jpeg 1080w\" sizes=\"auto, (max-width: 300px) 100vw, 300px\" \/>Con el objetivo de exaltar los valores, afianzar el sentido de pertenencia y tener vocaci\u00f3n para defender la Patria, el vicepresidente Sectorial de Obras P\u00fablicas y Servicios, General en Jefe N\u00e9stor Luis Reverol Torres, sostuvo un encuentro con los 105 alf\u00e9reces de la III Promoci\u00f3n Batalla de Niquitao que egresan de la Academia Militar de la Guardia Nacional Bolivariana.<\/p>\n<p style=\"text-align: justify;\"><strong>\u00abUstedes ser\u00e1n los nuevos h\u00e9roes y hero\u00ednas de la Patria, forjados como punta de lanza para garantizar la paz y la soberan\u00eda de la Naci\u00f3n con la premisa inmarcesible del honor y la justicia\u00bb<\/strong>, as\u00ed lo destac\u00f3 trav\u00e9s de una publicaci\u00f3n, en su cuenta en la red social Instagram @reverolnestor.<\/p>\n<p style=\"text-align: justify;\"><img loading=\"lazy\" decoding=\"async\" class=\"size-medium wp-image-84335 alignright\" src=\"http:\/\/10.200.87.50\/mppee\/wp-content\/uploads\/2021\/07\/WhatsApp-Image-2021-07-07-at-3.15.43-PM-300x238.jpeg\" alt=\"\" width=\"300\" height=\"238\" srcset=\"https:\/\/mppee.gob.ve\/wp-content\/uploads\/2021\/07\/WhatsApp-Image-2021-07-07-at-3.15.43-PM-300x238.jpeg 300w, https:\/\/mppee.gob.ve\/wp-content\/uploads\/2021\/07\/WhatsApp-Image-2021-07-07-at-3.15.43-PM-1024x814.jpeg 1024w, https:\/\/mppee.gob.ve\/wp-content\/uploads\/2021\/07\/WhatsApp-Image-2021-07-07-at-3.15.43-PM-768x610.jpeg 768w, https:\/\/mppee.gob.ve\/wp-content\/uploads\/2021\/07\/WhatsApp-Image-2021-07-07-at-3.15.43-PM.jpeg 1080w\" sizes=\"auto, (max-width: 300px) 100vw, 300px\" \/>El tambi\u00e9n Ministro del Poder Popular para la Energ\u00eda El\u00e9ctrica, asever\u00f3 qu\u00e9 en estos tiempos d\u00f3nde Venezuela es asediada por factores imperialistas, estos j\u00f3venes efectivos de la GNB estar\u00e1n de pie, sin rendirse, ni cansarse con un alto grado de conciencia por la independencia y la autodeterminaci\u00f3n.<\/p>\n<p style=\"text-align: justify;\"><strong>\u00abDesde mi coraz\u00f3n, les extiendo mis sinceras felicitaciones porque hoy, inician una carrera de manera exitosa. Cuenten ustedes con mi apoyo, desde cualquier trinchera\u00bb<\/strong>, dijo.<\/p>\n<p style=\"text-align: justify;\"><strong>S<\/strong><em><strong>oldados de la Patria<\/strong><\/em><\/p>\n<p style=\"text-align: justify;\"><img loading=\"lazy\" decoding=\"async\" class=\"size-medium wp-image-84334 alignleft\" src=\"http:\/\/10.200.87.50\/mppee\/wp-content\/uploads\/2021\/07\/WhatsApp-Image-2021-07-07-at-3.15.43-PM7-300x200.jpeg\" alt=\"\" width=\"300\" height=\"200\" srcset=\"https:\/\/mppee.gob.ve\/wp-content\/uploads\/2021\/07\/WhatsApp-Image-2021-07-07-at-3.15.43-PM7-300x200.jpeg 300w, https:\/\/mppee.gob.ve\/wp-content\/uploads\/2021\/07\/WhatsApp-Image-2021-07-07-at-3.15.43-PM7-1024x683.jpeg 1024w, https:\/\/mppee.gob.ve\/wp-content\/uploads\/2021\/07\/WhatsApp-Image-2021-07-07-at-3.15.43-PM7-768x512.jpeg 768w, https:\/\/mppee.gob.ve\/wp-content\/uploads\/2021\/07\/WhatsApp-Image-2021-07-07-at-3.15.43-PM7.jpeg 1080w\" sizes=\"auto, (max-width: 300px) 100vw, 300px\" \/>El pasado 5 de julio, el presidente de la Rep\u00fablica Bolivariana de Venezuela, Nicol\u00e1s Maduro, particip\u00f3 en el acto de ascenso de Generales de Brigada, Generales de Divisi\u00f3n, Contraalmirantes, Vicealmirantes y a los primeros de cada divisi\u00f3n de la Fuerza Armada Nacional Bolivariana (FANB).<\/p>\n<p style=\"text-align: justify;\">Durante la actividad exhort\u00f3 a defender cada d\u00eda la independencia del pa\u00eds, para tener una Patria grande y libre.<\/p>\n<p style=\"text-align: justify;\"><strong>Prensa Vpsops<\/strong><\/p>\n<p><img loading=\"lazy\" decoding=\"async\" class=\"alignnone wp-image-84333 size-full\" src=\"http:\/\/10.200.87.50\/mppee\/wp-content\/uploads\/2021\/07\/WhatsApp-Image-2021-07-07-at-3.15.43-PM6.jpeg\" alt=\"\" width=\"1080\" height=\"720\" srcset=\"https:\/\/mppee.gob.ve\/wp-content\/uploads\/2021\/07\/WhatsApp-Image-2021-07-07-at-3.15.43-PM6.jpeg 1080w, https:\/\/mppee.gob.ve\/wp-content\/uploads\/2021\/07\/WhatsApp-Image-2021-07-07-at-3.15.43-PM6-300x200.jpeg 300w, https:\/\/mppee.gob.ve\/wp-content\/uploads\/2021\/07\/WhatsApp-Image-2021-07-07-at-3.15.43-PM6-1024x683.jpeg 1024w, https:\/\/mppee.gob.ve\/wp-content\/uploads\/2021\/07\/WhatsApp-Image-2021-07-07-at-3.15.43-PM6-768x512.jpeg 768w\" sizes=\"auto, (max-width: 1080px) 100vw, 1080px\" \/> <img loading=\"lazy\" decoding=\"async\" class=\"alignnone wp-image-84331 size-full\" src=\"http:\/\/10.200.87.50\/mppee\/wp-content\/uploads\/2021\/07\/WhatsApp-Image-2021-07-07-at-3.15.43-PM3.jpeg\" alt=\"\" width=\"1080\" height=\"670\" srcset=\"https:\/\/mppee.gob.ve\/wp-content\/uploads\/2021\/07\/WhatsApp-Image-2021-07-07-at-3.15.43-PM3.jpeg 1080w, https:\/\/mppee.gob.ve\/wp-content\/uploads\/2021\/07\/WhatsApp-Image-2021-07-07-at-3.15.43-PM3-300x186.jpeg 300w, https:\/\/mppee.gob.ve\/wp-content\/uploads\/2021\/07\/WhatsApp-Image-2021-07-07-at-3.15.43-PM3-1024x635.jpeg 1024w, https:\/\/mppee.gob.ve\/wp-content\/uploads\/2021\/07\/WhatsApp-Image-2021-07-07-at-3.15.43-PM3-768x476.jpeg 768w\" sizes=\"auto, (max-width: 1080px) 100vw, 1080px\" \/> <img loading=\"lazy\" decoding=\"async\" class=\"alignnone wp-image-84330 size-full\" src=\"http:\/\/10.200.87.50\/mppee\/wp-content\/uploads\/2021\/07\/WhatsApp-Image-2021-07-07-at-3.15.43-PM2.jpeg\" alt=\"\" width=\"1080\" height=\"720\" srcset=\"https:\/\/mppee.gob.ve\/wp-content\/uploads\/2021\/07\/WhatsApp-Image-2021-07-07-at-3.15.43-PM2.jpeg 1080w, https:\/\/mppee.gob.ve\/wp-content\/uploads\/2021\/07\/WhatsApp-Image-2021-07-07-at-3.15.43-PM2-300x200.jpeg 300w, https:\/\/mppee.gob.ve\/wp-content\/uploads\/2021\/07\/WhatsApp-Image-2021-07-07-at-3.15.43-PM2-1024x683.jpeg 1024w, https:\/\/mppee.gob.ve\/wp-content\/uploads\/2021\/07\/WhatsApp-Image-2021-07-07-at-3.15.43-PM2-768x512.jpeg 768w\" sizes=\"auto, (max-width: 1080px) 100vw, 1080px\" \/> <img loading=\"lazy\" decoding=\"async\" class=\"alignnone wp-image-84329 size-full\" src=\"http:\/\/10.200.87.50\/mppee\/wp-content\/uploads\/2021\/07\/WhatsApp-Image-2021-07-07-at-3.15.43-PM1.jpeg\" alt=\"\" width=\"1080\" height=\"720\" srcset=\"https:\/\/mppee.gob.ve\/wp-content\/uploads\/2021\/07\/WhatsApp-Image-2021-07-07-at-3.15.43-PM1.jpeg 1080w, https:\/\/mppee.gob.ve\/wp-content\/uploads\/2021\/07\/WhatsApp-Image-2021-07-07-at-3.15.43-PM1-300x200.jpeg 300w, https:\/\/mppee.gob.ve\/wp-content\/uploads\/2021\/07\/WhatsApp-Image-2021-07-07-at-3.15.43-PM1-1024x683.jpeg 1024w, https:\/\/mppee.gob.ve\/wp-content\/uploads\/2021\/07\/WhatsApp-Image-2021-07-07-at-3.15.43-PM1-768x512.jpeg 768w\" sizes=\"auto, (max-width: 1080px) 100vw, 1080px\" \/> <img loading=\"lazy\" decoding=\"async\" class=\"alignnone wp-image-84328 size-full\" src=\"http:\/\/10.200.87.50\/mppee\/wp-content\/uploads\/2021\/07\/WhatsApp-Image-2021-07-07-at-3.15.42-PM.jpeg\" alt=\"\" width=\"1080\" height=\"826\" srcset=\"https:\/\/mppee.gob.ve\/wp-content\/uploads\/2021\/07\/WhatsApp-Image-2021-07-07-at-3.15.42-PM.jpeg 1080w, https:\/\/mppee.gob.ve\/wp-content\/uploads\/2021\/07\/WhatsApp-Image-2021-07-07-at-3.15.42-PM-300x229.jpeg 300w, https:\/\/mppee.gob.ve\/wp-content\/uploads\/2021\/07\/WhatsApp-Image-2021-07-07-at-3.15.42-PM-1024x783.jpeg 1024w, https:\/\/mppee.gob.ve\/wp-content\/uploads\/2021\/07\/WhatsApp-Image-2021-07-07-at-3.15.42-PM-768x587.jpeg 768w\" sizes=\"auto, (max-width: 1080px) 100vw, 1080px\" \/><\/p>\n","protected":false},"excerpt":{"rendered":"<p>Con el objetivo de exaltar los valores, afianzar el sentido de pertenencia y tener vocaci\u00f3n para defender la Patria, el<\/p>\n","protected":false},"author":12,"featured_media":84332,"comment_status":"open","ping_status":"open","sticky":false,"template":"","format":"standard","meta":{"footnotes":""},"categories":[30],"tags":[11],"class_list":["post-84327","post","type-post","status-publish","format-standard","has-post-thumbnail","hentry","category-regionales","tag-mppee"],"_links":{"self":[{"href":"https:\/\/mppee.gob.ve\/index.php?rest_route=\/wp\/v2\/posts\/84327","targetHints":{"allow":["GET"]}}],"collection":[{"href":"https:\/\/mppee.gob.ve\/index.php?rest_route=\/wp\/v2\/posts"}],"about":[{"href":"https:\/\/mppee.gob.ve\/index.php?rest_route=\/wp\/v2\/types\/post"}],"author":[{"embeddable":true,"href":"https:\/\/mppee.gob.ve\/index.php?rest_route=\/wp\/v2\/users\/12"}],"replies":[{"embeddable":true,"href":"https:\/\/mppee.gob.ve\/index.php?rest_route=%2Fwp%2Fv2%2Fcomments&post=84327"}],"version-history":[{"count":1,"href":"https:\/\/mppee.gob.ve\/index.php?rest_route=\/wp\/v2\/posts\/84327\/revisions"}],"predecessor-version":[{"id":84337,"href":"https:\/\/mppee.gob.ve\/index.php?rest_route=\/wp\/v2\/posts\/84327\/revisions\/84337"}],"wp:featuredmedia":[{"embeddable":true,"href":"https:\/\/mppee.gob.ve\/index.php?rest_route=\/wp\/v2\/media\/84332"}],"wp:attachment":[{"href":"https:\/\/mppee.gob.ve\/index.php?rest_route=%2Fwp%2Fv2%2Fmedia&parent=84327"}],"wp:term":[{"taxonomy":"category","embeddable":true,"href":"https:\/\/mppee.gob.ve\/index.php?rest_route=%2Fwp%2Fv2%2Fcategories&post=84327"},{"taxonomy":"post_tag","embeddable":true,"href":"https:\/\/mppee.gob.ve\/index.php?rest_route=%2Fwp%2Fv2%2Ftags&post=84327"}],"curies":[{"name":"wp","href":"https:\/\/api.w.org\/{rel}","templated":true}]}}