{"id":84378,"date":"2021-07-19T13:23:00","date_gmt":"2021-07-19T13:23:00","guid":{"rendered":"http:\/\/10.200.87.50\/mppee\/?p=84378"},"modified":"2021-07-20T13:32:17","modified_gmt":"2021-07-20T13:32:17","slug":"activan-plan-para-diagnosticar-y-fortalecer-servicios-publicos-en-el-pais","status":"publish","type":"post","link":"https:\/\/mppee.gob.ve\/?p=84378","title":{"rendered":"Activan plan para diagnosticar y fortalecer servicios p\u00fablicos en el pa\u00eds"},"content":{"rendered":"<p style=\"text-align: justify;\"><img loading=\"lazy\" decoding=\"async\" class=\"size-medium wp-image-84381 alignleft\" src=\"http:\/\/10.200.87.50\/mppee\/wp-content\/uploads\/2021\/07\/WhatsApp-Image-2021-07-19-at-8.41.41-PM-300x200.jpeg\" alt=\"\" width=\"300\" height=\"200\" srcset=\"https:\/\/mppee.gob.ve\/wp-content\/uploads\/2021\/07\/WhatsApp-Image-2021-07-19-at-8.41.41-PM-300x200.jpeg 300w, https:\/\/mppee.gob.ve\/wp-content\/uploads\/2021\/07\/WhatsApp-Image-2021-07-19-at-8.41.41-PM-1024x683.jpeg 1024w, https:\/\/mppee.gob.ve\/wp-content\/uploads\/2021\/07\/WhatsApp-Image-2021-07-19-at-8.41.41-PM-768x512.jpeg 768w, https:\/\/mppee.gob.ve\/wp-content\/uploads\/2021\/07\/WhatsApp-Image-2021-07-19-at-8.41.41-PM.jpeg 1080w\" sizes=\"auto, (max-width: 300px) 100vw, 300px\" \/>Este lunes, el vicepresidente Sectorial de Obras P\u00fablicas y Servicios, G\/J N\u00e9stor Reverol, inform\u00f3 la activaci\u00f3n de un despliegue nacional para realizar un diagn\u00f3stico de los principales sistemas de agua potable, electricidad, gas dom\u00e9stico, telecomunicaciones, vialidad y recolecci\u00f3n de desechos s\u00f3lidos en el pa\u00eds.<\/p>\n<p style=\"text-align: justify;\">A trav\u00e9s de su cuenta en la red social Instagram @reverolnestor, indic\u00f3 que de igual forma se desarrollar\u00e1 un <strong>\u00abplan de atenci\u00f3n en materia de servicios p\u00fablicos, tal como lo ha ordenado nuestro Presidente @NicolasMaduro para proteger al pueblo venezolano\u00bb.<\/strong><\/p>\n<p style=\"text-align: justify;\">El Vicepresidente Sectorial destac\u00f3 que, junto a los ministros y autoridades adscritas a este despacho verificaron los planes y l\u00edneas estrat\u00e9gicas que se ejecutan para el fortalecimiento de los servicios p\u00fablicos.<\/p>\n<p style=\"text-align: justify;\"><strong>Prensa Mppee<\/strong><\/p>\n<p><img loading=\"lazy\" decoding=\"async\" class=\"alignnone wp-image-84380 size-full\" src=\"http:\/\/10.200.87.50\/mppee\/wp-content\/uploads\/2021\/07\/WhatsApp-Image-2021-07-19-at-8.41.39-PM.jpeg\" alt=\"\" width=\"1080\" height=\"720\" srcset=\"https:\/\/mppee.gob.ve\/wp-content\/uploads\/2021\/07\/WhatsApp-Image-2021-07-19-at-8.41.39-PM.jpeg 1080w, https:\/\/mppee.gob.ve\/wp-content\/uploads\/2021\/07\/WhatsApp-Image-2021-07-19-at-8.41.39-PM-300x200.jpeg 300w, https:\/\/mppee.gob.ve\/wp-content\/uploads\/2021\/07\/WhatsApp-Image-2021-07-19-at-8.41.39-PM-1024x683.jpeg 1024w, https:\/\/mppee.gob.ve\/wp-content\/uploads\/2021\/07\/WhatsApp-Image-2021-07-19-at-8.41.39-PM-768x512.jpeg 768w\" sizes=\"auto, (max-width: 1080px) 100vw, 1080px\" \/> <img loading=\"lazy\" decoding=\"async\" class=\"alignnone wp-image-84379 size-full\" src=\"http:\/\/10.200.87.50\/mppee\/wp-content\/uploads\/2021\/07\/WhatsApp-Image-2021-07-19-at-8.41.38-PM.jpeg\" alt=\"\" width=\"1080\" height=\"720\" srcset=\"https:\/\/mppee.gob.ve\/wp-content\/uploads\/2021\/07\/WhatsApp-Image-2021-07-19-at-8.41.38-PM.jpeg 1080w, https:\/\/mppee.gob.ve\/wp-content\/uploads\/2021\/07\/WhatsApp-Image-2021-07-19-at-8.41.38-PM-300x200.jpeg 300w, https:\/\/mppee.gob.ve\/wp-content\/uploads\/2021\/07\/WhatsApp-Image-2021-07-19-at-8.41.38-PM-1024x683.jpeg 1024w, https:\/\/mppee.gob.ve\/wp-content\/uploads\/2021\/07\/WhatsApp-Image-2021-07-19-at-8.41.38-PM-768x512.jpeg 768w\" sizes=\"auto, (max-width: 1080px) 100vw, 1080px\" \/><\/p>\n","protected":false},"excerpt":{"rendered":"<p>Este lunes, el vicepresidente Sectorial de Obras P\u00fablicas y Servicios, G\/J N\u00e9stor Reverol, inform\u00f3 la activaci\u00f3n de un despliegue nacional<\/p>\n","protected":false},"author":12,"featured_media":84379,"comment_status":"open","ping_status":"open","sticky":false,"template":"","format":"standard","meta":{"footnotes":""},"categories":[15],"tags":[11],"class_list":["post-84378","post","type-post","status-publish","format-standard","has-post-thumbnail","hentry","category-nacionales","tag-mppee"],"_links":{"self":[{"href":"https:\/\/mppee.gob.ve\/index.php?rest_route=\/wp\/v2\/posts\/84378","targetHints":{"allow":["GET"]}}],"collection":[{"href":"https:\/\/mppee.gob.ve\/index.php?rest_route=\/wp\/v2\/posts"}],"about":[{"href":"https:\/\/mppee.gob.ve\/index.php?rest_route=\/wp\/v2\/types\/post"}],"author":[{"embeddable":true,"href":"https:\/\/mppee.gob.ve\/index.php?rest_route=\/wp\/v2\/users\/12"}],"replies":[{"embeddable":true,"href":"https:\/\/mppee.gob.ve\/index.php?rest_route=%2Fwp%2Fv2%2Fcomments&post=84378"}],"version-history":[{"count":1,"href":"https:\/\/mppee.gob.ve\/index.php?rest_route=\/wp\/v2\/posts\/84378\/revisions"}],"predecessor-version":[{"id":84383,"href":"https:\/\/mppee.gob.ve\/index.php?rest_route=\/wp\/v2\/posts\/84378\/revisions\/84383"}],"wp:featuredmedia":[{"embeddable":true,"href":"https:\/\/mppee.gob.ve\/index.php?rest_route=\/wp\/v2\/media\/84379"}],"wp:attachment":[{"href":"https:\/\/mppee.gob.ve\/index.php?rest_route=%2Fwp%2Fv2%2Fmedia&parent=84378"}],"wp:term":[{"taxonomy":"category","embeddable":true,"href":"https:\/\/mppee.gob.ve\/index.php?rest_route=%2Fwp%2Fv2%2Fcategories&post=84378"},{"taxonomy":"post_tag","embeddable":true,"href":"https:\/\/mppee.gob.ve\/index.php?rest_route=%2Fwp%2Fv2%2Ftags&post=84378"}],"curies":[{"name":"wp","href":"https:\/\/api.w.org\/{rel}","templated":true}]}}