{"id":84384,"date":"2021-07-19T13:37:00","date_gmt":"2021-07-19T13:37:00","guid":{"rendered":"http:\/\/10.200.87.50\/mppee\/?p=84384"},"modified":"2021-07-20T14:24:59","modified_gmt":"2021-07-20T14:24:59","slug":"evaluan-mapas-priorizados-de-acciones-para-la-optimizacion-del-sen","status":"publish","type":"post","link":"https:\/\/mppee.gob.ve\/?p=84384","title":{"rendered":"Eval\u00faan mapas priorizados de acciones para la optimizaci\u00f3n del SEN"},"content":{"rendered":"<p style=\"text-align: justify;\"><img loading=\"lazy\" decoding=\"async\" class=\"wp-image-84396 size-medium alignleft\" src=\"http:\/\/10.200.87.50\/mppee\/wp-content\/uploads\/2021\/07\/WhatsApp-Image-2021-07-19-at-10.05.38-PM-1-300x200.jpeg\" alt=\"\" width=\"300\" height=\"200\" srcset=\"https:\/\/mppee.gob.ve\/wp-content\/uploads\/2021\/07\/WhatsApp-Image-2021-07-19-at-10.05.38-PM-1-300x200.jpeg 300w, https:\/\/mppee.gob.ve\/wp-content\/uploads\/2021\/07\/WhatsApp-Image-2021-07-19-at-10.05.38-PM-1-1024x683.jpeg 1024w, https:\/\/mppee.gob.ve\/wp-content\/uploads\/2021\/07\/WhatsApp-Image-2021-07-19-at-10.05.38-PM-1-768x512.jpeg 768w, https:\/\/mppee.gob.ve\/wp-content\/uploads\/2021\/07\/WhatsApp-Image-2021-07-19-at-10.05.38-PM-1.jpeg 1080w\" sizes=\"auto, (max-width: 300px) 100vw, 300px\" \/>El ministro del Poder Popular para la Energ\u00eda El\u00e9ctrica, G\/J N\u00e9stor Reverol, sostuvo un encuentro con los Viceministros de este despacho, as\u00ed como con los Gerentes Generales de Corpoelec, con la finalidad de revisar los mapas priorizados de acci\u00f3n, para continuar con el plan de recuperaci\u00f3n y mantenimiento del Sistema El\u00e9ctrico Nacional (SEN).<\/p>\n<p style=\"text-align: justify;\">A trav\u00e9s de una publicaci\u00f3n en su cuenta en la red social Instagram @reverolnestor, indic\u00f3 <strong>\u00abrevisamos los proyectos en materia de Generaci\u00f3n, Transmisi\u00f3n, Distribuci\u00f3n, Comercializaci\u00f3n y Control de Vegetaci\u00f3n para avanzar en el mejoramiento de estos procesos medulares y garantizar la continuidad del suministro de energ\u00eda el\u00e9ctrica\u00bb.<\/strong><\/p>\n<p style=\"text-align: justify;\"><img loading=\"lazy\" decoding=\"async\" class=\"size-medium wp-image-84394 alignright\" src=\"http:\/\/10.200.87.50\/mppee\/wp-content\/uploads\/2021\/07\/WhatsApp-Image-2021-07-19-at-10.05.37-PM3-1-300x200.jpeg\" alt=\"\" width=\"300\" height=\"200\" srcset=\"https:\/\/mppee.gob.ve\/wp-content\/uploads\/2021\/07\/WhatsApp-Image-2021-07-19-at-10.05.37-PM3-1-300x200.jpeg 300w, https:\/\/mppee.gob.ve\/wp-content\/uploads\/2021\/07\/WhatsApp-Image-2021-07-19-at-10.05.37-PM3-1-1024x683.jpeg 1024w, https:\/\/mppee.gob.ve\/wp-content\/uploads\/2021\/07\/WhatsApp-Image-2021-07-19-at-10.05.37-PM3-1-768x512.jpeg 768w, https:\/\/mppee.gob.ve\/wp-content\/uploads\/2021\/07\/WhatsApp-Image-2021-07-19-at-10.05.37-PM3-1.jpeg 1080w\" sizes=\"auto, (max-width: 300px) 100vw, 300px\" \/>Estas acciones permitir\u00e1n el despliegue permanente de la fuerza trabajadora del sector el\u00e9ctrico, para brindar a la poblaci\u00f3n un servicio \u00f3ptimo, a fin de cumplir con las l\u00edneas estrat\u00e9gicas para la estabilizaci\u00f3n y confiabilidad del SEN.<\/p>\n<p style=\"text-align: justify;\">Vale mencionar que entre las pol\u00edticas p\u00fablicas en materia de energ\u00eda el\u00e9ctrica destacan los planes de Adecuaci\u00f3n y Mantenimiento de Subestaciones El\u00e9ctricas; Pica, Poda y Tala; Sustituci\u00f3n Tecnol\u00f3gica; Recuperaci\u00f3n de Flota Terrestre; de Iluminaci\u00f3n en V\u00edas Expresas y de Bienestar de la Fuerza Trabajadora, los cuales buscan el mejoramiento sistem\u00e1tico de todas las \u00e1reas sustantivas de la Estatal el\u00e9ctrica.<\/p>\n<p style=\"text-align: justify;\"><strong>Prensa Mppee<\/strong><\/p>\n<p><img loading=\"lazy\" decoding=\"async\" class=\"alignnone wp-image-84393 size-full\" src=\"http:\/\/10.200.87.50\/mppee\/wp-content\/uploads\/2021\/07\/WhatsApp-Image-2021-07-19-at-10.05.37-PM2-1.jpeg\" alt=\"\" width=\"1080\" height=\"714\" srcset=\"https:\/\/mppee.gob.ve\/wp-content\/uploads\/2021\/07\/WhatsApp-Image-2021-07-19-at-10.05.37-PM2-1.jpeg 1080w, https:\/\/mppee.gob.ve\/wp-content\/uploads\/2021\/07\/WhatsApp-Image-2021-07-19-at-10.05.37-PM2-1-300x198.jpeg 300w, https:\/\/mppee.gob.ve\/wp-content\/uploads\/2021\/07\/WhatsApp-Image-2021-07-19-at-10.05.37-PM2-1-1024x677.jpeg 1024w, https:\/\/mppee.gob.ve\/wp-content\/uploads\/2021\/07\/WhatsApp-Image-2021-07-19-at-10.05.37-PM2-1-768x508.jpeg 768w\" sizes=\"auto, (max-width: 1080px) 100vw, 1080px\" \/> <img loading=\"lazy\" decoding=\"async\" class=\"alignnone wp-image-84392 size-full\" src=\"http:\/\/10.200.87.50\/mppee\/wp-content\/uploads\/2021\/07\/WhatsApp-Image-2021-07-19-at-10.05.37-PM1-1.jpeg\" alt=\"\" width=\"1080\" height=\"735\" srcset=\"https:\/\/mppee.gob.ve\/wp-content\/uploads\/2021\/07\/WhatsApp-Image-2021-07-19-at-10.05.37-PM1-1.jpeg 1080w, https:\/\/mppee.gob.ve\/wp-content\/uploads\/2021\/07\/WhatsApp-Image-2021-07-19-at-10.05.37-PM1-1-300x204.jpeg 300w, https:\/\/mppee.gob.ve\/wp-content\/uploads\/2021\/07\/WhatsApp-Image-2021-07-19-at-10.05.37-PM1-1-1024x697.jpeg 1024w, https:\/\/mppee.gob.ve\/wp-content\/uploads\/2021\/07\/WhatsApp-Image-2021-07-19-at-10.05.37-PM1-1-768x523.jpeg 768w\" sizes=\"auto, (max-width: 1080px) 100vw, 1080px\" \/> <img loading=\"lazy\" decoding=\"async\" class=\"alignnone wp-image-84391 size-full\" src=\"http:\/\/10.200.87.50\/mppee\/wp-content\/uploads\/2021\/07\/WhatsApp-Image-2021-07-19-at-10.05.35-PM-1.jpeg\" alt=\"\" width=\"1080\" height=\"688\" srcset=\"https:\/\/mppee.gob.ve\/wp-content\/uploads\/2021\/07\/WhatsApp-Image-2021-07-19-at-10.05.35-PM-1.jpeg 1080w, https:\/\/mppee.gob.ve\/wp-content\/uploads\/2021\/07\/WhatsApp-Image-2021-07-19-at-10.05.35-PM-1-300x191.jpeg 300w, https:\/\/mppee.gob.ve\/wp-content\/uploads\/2021\/07\/WhatsApp-Image-2021-07-19-at-10.05.35-PM-1-1024x652.jpeg 1024w, https:\/\/mppee.gob.ve\/wp-content\/uploads\/2021\/07\/WhatsApp-Image-2021-07-19-at-10.05.35-PM-1-768x489.jpeg 768w\" sizes=\"auto, (max-width: 1080px) 100vw, 1080px\" \/><\/p>\n","protected":false},"excerpt":{"rendered":"<p>El ministro del Poder Popular para la Energ\u00eda El\u00e9ctrica, G\/J N\u00e9stor Reverol, sostuvo un encuentro con los Viceministros de este<\/p>\n","protected":false},"author":12,"featured_media":84389,"comment_status":"open","ping_status":"open","sticky":false,"template":"","format":"standard","meta":{"footnotes":""},"categories":[15],"tags":[11],"class_list":["post-84384","post","type-post","status-publish","format-standard","has-post-thumbnail","hentry","category-nacionales","tag-mppee"],"_links":{"self":[{"href":"https:\/\/mppee.gob.ve\/index.php?rest_route=\/wp\/v2\/posts\/84384","targetHints":{"allow":["GET"]}}],"collection":[{"href":"https:\/\/mppee.gob.ve\/index.php?rest_route=\/wp\/v2\/posts"}],"about":[{"href":"https:\/\/mppee.gob.ve\/index.php?rest_route=\/wp\/v2\/types\/post"}],"author":[{"embeddable":true,"href":"https:\/\/mppee.gob.ve\/index.php?rest_route=\/wp\/v2\/users\/12"}],"replies":[{"embeddable":true,"href":"https:\/\/mppee.gob.ve\/index.php?rest_route=%2Fwp%2Fv2%2Fcomments&post=84384"}],"version-history":[{"count":1,"href":"https:\/\/mppee.gob.ve\/index.php?rest_route=\/wp\/v2\/posts\/84384\/revisions"}],"predecessor-version":[{"id":84397,"href":"https:\/\/mppee.gob.ve\/index.php?rest_route=\/wp\/v2\/posts\/84384\/revisions\/84397"}],"wp:featuredmedia":[{"embeddable":true,"href":"https:\/\/mppee.gob.ve\/index.php?rest_route=\/wp\/v2\/media\/84389"}],"wp:attachment":[{"href":"https:\/\/mppee.gob.ve\/index.php?rest_route=%2Fwp%2Fv2%2Fmedia&parent=84384"}],"wp:term":[{"taxonomy":"category","embeddable":true,"href":"https:\/\/mppee.gob.ve\/index.php?rest_route=%2Fwp%2Fv2%2Fcategories&post=84384"},{"taxonomy":"post_tag","embeddable":true,"href":"https:\/\/mppee.gob.ve\/index.php?rest_route=%2Fwp%2Fv2%2Ftags&post=84384"}],"curies":[{"name":"wp","href":"https:\/\/api.w.org\/{rel}","templated":true}]}}