{"id":84441,"date":"2021-07-26T13:08:00","date_gmt":"2021-07-26T13:08:00","guid":{"rendered":"http:\/\/10.200.87.50\/mppee\/?p=84441"},"modified":"2021-07-27T13:40:07","modified_gmt":"2021-07-27T13:40:07","slug":"con-emotiva-misa-de-accion-de-gracias-corpoelec-inicia-su-xiv-aniversario","status":"publish","type":"post","link":"https:\/\/mppee.gob.ve\/?p=84441","title":{"rendered":"Con emotiva Misa de Acci\u00f3n de Gracias Corpoelec inicia su XIV aniversario"},"content":{"rendered":"<p style=\"text-align: justify;\"><img loading=\"lazy\" decoding=\"async\" class=\"size-medium wp-image-84444 alignleft\" src=\"http:\/\/10.200.87.50\/mppee\/wp-content\/uploads\/2021\/07\/WhatsApp-Image-2021-07-26-at-2.04.15-PM4-300x200.jpeg\" alt=\"\" width=\"300\" height=\"200\" srcset=\"https:\/\/mppee.gob.ve\/wp-content\/uploads\/2021\/07\/WhatsApp-Image-2021-07-26-at-2.04.15-PM4-300x200.jpeg 300w, https:\/\/mppee.gob.ve\/wp-content\/uploads\/2021\/07\/WhatsApp-Image-2021-07-26-at-2.04.15-PM4-1024x683.jpeg 1024w, https:\/\/mppee.gob.ve\/wp-content\/uploads\/2021\/07\/WhatsApp-Image-2021-07-26-at-2.04.15-PM4-768x512.jpeg 768w, https:\/\/mppee.gob.ve\/wp-content\/uploads\/2021\/07\/WhatsApp-Image-2021-07-26-at-2.04.15-PM4.jpeg 1080w\" sizes=\"auto, (max-width: 300px) 100vw, 300px\" \/>Con motivo a la semana aniversario de los 14 a\u00f1os de la Corporaci\u00f3n El\u00e9ctrica Nacional (Corpoelec), este lunes se realiz\u00f3 una Misa de Acci\u00f3n de Gracias, donde se pidi\u00f3 en oraci\u00f3n fortalecer a la fuerza trabajadora en medio de esta pandemia por la Covid-19 que azota a la humanidad.<\/p>\n<p style=\"text-align: justify;\">Asi lo inform\u00f3 el vicepresidente Sectorial de Obras P\u00fablicas y Servicios, G\/J N\u00e9stor Reverol, a trav\u00e9s de la red social instagram,<strong> \u201chemos dado inicio a los actos conmemorativos del XIV Aniversario de Corpoelec con una misa solemne para bendecir a cada uno de los integrantes de la fuerza laboral del sector el\u00e9ctrico del pa\u00eds\u201d<\/strong><\/p>\n<p style=\"text-align: justify;\">Desde la sede del Ministerio del Poder Popular para la Energ\u00eda El\u00e9ctrica (Mppee), ubicada en San Bernardino, Caracas, Monse\u00f1or Benito Ad\u00e1n M\u00e9ndez Bracamontes inici\u00f3 la Santa Misa, junto a las principales autoridades de la Corpoelec y la fuerza trabajadora.<\/p>\n<p style=\"text-align: justify;\"><img loading=\"lazy\" decoding=\"async\" class=\"size-medium wp-image-84443 alignright\" src=\"http:\/\/10.200.87.50\/mppee\/wp-content\/uploads\/2021\/07\/WhatsApp-Image-2021-07-26-at-2.04.15-PM3-300x200.jpeg\" alt=\"\" width=\"300\" height=\"200\" srcset=\"https:\/\/mppee.gob.ve\/wp-content\/uploads\/2021\/07\/WhatsApp-Image-2021-07-26-at-2.04.15-PM3-300x200.jpeg 300w, https:\/\/mppee.gob.ve\/wp-content\/uploads\/2021\/07\/WhatsApp-Image-2021-07-26-at-2.04.15-PM3-1024x683.jpeg 1024w, https:\/\/mppee.gob.ve\/wp-content\/uploads\/2021\/07\/WhatsApp-Image-2021-07-26-at-2.04.15-PM3-768x512.jpeg 768w, https:\/\/mppee.gob.ve\/wp-content\/uploads\/2021\/07\/WhatsApp-Image-2021-07-26-at-2.04.15-PM3.jpeg 1080w\" sizes=\"auto, (max-width: 300px) 100vw, 300px\" \/>El presidente de la principal Estatal el\u00e9ctrica, ingeniero Jos\u00e9 Luis Betancourt dio lectura de la palabra de Dios en el segundo libro de los Reyes, como homenaje al XIV aniversario de la Corporaci\u00f3n. Monse\u00f1or M\u00e9ndez Bracamontes adem\u00e1s efectu\u00f3 una oraci\u00f3n por los fieles, por las ofrendas y por la comuni\u00f3n espiritual.<\/p>\n<p style=\"text-align: justify;\">El tambi\u00e9n Ministro del Poder Popular para la Energ\u00eda El\u00e9ctrica agradeci\u00f3 al Monse\u00f1or y obispo castrense de Venezuela por oficiar la eucarist\u00eda para ratificar <strong>\u201cante Dios nuestro compromiso de servir al pueblo y continuar trabajando en funci\u00f3n de garantizar un servicio eficiente a las comunidades\u201d.<\/strong><\/p>\n<p style=\"text-align: justify;\">Para finalizar el acto, Monse\u00f1or Benito M\u00e9ndez mostr\u00f3 la reliquia del Beato Dr. Jos\u00e9 Gregorio Hern\u00e1ndez, para que bendiga a la fuerza trabajadora del Sistema El\u00e9ctrico Nacional.<\/p>\n<p style=\"text-align: justify;\"><em><strong>Centinelas reciben bendiciones<\/strong><\/em><\/p>\n<p style=\"text-align: justify;\">Durante la celebraci\u00f3n el P\u00e1rroco, detall\u00f3 que la reliquia esta sobre un microscopio debido a que fue el doctor Jos\u00e9 Gregorio Hern\u00e1ndez, quien introdujo este aparato en Venezuela, la parte negra de la imagen es la que identifica el sombrero del Beato, la parte superior de las 10 perlas representan a la Virgen Mar\u00eda y el Rosario, porque el Doctor era devoto de ella.<\/p>\n<p style=\"text-align: justify;\"><img loading=\"lazy\" decoding=\"async\" class=\"size-medium wp-image-84442 alignleft\" src=\"http:\/\/10.200.87.50\/mppee\/wp-content\/uploads\/2021\/07\/WhatsApp-Image-2021-07-26-at-2.04.15-PM2-300x200.jpeg\" alt=\"\" width=\"300\" height=\"200\" srcset=\"https:\/\/mppee.gob.ve\/wp-content\/uploads\/2021\/07\/WhatsApp-Image-2021-07-26-at-2.04.15-PM2-300x200.jpeg 300w, https:\/\/mppee.gob.ve\/wp-content\/uploads\/2021\/07\/WhatsApp-Image-2021-07-26-at-2.04.15-PM2-1024x683.jpeg 1024w, https:\/\/mppee.gob.ve\/wp-content\/uploads\/2021\/07\/WhatsApp-Image-2021-07-26-at-2.04.15-PM2-768x512.jpeg 768w, https:\/\/mppee.gob.ve\/wp-content\/uploads\/2021\/07\/WhatsApp-Image-2021-07-26-at-2.04.15-PM2.jpeg 1080w\" sizes=\"auto, (max-width: 300px) 100vw, 300px\" \/>Esta reliquia es de primer grado porque est\u00e1 tomada de un trozo de hueso de los restos del <strong>\u201cDoctor de los Pobres\u201d;<\/strong> las de segundo grado, son aquellas tomadas del traje; y las de tercer grado, son las extra\u00eddas de los manteles, donde reposaron los restos del Beato en el a\u00f1o 1975, cuando fue exhumado por primera vez sus restos para ser trasladados del Cementerio General del Sur a la Iglesia La Candelaria.<\/p>\n<p style=\"text-align: justify;\"><strong><em>Creaci\u00f3n de la Corporaci\u00f3n<\/em><\/strong><\/p>\n<p style=\"text-align: justify;\">La Corporaci\u00f3n El\u00e9ctrica Nacional (Corpoelec), fue creada por el Gobierno del presidente Hugo Ch\u00e1vez, mediante el Decreto N\u00ba 5.330, en el a\u00f1o 2007, quien estableci\u00f3 la reorganizaci\u00f3n del Sector El\u00e9ctrico en el pa\u00eds, con el objetivo de mejorar el servicio.<\/p>\n<p style=\"text-align: justify;\">La Corporaci\u00f3n, est\u00e1 adscrita al Ministerio del Poder Popular para la Energ\u00eda El\u00e9ctrica, cuya instituci\u00f3n naci\u00f3 con la finalidad de reorganizar y unificar el sector a fin de garantizar la prestaci\u00f3n de un servicio el\u00e9ctrico confiable a la poblaci\u00f3n venezolana que lo conlleve rumbo a su estabilizaci\u00f3n.<\/p>\n<p style=\"text-align: justify;\"><strong>Prensa Corpoelec<\/strong><\/p>\n","protected":false},"excerpt":{"rendered":"<p>Con motivo a la semana aniversario de los 14 a\u00f1os de la Corporaci\u00f3n El\u00e9ctrica Nacional (Corpoelec), este lunes se realiz\u00f3<\/p>\n","protected":false},"author":12,"featured_media":84445,"comment_status":"open","ping_status":"open","sticky":false,"template":"","format":"standard","meta":{"footnotes":""},"categories":[15],"tags":[111,11],"class_list":["post-84441","post","type-post","status-publish","format-standard","has-post-thumbnail","hentry","category-nacionales","tag-caracas","tag-mppee"],"_links":{"self":[{"href":"https:\/\/mppee.gob.ve\/index.php?rest_route=\/wp\/v2\/posts\/84441","targetHints":{"allow":["GET"]}}],"collection":[{"href":"https:\/\/mppee.gob.ve\/index.php?rest_route=\/wp\/v2\/posts"}],"about":[{"href":"https:\/\/mppee.gob.ve\/index.php?rest_route=\/wp\/v2\/types\/post"}],"author":[{"embeddable":true,"href":"https:\/\/mppee.gob.ve\/index.php?rest_route=\/wp\/v2\/users\/12"}],"replies":[{"embeddable":true,"href":"https:\/\/mppee.gob.ve\/index.php?rest_route=%2Fwp%2Fv2%2Fcomments&post=84441"}],"version-history":[{"count":1,"href":"https:\/\/mppee.gob.ve\/index.php?rest_route=\/wp\/v2\/posts\/84441\/revisions"}],"predecessor-version":[{"id":84446,"href":"https:\/\/mppee.gob.ve\/index.php?rest_route=\/wp\/v2\/posts\/84441\/revisions\/84446"}],"wp:featuredmedia":[{"embeddable":true,"href":"https:\/\/mppee.gob.ve\/index.php?rest_route=\/wp\/v2\/media\/84445"}],"wp:attachment":[{"href":"https:\/\/mppee.gob.ve\/index.php?rest_route=%2Fwp%2Fv2%2Fmedia&parent=84441"}],"wp:term":[{"taxonomy":"category","embeddable":true,"href":"https:\/\/mppee.gob.ve\/index.php?rest_route=%2Fwp%2Fv2%2Fcategories&post=84441"},{"taxonomy":"post_tag","embeddable":true,"href":"https:\/\/mppee.gob.ve\/index.php?rest_route=%2Fwp%2Fv2%2Ftags&post=84441"}],"curies":[{"name":"wp","href":"https:\/\/api.w.org\/{rel}","templated":true}]}}