{"id":84492,"date":"2021-07-30T13:06:00","date_gmt":"2021-07-30T13:06:00","guid":{"rendered":"http:\/\/10.200.87.50\/mppee\/?p=84492"},"modified":"2021-08-02T13:23:04","modified_gmt":"2021-08-02T13:23:04","slug":"gobierno-nacional-impulsa-campana-comunicacional-activa-la-conciencia-con-energia-y-eficiencia","status":"publish","type":"post","link":"https:\/\/mppee.gob.ve\/?p=84492","title":{"rendered":"Gobierno nacional impulsa campa\u00f1a comunicacional \u201cActiva la conciencia con energ\u00eda y eficiencia\u201d"},"content":{"rendered":"<p style=\"text-align: justify;\"><img loading=\"lazy\" decoding=\"async\" class=\"size-medium wp-image-84503 alignleft\" src=\"http:\/\/10.200.87.50\/mppee\/wp-content\/uploads\/2021\/08\/WhatsApp-Image-2021-07-30-at-4.17.25-PM3-300x200.jpeg\" alt=\"\" width=\"300\" height=\"200\" srcset=\"https:\/\/mppee.gob.ve\/wp-content\/uploads\/2021\/08\/WhatsApp-Image-2021-07-30-at-4.17.25-PM3-300x200.jpeg 300w, https:\/\/mppee.gob.ve\/wp-content\/uploads\/2021\/08\/WhatsApp-Image-2021-07-30-at-4.17.25-PM3-1024x683.jpeg 1024w, https:\/\/mppee.gob.ve\/wp-content\/uploads\/2021\/08\/WhatsApp-Image-2021-07-30-at-4.17.25-PM3-768x512.jpeg 768w, https:\/\/mppee.gob.ve\/wp-content\/uploads\/2021\/08\/WhatsApp-Image-2021-07-30-at-4.17.25-PM3.jpeg 1080w\" sizes=\"auto, (max-width: 300px) 100vw, 300px\" \/>Con el objetivo de fomentar un modelo de conducta que permita satisfacer las necesidades de los consumidores para la utilizaci\u00f3n del servicio de electricidad, el Ministerio del Poder Popular para la Energ\u00eda El\u00e9ctrica (Mppee), impulsa estrategias a trav\u00e9s de la campa\u00f1a comunicacional, \u201cActiva la conciencia con energ\u00eda y eficiencia\u201d, dirigida a los usuarios de este sector, para lograr el uso racional y eficiente de este sistema.<\/p>\n<p style=\"text-align: justify;\">Con esta campa\u00f1a se busca crear una cultura sobre las medidas de uso racional y eficiente, recomendadas por el Gobierno Bolivariano, que ayude a la estabilizaci\u00f3n y confiabilidad del Sistema El\u00e9ctrico Nacional (SEN), garantice el acceso universal al servicio, permita la incorporaci\u00f3n de m\u00e1s megavatios al suministro, reduzca el consumo el\u00e9ctrico en los sectores; residencial, comercial e industrial, prevenga el da\u00f1o de equipos por mal uso, e incorpore nuevas fuentes alternas de energ\u00eda.<\/p>\n<p style=\"text-align: justify;\"><img loading=\"lazy\" decoding=\"async\" class=\"size-medium wp-image-84501 alignright\" src=\"http:\/\/10.200.87.50\/mppee\/wp-content\/uploads\/2021\/08\/WhatsApp-Image-2021-07-30-at-4.17.25-PM1-300x210.jpeg\" alt=\"\" width=\"300\" height=\"210\" srcset=\"https:\/\/mppee.gob.ve\/wp-content\/uploads\/2021\/08\/WhatsApp-Image-2021-07-30-at-4.17.25-PM1-300x210.jpeg 300w, https:\/\/mppee.gob.ve\/wp-content\/uploads\/2021\/08\/WhatsApp-Image-2021-07-30-at-4.17.25-PM1-1024x716.jpeg 1024w, https:\/\/mppee.gob.ve\/wp-content\/uploads\/2021\/08\/WhatsApp-Image-2021-07-30-at-4.17.25-PM1-768x537.jpeg 768w, https:\/\/mppee.gob.ve\/wp-content\/uploads\/2021\/08\/WhatsApp-Image-2021-07-30-at-4.17.25-PM1-130x90.jpeg 130w, https:\/\/mppee.gob.ve\/wp-content\/uploads\/2021\/08\/WhatsApp-Image-2021-07-30-at-4.17.25-PM1.jpeg 1080w\" sizes=\"auto, (max-width: 300px) 100vw, 300px\" \/>En Venezuela, la Revoluci\u00f3n Bolivariana acciona con estrategias para que la prestaci\u00f3n del servicio el\u00e9ctrico se realice bajo criterios de igualdad, integralidad, transparencia, confiabilidad, eficiencia y sustentabilidad para aportar la mayor suma de felicidad al pueblo.<\/p>\n<p style=\"text-align: justify;\">Asimismo, la fuerza trabajadora del SEN, se ha convertido en los principales luchadores contra el actual bloqueo econ\u00f3mico en el pa\u00eds; debido a eso, a los centinelas les ha tocado la tarea de crear nuevas soluciones, para aplicar diariamente desde cada espacio del sector el\u00e9ctrico. As\u00ed como generar nuevas propuestas y desarrollarlas, para dar respuesta eficiente y eficaz al Poder Popular.<\/p>\n<p style=\"text-align: justify;\"><img loading=\"lazy\" decoding=\"async\" class=\"size-medium wp-image-84500 alignleft\" src=\"http:\/\/10.200.87.50\/mppee\/wp-content\/uploads\/2021\/08\/WhatsApp-Image-2021-07-30-at-4.17.24-PM-300x168.jpeg\" alt=\"\" width=\"300\" height=\"168\" srcset=\"https:\/\/mppee.gob.ve\/wp-content\/uploads\/2021\/08\/WhatsApp-Image-2021-07-30-at-4.17.24-PM-300x168.jpeg 300w, https:\/\/mppee.gob.ve\/wp-content\/uploads\/2021\/08\/WhatsApp-Image-2021-07-30-at-4.17.24-PM-768x431.jpeg 768w, https:\/\/mppee.gob.ve\/wp-content\/uploads\/2021\/08\/WhatsApp-Image-2021-07-30-at-4.17.24-PM-800x445.jpeg 800w, https:\/\/mppee.gob.ve\/wp-content\/uploads\/2021\/08\/WhatsApp-Image-2021-07-30-at-4.17.24-PM.jpeg 912w\" sizes=\"auto, (max-width: 300px) 100vw, 300px\" \/>Todas estas acciones se ejecutan seg\u00fan lo establecido en la Ley Org\u00e1nica del Sistema y Servicio El\u00e9ctrico, la cual establece que el Gobierno nacional, conjuntamente con el Poder Popular est\u00e9 en la obligaci\u00f3n de salvaguardar la prestaci\u00f3n del servicio, y consolidar una cultura preventiva que ayude al uso eficiente y racional de la energ\u00eda el\u00e9ctrica.<\/p>\n<p style=\"text-align: justify;\"><em><strong>Nueva cultura en\u00e9rgica y pol\u00edticas p\u00fablicas<\/strong><\/em><\/p>\n<p style=\"text-align: justify;\">El sumar acciones para alcanzar el importante objetivo de esta campa\u00f1a comunicacional, en beneficio de la optimizaci\u00f3n del servicio el\u00e9ctrico para el pueblo venezolano, el ministro del Poder Popular para la Energ\u00eda El\u00e9ctrica, G\/J N\u00e9stor Reverol, ha firmado relevantes resoluciones que destacan acciones para la disminuci\u00f3n de consumo de energ\u00eda y protecci\u00f3n del SEN.<\/p>\n<p style=\"text-align: justify;\">La activaci\u00f3n de las Unidades de Gesti\u00f3n Energ\u00e9tica, que son la representaci\u00f3n del compromiso que, desde el Estado venezolano, se asume para la reducci\u00f3n del consumo en las infraestructuras de las instituciones p\u00fablicas.<\/p>\n<p style=\"text-align: justify;\"><img loading=\"lazy\" decoding=\"async\" class=\"size-medium wp-image-84498 alignright\" src=\"http:\/\/10.200.87.50\/mppee\/wp-content\/uploads\/2021\/08\/WhatsApp-Image-2021-07-30-at-4.17.24-PM5-300x223.jpeg\" alt=\"\" width=\"300\" height=\"223\" srcset=\"https:\/\/mppee.gob.ve\/wp-content\/uploads\/2021\/08\/WhatsApp-Image-2021-07-30-at-4.17.24-PM5-300x223.jpeg 300w, https:\/\/mppee.gob.ve\/wp-content\/uploads\/2021\/08\/WhatsApp-Image-2021-07-30-at-4.17.24-PM5-1024x761.jpeg 1024w, https:\/\/mppee.gob.ve\/wp-content\/uploads\/2021\/08\/WhatsApp-Image-2021-07-30-at-4.17.24-PM5-768x571.jpeg 768w, https:\/\/mppee.gob.ve\/wp-content\/uploads\/2021\/08\/WhatsApp-Image-2021-07-30-at-4.17.24-PM5.jpeg 1080w\" sizes=\"auto, (max-width: 300px) 100vw, 300px\" \/>El cumplimiento de estas funciones queda establecido en la Resoluci\u00f3n del Uso Final de la Energ\u00eda El\u00e9ctrica, la cual fue tambi\u00e9n refrendada y establece las regulaciones necesarias para disminuir el consumo en el territorio nacional.<\/p>\n<p style=\"text-align: justify;\">Igualmente, se estableci\u00f3 a trav\u00e9s de documento normativo, promover el aprovechamiento de fuentes de energ\u00eda renovables y el uso racional y eficiente de la energ\u00eda el\u00e9ctrica en los usuarios cuya demanda el\u00e9ctrica de carga concentrada sea igual o superior a quinientos kilovoltiamperios (500 kVA).<\/p>\n<p style=\"text-align: justify;\">Los usuarios finales con alta demanda el\u00e9ctrica deben tener mayor compromiso con el buen funcionamiento del Sistema El\u00e9ctrico Nacional, por lo cual incorporarse activamente en la instalaci\u00f3n de sistemas de autogeneraci\u00f3n, con la utilizaci\u00f3n de energ\u00edas renovables para fortalecer y ampliar el uso racional y eficiente de la energ\u00eda el\u00e9ctrica.<\/p>\n<p style=\"text-align: justify;\"><img loading=\"lazy\" decoding=\"async\" class=\"size-medium wp-image-84495 alignleft\" src=\"http:\/\/10.200.87.50\/mppee\/wp-content\/uploads\/2021\/08\/WhatsApp-Image-2021-07-30-at-4.17.24-PM2-300x200.jpeg\" alt=\"\" width=\"300\" height=\"200\" srcset=\"https:\/\/mppee.gob.ve\/wp-content\/uploads\/2021\/08\/WhatsApp-Image-2021-07-30-at-4.17.24-PM2-300x200.jpeg 300w, https:\/\/mppee.gob.ve\/wp-content\/uploads\/2021\/08\/WhatsApp-Image-2021-07-30-at-4.17.24-PM2-1024x683.jpeg 1024w, https:\/\/mppee.gob.ve\/wp-content\/uploads\/2021\/08\/WhatsApp-Image-2021-07-30-at-4.17.24-PM2-768x512.jpeg 768w, https:\/\/mppee.gob.ve\/wp-content\/uploads\/2021\/08\/WhatsApp-Image-2021-07-30-at-4.17.24-PM2.jpeg 1080w\" sizes=\"auto, (max-width: 300px) 100vw, 300px\" \/>Se espera que mediante esta normativa el pa\u00eds contribuya con la disminuci\u00f3n de las emisiones de gases de efecto invernadero a trav\u00e9s de la incorporaci\u00f3n de generaci\u00f3n el\u00e9ctrica con fuentes renovables.<\/p>\n<p style=\"text-align: justify;\">Tambi\u00e9n, se han establecido las normas que regir\u00e1n las actividades que realicen o pretendan realizar los profesionales y las personas jur\u00eddicas p\u00fablicas y privadas especializadas en materia de energ\u00eda el\u00e9ctrica, con el fin de proteger al SEN.<\/p>\n<p style=\"text-align: justify;\">Por otra parte, junto al Ministerio del Poder Popular para la Educaci\u00f3n se inicia el dise\u00f1o y ejecuci\u00f3n de un Plan Nacional de Cultura Energ\u00e9tica, para implementar en los distintos niveles escolares, unidades orientadas a la formaci\u00f3n y sensibilizaci\u00f3n ciudadana que tribute a un nuevo esquema de valores, fundamentalmente al respeto y preservaci\u00f3n de la naturaleza para generar conciencia colectiva y eficiente.<\/p>\n<p style=\"text-align: justify;\"><img loading=\"lazy\" decoding=\"async\" class=\"size-medium wp-image-84494 alignright\" src=\"http:\/\/10.200.87.50\/mppee\/wp-content\/uploads\/2021\/08\/WhatsApp-Image-2021-07-30-at-4.17.24-PM1-300x200.jpeg\" alt=\"\" width=\"300\" height=\"200\" srcset=\"https:\/\/mppee.gob.ve\/wp-content\/uploads\/2021\/08\/WhatsApp-Image-2021-07-30-at-4.17.24-PM1-300x200.jpeg 300w, https:\/\/mppee.gob.ve\/wp-content\/uploads\/2021\/08\/WhatsApp-Image-2021-07-30-at-4.17.24-PM1-768x512.jpeg 768w, https:\/\/mppee.gob.ve\/wp-content\/uploads\/2021\/08\/WhatsApp-Image-2021-07-30-at-4.17.24-PM1.jpeg 912w\" sizes=\"auto, (max-width: 300px) 100vw, 300px\" \/>Asimismo, desde el Ministerio del Poder Popular para la Energ\u00eda El\u00e9ctrica, junto a m\u00e1s de 48 mil consejos comunales conformados en los 335 municipios del pa\u00eds, se sumar\u00e1n a la tarea de constituir las Mesas T\u00e9cnicas de Energ\u00eda, importante organizaci\u00f3n que junto a las instituciones podr\u00e1n establecer mecanismos de protecci\u00f3n y confiabilidad.<\/p>\n<p style=\"text-align: justify;\"><strong>Prensa Mppee<\/strong><\/p>\n<p><img loading=\"lazy\" decoding=\"async\" class=\"alignnone wp-image-84504 size-full\" src=\"http:\/\/10.200.87.50\/mppee\/wp-content\/uploads\/2021\/08\/WhatsApp-Image-2021-07-30-at-4.17.25-PM.jpeg\" alt=\"\" width=\"1080\" height=\"720\" srcset=\"https:\/\/mppee.gob.ve\/wp-content\/uploads\/2021\/08\/WhatsApp-Image-2021-07-30-at-4.17.25-PM.jpeg 1080w, https:\/\/mppee.gob.ve\/wp-content\/uploads\/2021\/08\/WhatsApp-Image-2021-07-30-at-4.17.25-PM-300x200.jpeg 300w, https:\/\/mppee.gob.ve\/wp-content\/uploads\/2021\/08\/WhatsApp-Image-2021-07-30-at-4.17.25-PM-1024x683.jpeg 1024w, https:\/\/mppee.gob.ve\/wp-content\/uploads\/2021\/08\/WhatsApp-Image-2021-07-30-at-4.17.25-PM-768x512.jpeg 768w\" sizes=\"auto, (max-width: 1080px) 100vw, 1080px\" \/> <img loading=\"lazy\" decoding=\"async\" class=\"alignnone wp-image-84497 size-full\" src=\"http:\/\/10.200.87.50\/mppee\/wp-content\/uploads\/2021\/08\/WhatsApp-Image-2021-07-30-at-4.17.24-PM4.jpeg\" alt=\"\" width=\"1080\" height=\"831\" srcset=\"https:\/\/mppee.gob.ve\/wp-content\/uploads\/2021\/08\/WhatsApp-Image-2021-07-30-at-4.17.24-PM4.jpeg 1080w, https:\/\/mppee.gob.ve\/wp-content\/uploads\/2021\/08\/WhatsApp-Image-2021-07-30-at-4.17.24-PM4-300x231.jpeg 300w, https:\/\/mppee.gob.ve\/wp-content\/uploads\/2021\/08\/WhatsApp-Image-2021-07-30-at-4.17.24-PM4-1024x788.jpeg 1024w, https:\/\/mppee.gob.ve\/wp-content\/uploads\/2021\/08\/WhatsApp-Image-2021-07-30-at-4.17.24-PM4-768x591.jpeg 768w\" sizes=\"auto, (max-width: 1080px) 100vw, 1080px\" \/> <img loading=\"lazy\" decoding=\"async\" class=\"alignnone wp-image-84496 size-full\" src=\"http:\/\/10.200.87.50\/mppee\/wp-content\/uploads\/2021\/08\/WhatsApp-Image-2021-07-30-at-4.17.24-PM3.jpeg\" alt=\"\" width=\"912\" height=\"608\" srcset=\"https:\/\/mppee.gob.ve\/wp-content\/uploads\/2021\/08\/WhatsApp-Image-2021-07-30-at-4.17.24-PM3.jpeg 912w, https:\/\/mppee.gob.ve\/wp-content\/uploads\/2021\/08\/WhatsApp-Image-2021-07-30-at-4.17.24-PM3-300x200.jpeg 300w, https:\/\/mppee.gob.ve\/wp-content\/uploads\/2021\/08\/WhatsApp-Image-2021-07-30-at-4.17.24-PM3-768x512.jpeg 768w\" sizes=\"auto, (max-width: 912px) 100vw, 912px\" \/><\/p>\n","protected":false},"excerpt":{"rendered":"<p>Con el objetivo de fomentar un modelo de conducta que permita satisfacer las necesidades de los consumidores para la utilizaci\u00f3n<\/p>\n","protected":false},"author":12,"featured_media":84504,"comment_status":"open","ping_status":"open","sticky":false,"template":"","format":"standard","meta":{"footnotes":""},"categories":[15],"tags":[11],"class_list":["post-84492","post","type-post","status-publish","format-standard","has-post-thumbnail","hentry","category-nacionales","tag-mppee"],"_links":{"self":[{"href":"https:\/\/mppee.gob.ve\/index.php?rest_route=\/wp\/v2\/posts\/84492","targetHints":{"allow":["GET"]}}],"collection":[{"href":"https:\/\/mppee.gob.ve\/index.php?rest_route=\/wp\/v2\/posts"}],"about":[{"href":"https:\/\/mppee.gob.ve\/index.php?rest_route=\/wp\/v2\/types\/post"}],"author":[{"embeddable":true,"href":"https:\/\/mppee.gob.ve\/index.php?rest_route=\/wp\/v2\/users\/12"}],"replies":[{"embeddable":true,"href":"https:\/\/mppee.gob.ve\/index.php?rest_route=%2Fwp%2Fv2%2Fcomments&post=84492"}],"version-history":[{"count":1,"href":"https:\/\/mppee.gob.ve\/index.php?rest_route=\/wp\/v2\/posts\/84492\/revisions"}],"predecessor-version":[{"id":84505,"href":"https:\/\/mppee.gob.ve\/index.php?rest_route=\/wp\/v2\/posts\/84492\/revisions\/84505"}],"wp:featuredmedia":[{"embeddable":true,"href":"https:\/\/mppee.gob.ve\/index.php?rest_route=\/wp\/v2\/media\/84504"}],"wp:attachment":[{"href":"https:\/\/mppee.gob.ve\/index.php?rest_route=%2Fwp%2Fv2%2Fmedia&parent=84492"}],"wp:term":[{"taxonomy":"category","embeddable":true,"href":"https:\/\/mppee.gob.ve\/index.php?rest_route=%2Fwp%2Fv2%2Fcategories&post=84492"},{"taxonomy":"post_tag","embeddable":true,"href":"https:\/\/mppee.gob.ve\/index.php?rest_route=%2Fwp%2Fv2%2Ftags&post=84492"}],"curies":[{"name":"wp","href":"https:\/\/api.w.org\/{rel}","templated":true}]}}