{"id":84508,"date":"2021-07-30T13:43:00","date_gmt":"2021-07-30T13:43:00","guid":{"rendered":"http:\/\/10.200.87.50\/mppee\/?p=84508"},"modified":"2021-08-02T13:52:02","modified_gmt":"2021-08-02T13:52:02","slug":"ejecutan-plan-de-accion-estrategica-para-el-fortalecimiento-del-sen","status":"publish","type":"post","link":"https:\/\/mppee.gob.ve\/?p=84508","title":{"rendered":"Ejecutan Plan de Acci\u00f3n Estrat\u00e9gica para el fortalecimiento del SEN"},"content":{"rendered":"<p style=\"text-align: justify;\"><img loading=\"lazy\" decoding=\"async\" class=\"size-medium wp-image-84504 alignleft\" src=\"http:\/\/10.200.87.50\/mppee\/wp-content\/uploads\/2021\/08\/WhatsApp-Image-2021-07-30-at-4.17.25-PM-300x200.jpeg\" alt=\"\" width=\"300\" height=\"200\" srcset=\"https:\/\/mppee.gob.ve\/wp-content\/uploads\/2021\/08\/WhatsApp-Image-2021-07-30-at-4.17.25-PM-300x200.jpeg 300w, https:\/\/mppee.gob.ve\/wp-content\/uploads\/2021\/08\/WhatsApp-Image-2021-07-30-at-4.17.25-PM-1024x683.jpeg 1024w, https:\/\/mppee.gob.ve\/wp-content\/uploads\/2021\/08\/WhatsApp-Image-2021-07-30-at-4.17.25-PM-768x512.jpeg 768w, https:\/\/mppee.gob.ve\/wp-content\/uploads\/2021\/08\/WhatsApp-Image-2021-07-30-at-4.17.25-PM.jpeg 1080w\" sizes=\"auto, (max-width: 300px) 100vw, 300px\" \/>Como parte del fortalecimiento del Sistema El\u00e9ctrico Nacional (SEN), el Ministerio del Poder Popular para la Energ\u00eda El\u00e9ctrica (Mppee), ejecuta un Plan de Acci\u00f3n Estrat\u00e9gica que contiene ocho v\u00e9rtices, en pro de consolidar la eficiencia de este servicio.<\/p>\n<p style=\"text-align: justify;\"><strong>\u201cEste Plan tiene ocho v\u00e9rtices, 49 l\u00edneas estrat\u00e9gicas y 226 acciones espec\u00edficas que est\u00e1n asociadas a la protecci\u00f3n integral y bienestar del trabajador; mantenimiento y recuperaci\u00f3n del SEN; comercializaci\u00f3n; telecomunicaci\u00f3n y migraci\u00f3n tecnol\u00f3gica; territorializaci\u00f3n de las pol\u00edticas energ\u00e9ticas y atenci\u00f3n integral al Poder Popular; seguridad integral para la protecci\u00f3n del sistema, nuevas fuentes, uso racional y eficiente de la energ\u00eda y; el seguimiento y control\u201d<\/strong>, as\u00ed lo anunci\u00f3 el vicepresidente sectorial de Obras P\u00fablicas y Servicios, G\/J N\u00e9stor Reverol.<\/p>\n<p style=\"text-align: justify;\">Durante el lanzamiento de la campa\u00f1a comunicacional \u201c<strong>Activa la Conciencia con Energ\u00eda y Eficiencia\u201d<\/strong>, Reverol Torres recalc\u00f3 que el objetivo principal es crear conciencia y buenos h\u00e1bitos en la poblaci\u00f3n venezolana ante el SEN.<\/p>\n<p style=\"text-align: justify;\"><strong>\u201cDebemos explicarle al pueblo el Uso Racional y Eficiente de la Energ\u00eda, c\u00f3mo llevamos a las comunidades un servicio el\u00e9ctrico estable y confiable, as\u00ed como reforzar la imagen positiva de los trabajadores de nuestra Corporaci\u00f3n El\u00e9ctrica Nacional, que son el n\u00facleo central de la vida del sistema. H\u00e9roes y hero\u00ednas, que en el 2019 enfrentaron el sabotaje el\u00e9ctrico y, que todos los d\u00edas est\u00e1n en guardia para defender a la Patria de la guerra el\u00e9ctrica que nos tiene impuesto el gobierno estadounidense\u201d<\/strong>, asegur\u00f3.<\/p>\n<p style=\"text-align: justify;\"><em><strong>Cultura de prevenci\u00f3n energ\u00e9tica<\/strong><\/em><\/p>\n<p style=\"text-align: justify;\"><img loading=\"lazy\" decoding=\"async\" class=\"size-medium wp-image-84499 alignright\" src=\"http:\/\/10.200.87.50\/mppee\/wp-content\/uploads\/2021\/08\/WhatsApp-Image-2021-07-30-at-4.17.24-PM6-300x200.jpeg\" alt=\"\" width=\"300\" height=\"200\" srcset=\"https:\/\/mppee.gob.ve\/wp-content\/uploads\/2021\/08\/WhatsApp-Image-2021-07-30-at-4.17.24-PM6-300x200.jpeg 300w, https:\/\/mppee.gob.ve\/wp-content\/uploads\/2021\/08\/WhatsApp-Image-2021-07-30-at-4.17.24-PM6-768x512.jpeg 768w, https:\/\/mppee.gob.ve\/wp-content\/uploads\/2021\/08\/WhatsApp-Image-2021-07-30-at-4.17.24-PM6.jpeg 896w\" sizes=\"auto, (max-width: 300px) 100vw, 300px\" \/>El Ministro del Poder Popular para la Energ\u00eda El\u00e9ctrica, G\/J N\u00e9stor Luis Reverol Torres, inform\u00f3 el desarrollo de un plan nacional, para llegar a todos los niveles de educaci\u00f3n b\u00e1sica, diversificada y universitaria que consolide una cultura energ\u00e9tica.<\/p>\n<p style=\"text-align: justify;\"><strong>\u201cCon la campa\u00f1a comunicacional buscamos la concienciaci\u00f3n y la educaci\u00f3n. Por eso hemos desarrollado un plan que tiene que ver con el Ministerio del Poder Popular para la Educaci\u00f3n y con el Ministerio para la Educaci\u00f3n Universitaria, para llegar a todos los niveles de estudio. Que el futuro Semillero de la Patria crezca y tengan conciencia del Uso Racional y Eficiente de la Energ\u00eda hasta la universidad\u201d<\/strong>, dijo.<\/p>\n<p style=\"text-align: justify;\">En el \u00e1mbito comunitario se planifica la creaci\u00f3n de 8 mil 200 mesas t\u00e9cnicas de energ\u00edas, mil 500 comit\u00e9s de gesti\u00f3n para la energ\u00eda en las comunas, 100 brigadas de producci\u00f3n de mantenimiento y atenci\u00f3n comunitaria, para reparaciones en 500 sectores de diferentes consejos comunales, a trav\u00e9s del Viceministerio para la Articulaci\u00f3n Social de este despacho.<\/p>\n<p style=\"text-align: justify;\"><strong>\u201cEstamos apalanc\u00e1ndonos con la plataforma de la estructura territorial y social del pa\u00eds; la cartograf\u00eda social de las 4 mil 200 comunas, en los 48 mil consejos comunales para empoderar al pueblo de Venezuela y que el poder popular, los jefes de calle y la estructura social sean vigilantes del SEN\u201d<\/strong>, subray\u00f3.<\/p>\n<p style=\"text-align: justify;\"><strong>Prensa Mppee<\/strong><\/p>\n","protected":false},"excerpt":{"rendered":"<p>Como parte del fortalecimiento del Sistema El\u00e9ctrico Nacional (SEN), el Ministerio del Poder Popular para la Energ\u00eda El\u00e9ctrica (Mppee), ejecuta<\/p>\n","protected":false},"author":12,"featured_media":84503,"comment_status":"open","ping_status":"open","sticky":false,"template":"","format":"standard","meta":{"footnotes":""},"categories":[15],"tags":[11],"class_list":["post-84508","post","type-post","status-publish","format-standard","has-post-thumbnail","hentry","category-nacionales","tag-mppee"],"_links":{"self":[{"href":"https:\/\/mppee.gob.ve\/index.php?rest_route=\/wp\/v2\/posts\/84508","targetHints":{"allow":["GET"]}}],"collection":[{"href":"https:\/\/mppee.gob.ve\/index.php?rest_route=\/wp\/v2\/posts"}],"about":[{"href":"https:\/\/mppee.gob.ve\/index.php?rest_route=\/wp\/v2\/types\/post"}],"author":[{"embeddable":true,"href":"https:\/\/mppee.gob.ve\/index.php?rest_route=\/wp\/v2\/users\/12"}],"replies":[{"embeddable":true,"href":"https:\/\/mppee.gob.ve\/index.php?rest_route=%2Fwp%2Fv2%2Fcomments&post=84508"}],"version-history":[{"count":1,"href":"https:\/\/mppee.gob.ve\/index.php?rest_route=\/wp\/v2\/posts\/84508\/revisions"}],"predecessor-version":[{"id":84509,"href":"https:\/\/mppee.gob.ve\/index.php?rest_route=\/wp\/v2\/posts\/84508\/revisions\/84509"}],"wp:featuredmedia":[{"embeddable":true,"href":"https:\/\/mppee.gob.ve\/index.php?rest_route=\/wp\/v2\/media\/84503"}],"wp:attachment":[{"href":"https:\/\/mppee.gob.ve\/index.php?rest_route=%2Fwp%2Fv2%2Fmedia&parent=84508"}],"wp:term":[{"taxonomy":"category","embeddable":true,"href":"https:\/\/mppee.gob.ve\/index.php?rest_route=%2Fwp%2Fv2%2Fcategories&post=84508"},{"taxonomy":"post_tag","embeddable":true,"href":"https:\/\/mppee.gob.ve\/index.php?rest_route=%2Fwp%2Fv2%2Ftags&post=84508"}],"curies":[{"name":"wp","href":"https:\/\/api.w.org\/{rel}","templated":true}]}}