{"id":84516,"date":"2021-08-02T19:14:26","date_gmt":"2021-08-02T19:14:26","guid":{"rendered":"http:\/\/10.200.87.50\/mppee\/?p=84516"},"modified":"2021-08-02T19:14:28","modified_gmt":"2021-08-02T19:14:28","slug":"activa-la-conciencia-con-energia-y-eficiencia-un-salto-al-uso-racional-de-la-energia-en-venezuela","status":"publish","type":"post","link":"https:\/\/mppee.gob.ve\/?p=84516","title":{"rendered":"\u201cActiva la Conciencia con Energ\u00eda y Eficiencia\u201d un salto al uso racional de la energ\u00eda en Venezuela"},"content":{"rendered":"<p style=\"text-align: justify;\"><img loading=\"lazy\" decoding=\"async\" class=\"size-medium wp-image-84519 alignleft\" src=\"http:\/\/10.200.87.50\/mppee\/wp-content\/uploads\/2021\/08\/WhatsApp-Image-2021-08-02-at-12.15.58-PM1-300x200.jpeg\" alt=\"\" width=\"300\" height=\"200\" srcset=\"https:\/\/mppee.gob.ve\/wp-content\/uploads\/2021\/08\/WhatsApp-Image-2021-08-02-at-12.15.58-PM1-300x200.jpeg 300w, https:\/\/mppee.gob.ve\/wp-content\/uploads\/2021\/08\/WhatsApp-Image-2021-08-02-at-12.15.58-PM1-768x512.jpeg 768w, https:\/\/mppee.gob.ve\/wp-content\/uploads\/2021\/08\/WhatsApp-Image-2021-08-02-at-12.15.58-PM1.jpeg 912w\" sizes=\"auto, (max-width: 300px) 100vw, 300px\" \/>Con el prop\u00f3sito de crear una nueva cultura del uso racional y eficiente de la energ\u00eda por parte de los usuarios de este servicio en Venezuela, el Ministerio del Poder Popular para la Energ\u00eda El\u00e9ctrica (Mppee) da inicio a una nueva estrategia comunicacional, <strong>\u201cActiva la Conciencia con Energ\u00eda y Eficiencia\u201d.<\/strong><\/p>\n<p style=\"text-align: justify;\">Esta campa\u00f1a, busca involucrar a los venezolanos y las venezolanas como actores corresponsables y garantes del buen uso de la electricidad, a trav\u00e9s de diversas acciones y proyectos, los cuales se desarrollar\u00e1n con asesor\u00eda directa del ente rector en materia de Energ\u00eda El\u00e9ctrica.<\/p>\n<p style=\"text-align: justify;\">Tania Masea, viceministra para Nuevas Fuentes y Uso Racional de la Energ\u00eda El\u00e9ctrica, durante una entrevista en el programa Al Aire, transmitido por Venezolana de Televisi\u00f3n, inform\u00f3 que se pretende promover un gran desarrollo en el pa\u00eds en cuanto al uso de las energ\u00edas alternativas, especialmente en los grandes usuarios.<\/p>\n<p style=\"text-align: justify;\"><strong><img loading=\"lazy\" decoding=\"async\" class=\"size-medium wp-image-84521 alignright\" src=\"http:\/\/10.200.87.50\/mppee\/wp-content\/uploads\/2021\/08\/WhatsApp-Image-2021-08-02-at-12.15.59-PM-300x200.jpeg\" alt=\"\" width=\"300\" height=\"200\" srcset=\"https:\/\/mppee.gob.ve\/wp-content\/uploads\/2021\/08\/WhatsApp-Image-2021-08-02-at-12.15.59-PM-300x200.jpeg 300w, https:\/\/mppee.gob.ve\/wp-content\/uploads\/2021\/08\/WhatsApp-Image-2021-08-02-at-12.15.59-PM-768x512.jpeg 768w, https:\/\/mppee.gob.ve\/wp-content\/uploads\/2021\/08\/WhatsApp-Image-2021-08-02-at-12.15.59-PM.jpeg 912w\" sizes=\"auto, (max-width: 300px) 100vw, 300px\" \/>\u201cEstamos estimulando que los grandes usuarios de energ\u00eda hagan autogeneraci\u00f3n, pero no con plantas di\u00e9sel, consumiendo combustible y generando gases de efecto invernadero, sino con energ\u00edas alternativas, paneles solares, aerogeneradores; podemos hacerlo. Ya contamos con los estudios necesarios, tanto de radiaci\u00f3n como mediciones de viento y la tarea es promover esta nueva cultura<\/strong>\u201d.<\/p>\n<p style=\"text-align: justify;\">La viceministra Tania Masea, resalt\u00f3 la instalaci\u00f3n de un sistema fotovoltaico en el estado Gu\u00e1rico, <strong>\u201cpara reforzar las telecomunicaciones del sector el\u00e9ctrico nacional y como \u00e9ste, ser\u00e1n 42 sistemas los que se instalar\u00e1n. Ya comenzamos capacitando y formando a los actores, desarrollando toda una estructura en el pa\u00eds para que se efectu\u00e9 todo el cambio. Es un cambio cultural importante\u201d<\/strong>, resalt\u00f3 Masea.<\/p>\n<p style=\"text-align: justify;\"><em><strong>Impacto del uso de las energ\u00edas alternativas en Venezuela<\/strong><\/em><\/p>\n<p style=\"text-align: justify;\"><img loading=\"lazy\" decoding=\"async\" class=\"size-medium wp-image-84518 alignleft\" src=\"http:\/\/10.200.87.50\/mppee\/wp-content\/uploads\/2021\/08\/WhatsApp-Image-2021-08-02-at-12.15.57-PM-300x200.jpeg\" alt=\"\" width=\"300\" height=\"200\" srcset=\"https:\/\/mppee.gob.ve\/wp-content\/uploads\/2021\/08\/WhatsApp-Image-2021-08-02-at-12.15.57-PM-300x200.jpeg 300w, https:\/\/mppee.gob.ve\/wp-content\/uploads\/2021\/08\/WhatsApp-Image-2021-08-02-at-12.15.57-PM-768x512.jpeg 768w, https:\/\/mppee.gob.ve\/wp-content\/uploads\/2021\/08\/WhatsApp-Image-2021-08-02-at-12.15.57-PM.jpeg 912w\" sizes=\"auto, (max-width: 300px) 100vw, 300px\" \/>Para el desarrollo de esta nueva campa\u00f1a y cambio de patrones en el uso de la energ\u00eda el\u00e9ctrica, el talento humano del MPPEE, avalado por el ministro G\/J N\u00e9stor Reverol, gran propulsor y principal garante del uso de las energ\u00edas alternativas, realiz\u00f3 un estudio el cual cont\u00f3 con la instalaci\u00f3n de m\u00e1s de 2 mil puntos de suministro de energ\u00eda en el pa\u00eds.<\/p>\n<p style=\"text-align: justify;\">Otro elemento en el que se participa con esta nueva acci\u00f3n, es en la disminuci\u00f3n de gases de efecto invernadero en el pa\u00eds, como lo establece el 7\u00ba Objetivo de Desarrollo Sostenible de la Agenda 2030 de la Organizaci\u00f3n de las Naciones Unidas.<\/p>\n<p style=\"text-align: justify;\"><strong>\u201cCada vez que instalamos un sistema fotovoltaico o un sistema con aerogeneradores, estamos disminuyendo la emisi\u00f3n de gases de efecto invernadero, porque dejamos de producir en las termoel\u00e9ctricas esa energ\u00eda\u201d<\/strong>, recalc\u00f3 la viceministra de Uree.<\/p>\n<p style=\"text-align: justify;\"><img loading=\"lazy\" decoding=\"async\" class=\"size-medium wp-image-84520 alignright\" src=\"http:\/\/10.200.87.50\/mppee\/wp-content\/uploads\/2021\/08\/WhatsApp-Image-2021-08-02-at-12.15.58-PM-300x200.jpeg\" alt=\"\" width=\"300\" height=\"200\" srcset=\"https:\/\/mppee.gob.ve\/wp-content\/uploads\/2021\/08\/WhatsApp-Image-2021-08-02-at-12.15.58-PM-300x200.jpeg 300w, https:\/\/mppee.gob.ve\/wp-content\/uploads\/2021\/08\/WhatsApp-Image-2021-08-02-at-12.15.58-PM-768x512.jpeg 768w, https:\/\/mppee.gob.ve\/wp-content\/uploads\/2021\/08\/WhatsApp-Image-2021-08-02-at-12.15.58-PM.jpeg 912w\" sizes=\"auto, (max-width: 300px) 100vw, 300px\" \/>Una de las resoluciones que el ministro Reverol Torres anunci\u00f3, se basa en brindar asesor\u00edas a todas las empresas que quieran, las que est\u00e1n en el pa\u00eds y a las que quieran invertir,<strong> \u201cesto lo debemos hacer con orden, debemos conocer donde las est\u00e1n instalando, cu\u00e1l es la tecnolog\u00eda que utilizan, y las empresas podr\u00e1n certificarse por el Mppee\u201d<\/strong>, refiri\u00f3.<\/p>\n<p style=\"text-align: justify;\">El uso racional y eficiente de la energ\u00eda es una estrategia que puede realizarse desde cualquier lugar donde el venezolano se desarrolle, hogar, lugar de estudio o trabajo, para contribuir en la disminuci\u00f3n del consumo y el cuidado del Sistema El\u00e9ctrico Nacional.<\/p>\n<p style=\"text-align: justify;\"><em><strong>\u00a1Activa la Conciencia con Energ\u00eda y Eficiencia!<\/strong><\/em><\/p>\n<p style=\"text-align: justify;\"><strong>Prensa Mppee<\/strong><\/p>\n","protected":false},"excerpt":{"rendered":"<p>Con el prop\u00f3sito de crear una nueva cultura del uso racional y eficiente de la energ\u00eda por parte de los<\/p>\n","protected":false},"author":12,"featured_media":84517,"comment_status":"open","ping_status":"open","sticky":false,"template":"","format":"standard","meta":{"footnotes":""},"categories":[15],"tags":[11],"class_list":["post-84516","post","type-post","status-publish","format-standard","has-post-thumbnail","hentry","category-nacionales","tag-mppee"],"_links":{"self":[{"href":"https:\/\/mppee.gob.ve\/index.php?rest_route=\/wp\/v2\/posts\/84516","targetHints":{"allow":["GET"]}}],"collection":[{"href":"https:\/\/mppee.gob.ve\/index.php?rest_route=\/wp\/v2\/posts"}],"about":[{"href":"https:\/\/mppee.gob.ve\/index.php?rest_route=\/wp\/v2\/types\/post"}],"author":[{"embeddable":true,"href":"https:\/\/mppee.gob.ve\/index.php?rest_route=\/wp\/v2\/users\/12"}],"replies":[{"embeddable":true,"href":"https:\/\/mppee.gob.ve\/index.php?rest_route=%2Fwp%2Fv2%2Fcomments&post=84516"}],"version-history":[{"count":1,"href":"https:\/\/mppee.gob.ve\/index.php?rest_route=\/wp\/v2\/posts\/84516\/revisions"}],"predecessor-version":[{"id":84522,"href":"https:\/\/mppee.gob.ve\/index.php?rest_route=\/wp\/v2\/posts\/84516\/revisions\/84522"}],"wp:featuredmedia":[{"embeddable":true,"href":"https:\/\/mppee.gob.ve\/index.php?rest_route=\/wp\/v2\/media\/84517"}],"wp:attachment":[{"href":"https:\/\/mppee.gob.ve\/index.php?rest_route=%2Fwp%2Fv2%2Fmedia&parent=84516"}],"wp:term":[{"taxonomy":"category","embeddable":true,"href":"https:\/\/mppee.gob.ve\/index.php?rest_route=%2Fwp%2Fv2%2Fcategories&post=84516"},{"taxonomy":"post_tag","embeddable":true,"href":"https:\/\/mppee.gob.ve\/index.php?rest_route=%2Fwp%2Fv2%2Ftags&post=84516"}],"curies":[{"name":"wp","href":"https:\/\/api.w.org\/{rel}","templated":true}]}}