{"id":84570,"date":"2021-08-11T14:01:00","date_gmt":"2021-08-11T14:01:00","guid":{"rendered":"http:\/\/10.200.87.50\/mppee\/?p=84570"},"modified":"2021-08-12T14:12:20","modified_gmt":"2021-08-12T14:12:20","slug":"campana-activa-la-conciencia-con-energia-y-eficiencia-busca-crear-nueva-cultura-energetica-en-venezuela","status":"publish","type":"post","link":"https:\/\/mppee.gob.ve\/?p=84570","title":{"rendered":"Campa\u00f1a \u201cActiva la Conciencia con Energ\u00eda y Eficiencia\u201d busca crear nueva cultura energ\u00e9tica en Venezuela"},"content":{"rendered":"<p style=\"text-align: justify;\"><img loading=\"lazy\" decoding=\"async\" class=\"size-medium wp-image-84574 alignleft\" src=\"http:\/\/10.200.87.50\/mppee\/wp-content\/uploads\/2021\/08\/WhatsApp-Image-2021-08-11-at-4.29.07-PM-300x200.jpeg\" alt=\"\" width=\"300\" height=\"200\" srcset=\"https:\/\/mppee.gob.ve\/wp-content\/uploads\/2021\/08\/WhatsApp-Image-2021-08-11-at-4.29.07-PM-300x200.jpeg 300w, https:\/\/mppee.gob.ve\/wp-content\/uploads\/2021\/08\/WhatsApp-Image-2021-08-11-at-4.29.07-PM-768x512.jpeg 768w, https:\/\/mppee.gob.ve\/wp-content\/uploads\/2021\/08\/WhatsApp-Image-2021-08-11-at-4.29.07-PM.jpeg 912w\" sizes=\"auto, (max-width: 300px) 100vw, 300px\" \/>La campa\u00f1a comunicacional \u201c<strong>Activa la Conciencia con Energ\u00eda y Eficiencia\u201d<\/strong>, busca crear buenos h\u00e1bitos en la poblaci\u00f3n venezolana para usar de manera consciente la electricidad, afirm\u00f3 este mi\u00e9rcoles el presidente de la Corporaci\u00f3n El\u00e9ctrica Nacional (Corpoelec), Ingeniero Jos\u00e9 Luis Betancourt, a trav\u00e9s del programa Caf\u00e9 en la Ma\u00f1ana, transmitido por Venezolana de Televisi\u00f3n.<\/p>\n<p style=\"text-align: justify;\">Detall\u00f3 que<strong> \u201cestas pr\u00e1cticas de uso racional y eficiente de la energ\u00eda no solo deben aplicarse en casa, sino tambi\u00e9n en la vida laboral\u201d<\/strong>. Indic\u00f3 que para alcanzar la nueva cultura energ\u00e9tica en el pa\u00eds es fundamental la participaci\u00f3n del Poder Popular.<\/p>\n<p style=\"text-align: justify;\"><strong>\u201cLas comunidades est\u00e1n siendo abordadas a trav\u00e9s de las jornadas sociales, que ejecuta la Vicepresidencia Sectorial de Obras P\u00fablicas y Servicios, junto a los Ministerios del despacho de Socialismo Social y Territorial, durante los fines de semanas en los 24 estados, bajo la metodolog\u00eda del punto y c\u00edrculo, lo que ha permitido la sustituci\u00f3n de bombillos que contribuyen a disminuir la demanda el\u00e9ctrica\u201d.<\/strong><\/p>\n<p style=\"text-align: justify;\"><img loading=\"lazy\" decoding=\"async\" class=\"size-medium wp-image-84573 alignright\" src=\"http:\/\/10.200.87.50\/mppee\/wp-content\/uploads\/2021\/08\/WhatsApp-Image-2021-08-11-at-4.29.06-PM-300x183.jpeg\" alt=\"\" width=\"300\" height=\"183\" srcset=\"https:\/\/mppee.gob.ve\/wp-content\/uploads\/2021\/08\/WhatsApp-Image-2021-08-11-at-4.29.06-PM-300x183.jpeg 300w, https:\/\/mppee.gob.ve\/wp-content\/uploads\/2021\/08\/WhatsApp-Image-2021-08-11-at-4.29.06-PM-1024x626.jpeg 1024w, https:\/\/mppee.gob.ve\/wp-content\/uploads\/2021\/08\/WhatsApp-Image-2021-08-11-at-4.29.06-PM-768x469.jpeg 768w, https:\/\/mppee.gob.ve\/wp-content\/uploads\/2021\/08\/WhatsApp-Image-2021-08-11-at-4.29.06-PM.jpeg 1080w\" sizes=\"auto, (max-width: 300px) 100vw, 300px\" \/>El Presidente de la Estatal el\u00e9ctrica apunt\u00f3, <strong>\u201cestamos activando las Mesas T\u00e9cnicas de Energ\u00eda en todos los consejos comunales a trav\u00e9s del Viceministerio de Articulaci\u00f3n Social del Sector El\u00e9ctrico, donde vamos a fomentar la utilizaci\u00f3n masiva de bombillos de tecnolog\u00eda LED, para hacer la sustituci\u00f3n en el territorio nacional\u201d.<\/strong><\/p>\n<p style=\"text-align: justify;\"><em><strong>Gesti\u00f3n El\u00e9ctrica en Marcha<\/strong><\/em><\/p>\n<p style=\"text-align: justify;\">El Ingeniero Betancourt asever\u00f3 que, gracias a la gesti\u00f3n ejecutada por el ministro del Poder Popular para la Energ\u00eda El\u00e9ctrica, G\/J N\u00e9stor Reverol, se han instalado y recuperado m\u00e1s de 70 mil puntos de alumbrado p\u00fablico en Caracas y las principales ciudades del pa\u00eds, como parte del Plan Integral de Iluminaci\u00f3n de V\u00edas Expresas.<\/p>\n<p style=\"text-align: justify;\">Explic\u00f3 que este proceso permiti\u00f3 cambiar los bombillos de vapor de sodio por luminarias LED, lo que contribuye a un uso eficiente e importante de la energ\u00eda desde los espacios p\u00fablicos.<\/p>\n<p style=\"text-align: justify;\"><em><strong>Innovaci\u00f3n energ\u00e9tica<\/strong><\/em><\/p>\n<p style=\"text-align: justify;\"><img loading=\"lazy\" decoding=\"async\" class=\"size-medium wp-image-84572 alignleft\" src=\"http:\/\/10.200.87.50\/mppee\/wp-content\/uploads\/2021\/08\/WhatsApp-Image-2021-08-11-at-4.29.06-PM2-300x200.jpeg\" alt=\"\" width=\"300\" height=\"200\" srcset=\"https:\/\/mppee.gob.ve\/wp-content\/uploads\/2021\/08\/WhatsApp-Image-2021-08-11-at-4.29.06-PM2-300x200.jpeg 300w, https:\/\/mppee.gob.ve\/wp-content\/uploads\/2021\/08\/WhatsApp-Image-2021-08-11-at-4.29.06-PM2-768x512.jpeg 768w, https:\/\/mppee.gob.ve\/wp-content\/uploads\/2021\/08\/WhatsApp-Image-2021-08-11-at-4.29.06-PM2.jpeg 912w\" sizes=\"auto, (max-width: 300px) 100vw, 300px\" \/>Betancourt destac\u00f3 que, desde Corpoelec, se han desarrollado m\u00e9todos innovadores para hacer el mantenimiento respectivo de diversos equipos y sistemas, para el fortalecimiento del Sistema El\u00e9ctrico Nacional (SEN).<\/p>\n<p style=\"text-align: justify;\">\nReiter\u00f3 que el titular de la cartera de Energ\u00eda El\u00e9ctrica, <strong>\u201cG\/J N\u00e9stor Reverol se ha empe\u00f1ado en que cada d\u00eda la fuerza trabajadora, vaya recuperando todos los equipos necesarios para hacer una buena prestaci\u00f3n del servicio el\u00e9ctrico en el pa\u00eds, en aras de seguir garantizando la estabilidad y confiabilidad de este servicio\u201d.<\/strong><\/p>\n<p style=\"text-align: justify;\">Por \u00faltimo, el Presidente de Corpoelec invit\u00f3 a las venezolanas y venezolanos a activarse con esta campa\u00f1a comunicacional, a trav\u00e9s de las redes sociales @usoracionalenergia, @ministerioenergiaelectrica y @corpoelecinfo para hacer un uso racional y eficiente de este importante servicio.<\/p>\n<p style=\"text-align: justify;\"><strong>Prensa Corpoelec<\/strong><\/p>\n","protected":false},"excerpt":{"rendered":"<p>La campa\u00f1a comunicacional \u201cActiva la Conciencia con Energ\u00eda y Eficiencia\u201d, busca crear buenos h\u00e1bitos en la poblaci\u00f3n venezolana para usar<\/p>\n","protected":false},"author":12,"featured_media":84571,"comment_status":"open","ping_status":"open","sticky":false,"template":"","format":"standard","meta":{"footnotes":""},"categories":[15],"tags":[],"class_list":["post-84570","post","type-post","status-publish","format-standard","has-post-thumbnail","hentry","category-nacionales"],"_links":{"self":[{"href":"https:\/\/mppee.gob.ve\/index.php?rest_route=\/wp\/v2\/posts\/84570","targetHints":{"allow":["GET"]}}],"collection":[{"href":"https:\/\/mppee.gob.ve\/index.php?rest_route=\/wp\/v2\/posts"}],"about":[{"href":"https:\/\/mppee.gob.ve\/index.php?rest_route=\/wp\/v2\/types\/post"}],"author":[{"embeddable":true,"href":"https:\/\/mppee.gob.ve\/index.php?rest_route=\/wp\/v2\/users\/12"}],"replies":[{"embeddable":true,"href":"https:\/\/mppee.gob.ve\/index.php?rest_route=%2Fwp%2Fv2%2Fcomments&post=84570"}],"version-history":[{"count":1,"href":"https:\/\/mppee.gob.ve\/index.php?rest_route=\/wp\/v2\/posts\/84570\/revisions"}],"predecessor-version":[{"id":84575,"href":"https:\/\/mppee.gob.ve\/index.php?rest_route=\/wp\/v2\/posts\/84570\/revisions\/84575"}],"wp:featuredmedia":[{"embeddable":true,"href":"https:\/\/mppee.gob.ve\/index.php?rest_route=\/wp\/v2\/media\/84571"}],"wp:attachment":[{"href":"https:\/\/mppee.gob.ve\/index.php?rest_route=%2Fwp%2Fv2%2Fmedia&parent=84570"}],"wp:term":[{"taxonomy":"category","embeddable":true,"href":"https:\/\/mppee.gob.ve\/index.php?rest_route=%2Fwp%2Fv2%2Fcategories&post=84570"},{"taxonomy":"post_tag","embeddable":true,"href":"https:\/\/mppee.gob.ve\/index.php?rest_route=%2Fwp%2Fv2%2Ftags&post=84570"}],"curies":[{"name":"wp","href":"https:\/\/api.w.org\/{rel}","templated":true}]}}