{"id":84599,"date":"2021-08-17T16:04:23","date_gmt":"2021-08-17T16:04:23","guid":{"rendered":"http:\/\/10.200.87.50\/mppee\/?p=84599"},"modified":"2021-08-17T16:04:24","modified_gmt":"2021-08-17T16:04:24","slug":"inicia-ii-fase-de-la-campana-de-concienciacion-sobre-energia-electrica-para-consolidar-su-uso-racional-y-eficiente","status":"publish","type":"post","link":"https:\/\/mppee.gob.ve\/?p=84599","title":{"rendered":"Inicia II fase de la campa\u00f1a de concienciaci\u00f3n sobre energ\u00eda el\u00e9ctrica para consolidar su uso racional y eficiente"},"content":{"rendered":"<p style=\"text-align: justify;\"><img loading=\"lazy\" decoding=\"async\" class=\"size-medium wp-image-84591 alignleft\" src=\"http:\/\/10.200.87.50\/mppee\/wp-content\/uploads\/2021\/08\/WhatsApp-Image-2021-08-14-at-9.35.55-PM1-300x213.jpeg\" alt=\"\" width=\"300\" height=\"213\" srcset=\"https:\/\/mppee.gob.ve\/wp-content\/uploads\/2021\/08\/WhatsApp-Image-2021-08-14-at-9.35.55-PM1-300x213.jpeg 300w, https:\/\/mppee.gob.ve\/wp-content\/uploads\/2021\/08\/WhatsApp-Image-2021-08-14-at-9.35.55-PM1-1024x728.jpeg 1024w, https:\/\/mppee.gob.ve\/wp-content\/uploads\/2021\/08\/WhatsApp-Image-2021-08-14-at-9.35.55-PM1-768x546.jpeg 768w, https:\/\/mppee.gob.ve\/wp-content\/uploads\/2021\/08\/WhatsApp-Image-2021-08-14-at-9.35.55-PM1.jpeg 1080w\" sizes=\"auto, (max-width: 300px) 100vw, 300px\" \/>Este lunes, el Ministerio del Poder Popular para la Energ\u00eda El\u00e9ctrica, dio inicio a la II fase de la campa\u00f1a comunicacional <strong>\u201cActiva la Conciencia con Energ\u00eda y Eficiencia\u201d<\/strong>, la cual busca consolidar las medidas del uso racional y eficiente de la energ\u00eda el\u00e9ctrica en los espacios cotidianos, como hogares y oficinas, con el objetivo principal de continuar con el impulso de estrategias dirigidas a todos los usuarios y alcanzar el adecuado consumo de la electricidad en el pa\u00eds.<\/p>\n<p style=\"text-align: justify;\">Cabe destacar, que los reproductores de DVD, tel\u00e9fonos inal\u00e1mbricos, celulares, aparatos de TV con encendido instant\u00e1neo y otros electrodom\u00e9sticos a control remoto, temporizador, reloj o memoria, son los principales responsables del llamado <strong>\u201cconsumo vampiro\u201d<\/strong>, que aumenta el uso de la energ\u00eda el\u00e9ctrica, y que se demuestra en lo que cancela mes a mes.<\/p>\n<p style=\"text-align: justify;\">En este contexto, el director general del <strong>Uso Racional y Eficiente de la Energ\u00eda<\/strong> (Uree) del <strong>Ministerio del Poder Popular para Energ\u00eda El\u00e9ctrica<\/strong> (Mppee), Benjam\u00edn Bustamante, indica una serie de recomendaciones para poder realizar un uso racional y eficiente de la energ\u00eda en cada hogar de la poblaci\u00f3n venezolana.<\/p>\n<p style=\"text-align: justify;\">En el contexto de la campa\u00f1a comunicacional <strong>\u201cActiva la Conciencia con Energ\u00eda y Eficiencia\u201d<\/strong>, desde su segunda fase, que inicia este lunes 16, busca consolidar las medidas del uso racional y eficiente de la energ\u00eda el\u00e9ctrica en los espacios cotidianos, como hogares y oficinas, con el objetivo principal de continuar con el impulso de estrategias dirigidas a todos los usuarios y alcanzar el adecuado consumo de la electricidad en el pa\u00eds, por ende el director general del Uso Racional y Eficiente de la Energ\u00eda (Uree) del Ministerio del Poder Popular para Energ\u00eda El\u00e9ctrica (Mppee), Benjam\u00edn Bustamante, indica una serie de recomendaciones para poder realizar un uso racional y eficiente de la energ\u00eda en cada hogar de la poblaci\u00f3n venezolana.<\/p>\n<p style=\"text-align: justify;\"><em><strong>Recomendaciones para un uso eficiente en el hogar<\/strong><\/em><\/p>\n<p style=\"text-align: justify;\">Apaga la computadora cuando termine de usarla, sea que est\u00e9 en su casa o en la oficina. Este equipo en modo de espera equivale hasta un 70 % de su consumo, mientras que una laptop consume el 45 % cuando queda en modo de reposo.<\/p>\n<p style=\"text-align: justify;\">Aprovecha la luz natural. Siempre que el sol alumbre algunos espacios en donde se vaya a realizar alguna labor, en el hogar o sitio de trabajo, no se deben encender las luces, puesto que aumenta la demanda de manera innecesaria.<\/p>\n<p style=\"text-align: justify;\">Cambie los bombillos de luz amarilla o incandescente por tecnolog\u00eda LED. Estos requieren entre 50 y 80% menos de electricidad para conseguir la misma iluminaci\u00f3n y su vida \u00fatil es mucho m\u00e1s duradera.<\/p>\n<p style=\"text-align: justify;\">Cuando adquiera nuevos electrodom\u00e9sticos en el hogar, busque aquellos que sean m\u00e1s eficientes, f\u00edjese que lleven las etiquetas energ\u00e9ticas A +, A ++ o A +++.<\/p>\n<p style=\"text-align: justify;\">La nevera es el electrodom\u00e9stico que m\u00e1s consume energ\u00eda en el hogar. Evite dejar la puerta abierta para que el motor no trabaje en exceso. Igualmente, no introduzca alimentos calientes, ya que consumir\u00e1 m\u00e1s para enfriarlos.<\/p>\n<p style=\"text-align: justify;\">Desenchufe las consolas de videojuegos cuando no las est\u00e9n usando. El llamado modo Stand by de estos aparatos representa el 5 % en la factura el\u00e9ctrica, sin sumar los dem\u00e1s electrodom\u00e9sticos que tambi\u00e9n cuentan con esta funci\u00f3n.<\/p>\n<p style=\"text-align: justify;\">El uso eficiente y racional de la energ\u00eda en los hogares es importante porque se contribuye al cuidado del medio ambiente, optimiza generaci\u00f3n de electricidad y, por otro lado, permite ahorrar dinero al cancelar la factura.<\/p>\n<p style=\"text-align: justify;\"><strong>Prensa Mppee<\/strong><\/p>\n","protected":false},"excerpt":{"rendered":"<p>Este lunes, el Ministerio del Poder Popular para la Energ\u00eda El\u00e9ctrica, dio inicio a la II fase de la campa\u00f1a<\/p>\n","protected":false},"author":12,"featured_media":84600,"comment_status":"open","ping_status":"open","sticky":false,"template":"","format":"standard","meta":{"footnotes":""},"categories":[15],"tags":[11],"class_list":["post-84599","post","type-post","status-publish","format-standard","has-post-thumbnail","hentry","category-nacionales","tag-mppee"],"_links":{"self":[{"href":"https:\/\/mppee.gob.ve\/index.php?rest_route=\/wp\/v2\/posts\/84599","targetHints":{"allow":["GET"]}}],"collection":[{"href":"https:\/\/mppee.gob.ve\/index.php?rest_route=\/wp\/v2\/posts"}],"about":[{"href":"https:\/\/mppee.gob.ve\/index.php?rest_route=\/wp\/v2\/types\/post"}],"author":[{"embeddable":true,"href":"https:\/\/mppee.gob.ve\/index.php?rest_route=\/wp\/v2\/users\/12"}],"replies":[{"embeddable":true,"href":"https:\/\/mppee.gob.ve\/index.php?rest_route=%2Fwp%2Fv2%2Fcomments&post=84599"}],"version-history":[{"count":1,"href":"https:\/\/mppee.gob.ve\/index.php?rest_route=\/wp\/v2\/posts\/84599\/revisions"}],"predecessor-version":[{"id":84601,"href":"https:\/\/mppee.gob.ve\/index.php?rest_route=\/wp\/v2\/posts\/84599\/revisions\/84601"}],"wp:featuredmedia":[{"embeddable":true,"href":"https:\/\/mppee.gob.ve\/index.php?rest_route=\/wp\/v2\/media\/84600"}],"wp:attachment":[{"href":"https:\/\/mppee.gob.ve\/index.php?rest_route=%2Fwp%2Fv2%2Fmedia&parent=84599"}],"wp:term":[{"taxonomy":"category","embeddable":true,"href":"https:\/\/mppee.gob.ve\/index.php?rest_route=%2Fwp%2Fv2%2Fcategories&post=84599"},{"taxonomy":"post_tag","embeddable":true,"href":"https:\/\/mppee.gob.ve\/index.php?rest_route=%2Fwp%2Fv2%2Ftags&post=84599"}],"curies":[{"name":"wp","href":"https:\/\/api.w.org\/{rel}","templated":true}]}}