{"id":84602,"date":"2021-08-17T16:00:00","date_gmt":"2021-08-17T16:00:00","guid":{"rendered":"http:\/\/10.200.87.50\/mppee\/?p=84602"},"modified":"2021-08-18T16:11:47","modified_gmt":"2021-08-18T16:11:47","slug":"supervisan-labores-del-plan-de-atencion-integral-a-los-espacios-de-la-ucv","status":"publish","type":"post","link":"https:\/\/mppee.gob.ve\/?p=84602","title":{"rendered":"Supervisan labores del Plan de Atenci\u00f3n Integral a los Espacios de la UCV"},"content":{"rendered":"<p style=\"text-align: justify;\"><img loading=\"lazy\" decoding=\"async\" class=\"size-medium wp-image-84609 alignleft\" src=\"http:\/\/10.200.87.50\/mppee\/wp-content\/uploads\/2021\/08\/WhatsApp-Image-2021-08-17-at-5.17.52-PM1-300x149.jpeg\" alt=\"\" width=\"300\" height=\"149\" srcset=\"https:\/\/mppee.gob.ve\/wp-content\/uploads\/2021\/08\/WhatsApp-Image-2021-08-17-at-5.17.52-PM1-300x149.jpeg 300w, https:\/\/mppee.gob.ve\/wp-content\/uploads\/2021\/08\/WhatsApp-Image-2021-08-17-at-5.17.52-PM1-1024x510.jpeg 1024w, https:\/\/mppee.gob.ve\/wp-content\/uploads\/2021\/08\/WhatsApp-Image-2021-08-17-at-5.17.52-PM1-768x383.jpeg 768w, https:\/\/mppee.gob.ve\/wp-content\/uploads\/2021\/08\/WhatsApp-Image-2021-08-17-at-5.17.52-PM1.jpeg 1080w\" sizes=\"auto, (max-width: 300px) 100vw, 300px\" \/>Como parte de las acciones del Plan de Atenci\u00f3n Integral a los Espacios de la Universidad Central de Venezuela (UCV), este martes el vicepresidente Sectorial de Obras P\u00fablicas y Servicios, G\/J N\u00e9stor Reverol, realiz\u00f3 la supervisi\u00f3n de las acciones de mejoras y embellecimiento que se ejecutan desde este despacho en las infraestructuras y alrededores de esta casa de estudios.<\/p>\n<p style=\"text-align: justify;\">Asimismo, desde el \u00e1rea del Jard\u00edn Bot\u00e1nico, el General en Jefe, sostuvo una reuni\u00f3n con los ministerios que integran est\u00e1 Vicepresidencia, en aras de establecer las responsabilidades y poner en marcha importantes trabajos en dicha casa de estudios.<\/p>\n<p style=\"text-align: justify;\"><img loading=\"lazy\" decoding=\"async\" class=\"size-medium wp-image-84608 alignright\" src=\"http:\/\/10.200.87.50\/mppee\/wp-content\/uploads\/2021\/08\/WhatsApp-Image-2021-08-17-at-5.17.51-PM-300x200.jpeg\" alt=\"\" width=\"300\" height=\"200\" srcset=\"https:\/\/mppee.gob.ve\/wp-content\/uploads\/2021\/08\/WhatsApp-Image-2021-08-17-at-5.17.51-PM-300x200.jpeg 300w, https:\/\/mppee.gob.ve\/wp-content\/uploads\/2021\/08\/WhatsApp-Image-2021-08-17-at-5.17.51-PM-1024x683.jpeg 1024w, https:\/\/mppee.gob.ve\/wp-content\/uploads\/2021\/08\/WhatsApp-Image-2021-08-17-at-5.17.51-PM-768x512.jpeg 768w, https:\/\/mppee.gob.ve\/wp-content\/uploads\/2021\/08\/WhatsApp-Image-2021-08-17-at-5.17.51-PM.jpeg 1080w\" sizes=\"auto, (max-width: 300px) 100vw, 300px\" \/>Destac\u00f3 que la atenci\u00f3n primordial es verificar el servicio de agua, as\u00ed como tambi\u00e9n todo el levantamiento y diagn\u00f3stico del sistema el\u00e9ctrico, infraestructura, vialidad y embellecimiento de los espacios; con el abordaje integral al Jard\u00edn Bot\u00e1nico y dem\u00e1s \u00e1reas verdes de la Ciudad Universitaria, Patrimonio Mundial, Cultural y Natural de la Humanidad, declarado por la Unesco en el a\u00f1o 2000.<\/p>\n<p style=\"text-align: justify;\">El General en Jefe N\u00e9stor Reverol, detall\u00f3 que m\u00e1s de 250 hombres y mujeres del Ministerio del Poder Popular de Obras P\u00fablicas, Brigadas Comunitarias y Barrio Nuevo Barrio Tricolor, han trabajado arduamente durante estos \u00faltimos 15 d\u00edas, para alcanzar el objetivo propuesto y hacer todos los abordajes que sean necesarios a fin de lograr la atenci\u00f3n integral a las instalaciones.<\/p>\n<p style=\"text-align: justify;\">Ratific\u00f3 que cada ente adscrito a la Vicepresidencia Sectorial de Obras P\u00fablicas y Servicios, tendr\u00e1 un responsable que se enlazar\u00e1 con el ministro G\/D Ra\u00fal Paredes, para las coordinaciones respectivas.<\/p>\n<p style=\"text-align: justify;\"><img loading=\"lazy\" decoding=\"async\" class=\"size-medium wp-image-84607 alignleft\" src=\"http:\/\/10.200.87.50\/mppee\/wp-content\/uploads\/2021\/08\/WhatsApp-Image-2021-08-17-at-5.17.51-PM2-300x143.jpeg\" alt=\"\" width=\"300\" height=\"143\" srcset=\"https:\/\/mppee.gob.ve\/wp-content\/uploads\/2021\/08\/WhatsApp-Image-2021-08-17-at-5.17.51-PM2-300x143.jpeg 300w, https:\/\/mppee.gob.ve\/wp-content\/uploads\/2021\/08\/WhatsApp-Image-2021-08-17-at-5.17.51-PM2-1024x486.jpeg 1024w, https:\/\/mppee.gob.ve\/wp-content\/uploads\/2021\/08\/WhatsApp-Image-2021-08-17-at-5.17.51-PM2-768x365.jpeg 768w, https:\/\/mppee.gob.ve\/wp-content\/uploads\/2021\/08\/WhatsApp-Image-2021-08-17-at-5.17.51-PM2.jpeg 1080w\" sizes=\"auto, (max-width: 300px) 100vw, 300px\" \/>Destac\u00f3 que <strong>\u00abse visitar\u00e1 peri\u00f3dicamente la Ciudad Universitaria para verificar los avances de seguimiento, control y todas las acciones que sean necesarias para garantizar el cumplimiento de este Plan Especial de Atenci\u00f3n a la Universidad Central de Venezuela, que arribar\u00e1 a sus 300 a\u00f1os de fundaci\u00f3n el pr\u00f3ximo mes de diciembre\u00bb.<\/strong><\/p>\n<p style=\"text-align: justify;\"><strong>\u201cEstamos seguros que con el empe\u00f1o de cada uno de nosotros, con la disposici\u00f3n que tenemos de lograr los objetivos, vamos a estar muy contentos al final del a\u00f1o de poder entregar una Universidad Central de Venezuela hermosa\u201d<\/strong>, dijo Reverol Torres.<\/p>\n<p style=\"text-align: justify;\"><strong>Prensa Corpoelec<\/strong><\/p>\n<figure id=\"attachment_84603\" aria-describedby=\"caption-attachment-84603\" style=\"width: 1080px\" class=\"wp-caption alignnone\"><img loading=\"lazy\" decoding=\"async\" class=\"wp-image-84603 size-full\" src=\"http:\/\/10.200.87.50\/mppee\/wp-content\/uploads\/2021\/08\/WhatsApp-Image-2021-08-17-at-5.17.50-PM1.jpeg\" alt=\"\" width=\"1080\" height=\"720\" srcset=\"https:\/\/mppee.gob.ve\/wp-content\/uploads\/2021\/08\/WhatsApp-Image-2021-08-17-at-5.17.50-PM1.jpeg 1080w, https:\/\/mppee.gob.ve\/wp-content\/uploads\/2021\/08\/WhatsApp-Image-2021-08-17-at-5.17.50-PM1-300x200.jpeg 300w, https:\/\/mppee.gob.ve\/wp-content\/uploads\/2021\/08\/WhatsApp-Image-2021-08-17-at-5.17.50-PM1-1024x683.jpeg 1024w, https:\/\/mppee.gob.ve\/wp-content\/uploads\/2021\/08\/WhatsApp-Image-2021-08-17-at-5.17.50-PM1-768x512.jpeg 768w\" sizes=\"auto, (max-width: 1080px) 100vw, 1080px\" \/><figcaption id=\"caption-attachment-84603\" class=\"wp-caption-text\">vicepresidente Sectorial de Obras P\u00fablicas y Servicios, G\/J N\u00e9stor Reverol<\/figcaption><\/figure>\n<p><img loading=\"lazy\" decoding=\"async\" class=\"alignnone wp-image-84606 size-full\" src=\"http:\/\/10.200.87.50\/mppee\/wp-content\/uploads\/2021\/08\/WhatsApp-Image-2021-08-17-at-5.17.51-PM1.jpeg\" alt=\"\" width=\"1080\" height=\"504\" srcset=\"https:\/\/mppee.gob.ve\/wp-content\/uploads\/2021\/08\/WhatsApp-Image-2021-08-17-at-5.17.51-PM1.jpeg 1080w, https:\/\/mppee.gob.ve\/wp-content\/uploads\/2021\/08\/WhatsApp-Image-2021-08-17-at-5.17.51-PM1-300x140.jpeg 300w, https:\/\/mppee.gob.ve\/wp-content\/uploads\/2021\/08\/WhatsApp-Image-2021-08-17-at-5.17.51-PM1-1024x478.jpeg 1024w, https:\/\/mppee.gob.ve\/wp-content\/uploads\/2021\/08\/WhatsApp-Image-2021-08-17-at-5.17.51-PM1-768x358.jpeg 768w\" sizes=\"auto, (max-width: 1080px) 100vw, 1080px\" \/> <img loading=\"lazy\" decoding=\"async\" class=\"alignnone wp-image-84605 size-full\" src=\"http:\/\/10.200.87.50\/mppee\/wp-content\/uploads\/2021\/08\/WhatsApp-Image-2021-08-17-at-5.17.50-PM.jpeg\" alt=\"\" width=\"1080\" height=\"720\" srcset=\"https:\/\/mppee.gob.ve\/wp-content\/uploads\/2021\/08\/WhatsApp-Image-2021-08-17-at-5.17.50-PM.jpeg 1080w, https:\/\/mppee.gob.ve\/wp-content\/uploads\/2021\/08\/WhatsApp-Image-2021-08-17-at-5.17.50-PM-300x200.jpeg 300w, https:\/\/mppee.gob.ve\/wp-content\/uploads\/2021\/08\/WhatsApp-Image-2021-08-17-at-5.17.50-PM-1024x683.jpeg 1024w, https:\/\/mppee.gob.ve\/wp-content\/uploads\/2021\/08\/WhatsApp-Image-2021-08-17-at-5.17.50-PM-768x512.jpeg 768w\" sizes=\"auto, (max-width: 1080px) 100vw, 1080px\" \/> <img loading=\"lazy\" decoding=\"async\" class=\"alignnone wp-image-84604 size-full\" src=\"http:\/\/10.200.87.50\/mppee\/wp-content\/uploads\/2021\/08\/WhatsApp-Image-2021-08-17-at-5.17.50-PM2.jpeg\" alt=\"\" width=\"1080\" height=\"720\" srcset=\"https:\/\/mppee.gob.ve\/wp-content\/uploads\/2021\/08\/WhatsApp-Image-2021-08-17-at-5.17.50-PM2.jpeg 1080w, https:\/\/mppee.gob.ve\/wp-content\/uploads\/2021\/08\/WhatsApp-Image-2021-08-17-at-5.17.50-PM2-300x200.jpeg 300w, https:\/\/mppee.gob.ve\/wp-content\/uploads\/2021\/08\/WhatsApp-Image-2021-08-17-at-5.17.50-PM2-1024x683.jpeg 1024w, https:\/\/mppee.gob.ve\/wp-content\/uploads\/2021\/08\/WhatsApp-Image-2021-08-17-at-5.17.50-PM2-768x512.jpeg 768w\" sizes=\"auto, (max-width: 1080px) 100vw, 1080px\" \/><\/p>\n","protected":false},"excerpt":{"rendered":"<p>Como parte de las acciones del Plan de Atenci\u00f3n Integral a los Espacios de la Universidad Central de Venezuela (UCV),<\/p>\n","protected":false},"author":12,"featured_media":84610,"comment_status":"open","ping_status":"open","sticky":false,"template":"","format":"standard","meta":{"footnotes":""},"categories":[30],"tags":[327],"class_list":["post-84602","post","type-post","status-publish","format-standard","has-post-thumbnail","hentry","category-regionales","tag-vsops"],"_links":{"self":[{"href":"https:\/\/mppee.gob.ve\/index.php?rest_route=\/wp\/v2\/posts\/84602","targetHints":{"allow":["GET"]}}],"collection":[{"href":"https:\/\/mppee.gob.ve\/index.php?rest_route=\/wp\/v2\/posts"}],"about":[{"href":"https:\/\/mppee.gob.ve\/index.php?rest_route=\/wp\/v2\/types\/post"}],"author":[{"embeddable":true,"href":"https:\/\/mppee.gob.ve\/index.php?rest_route=\/wp\/v2\/users\/12"}],"replies":[{"embeddable":true,"href":"https:\/\/mppee.gob.ve\/index.php?rest_route=%2Fwp%2Fv2%2Fcomments&post=84602"}],"version-history":[{"count":1,"href":"https:\/\/mppee.gob.ve\/index.php?rest_route=\/wp\/v2\/posts\/84602\/revisions"}],"predecessor-version":[{"id":84611,"href":"https:\/\/mppee.gob.ve\/index.php?rest_route=\/wp\/v2\/posts\/84602\/revisions\/84611"}],"wp:featuredmedia":[{"embeddable":true,"href":"https:\/\/mppee.gob.ve\/index.php?rest_route=\/wp\/v2\/media\/84610"}],"wp:attachment":[{"href":"https:\/\/mppee.gob.ve\/index.php?rest_route=%2Fwp%2Fv2%2Fmedia&parent=84602"}],"wp:term":[{"taxonomy":"category","embeddable":true,"href":"https:\/\/mppee.gob.ve\/index.php?rest_route=%2Fwp%2Fv2%2Fcategories&post=84602"},{"taxonomy":"post_tag","embeddable":true,"href":"https:\/\/mppee.gob.ve\/index.php?rest_route=%2Fwp%2Fv2%2Ftags&post=84602"}],"curies":[{"name":"wp","href":"https:\/\/api.w.org\/{rel}","templated":true}]}}