{"id":84680,"date":"2021-08-24T14:12:00","date_gmt":"2021-08-24T14:12:00","guid":{"rendered":"http:\/\/10.200.87.50\/mppee\/?p=84680"},"modified":"2021-08-25T14:20:21","modified_gmt":"2021-08-25T14:20:21","slug":"inicia-curso-especializado-de-gestion-energetica-a-representantes-del-ejecutivo-nacional","status":"publish","type":"post","link":"https:\/\/mppee.gob.ve\/?p=84680","title":{"rendered":"Inicia Curso Especializado de Gesti\u00f3n Energ\u00e9tica a representantes del Ejecutivo nacional"},"content":{"rendered":"<p style=\"text-align: justify;\"><img loading=\"lazy\" decoding=\"async\" class=\"size-medium wp-image-84686 alignleft\" src=\"http:\/\/10.200.87.50\/mppee\/wp-content\/uploads\/2021\/08\/WhatsApp-Image-2021-08-24-at-7.09.13-PM-300x239.jpeg\" alt=\"\" width=\"300\" height=\"239\" srcset=\"https:\/\/mppee.gob.ve\/wp-content\/uploads\/2021\/08\/WhatsApp-Image-2021-08-24-at-7.09.13-PM-300x239.jpeg 300w, https:\/\/mppee.gob.ve\/wp-content\/uploads\/2021\/08\/WhatsApp-Image-2021-08-24-at-7.09.13-PM-768x611.jpeg 768w, https:\/\/mppee.gob.ve\/wp-content\/uploads\/2021\/08\/WhatsApp-Image-2021-08-24-at-7.09.13-PM.jpeg 880w\" sizes=\"auto, (max-width: 300px) 100vw, 300px\" \/>Como parte de las acciones de la campa\u00f1a A<strong>ctiva la Conciencia con Energ\u00eda y Eficiencia<\/strong>, este martes se dio inicio al Curso Especializado de Gesti\u00f3n Energ\u00e9tica a representantes de los 34 ministerios del pa\u00eds, as\u00ed lo inform\u00f3 el <strong>Vicepresidente Sectorial de Obras P\u00fablicas y Servicios, G\/J N\u00e9stor Reverol<\/strong>, mediante una publicaci\u00f3n en su cuenta en la red social Instagram.<\/p>\n<p style=\"text-align: justify;\">El tambi\u00e9n Ministro del Poder Popular para la Energ\u00eda El\u00e9ctrica destac\u00f3 que el curso tiene una duraci\u00f3n de 2 meses, y capacitar\u00e1 a los Jefes de las Unidades de Gesti\u00f3n Energ\u00e9tica en \u00e1reas como pol\u00edticas p\u00fablicas, gesti\u00f3n interna de la energ\u00eda, eficiencia de sistemas termo-mec\u00e1nicos y de suministro, as\u00ed como en el aprovechamiento de energ\u00edas alternativas.<\/p>\n<p style=\"text-align: justify;\">Durante el encuentro, la viceministra para Nuevas Fuentes y Uso Racional y Eficiente de la Energ\u00eda El\u00e9ctrica, Tania Masea indic\u00f3 que los representantes de las Unidades de Gesti\u00f3n Energ\u00e9tica de los 34 ministerios, se forman y capacitan para ser corresponsables en la prestaci\u00f3n del servicio energ\u00e9tico.<\/p>\n<p style=\"text-align: justify;\"><img loading=\"lazy\" decoding=\"async\" class=\"size-medium wp-image-84685 alignright\" src=\"http:\/\/10.200.87.50\/mppee\/wp-content\/uploads\/2021\/08\/WhatsApp-Image-2021-08-24-at-7.09.13-PM1-300x155.jpeg\" alt=\"\" width=\"300\" height=\"155\" srcset=\"https:\/\/mppee.gob.ve\/wp-content\/uploads\/2021\/08\/WhatsApp-Image-2021-08-24-at-7.09.13-PM1-300x155.jpeg 300w, https:\/\/mppee.gob.ve\/wp-content\/uploads\/2021\/08\/WhatsApp-Image-2021-08-24-at-7.09.13-PM1-1024x529.jpeg 1024w, https:\/\/mppee.gob.ve\/wp-content\/uploads\/2021\/08\/WhatsApp-Image-2021-08-24-at-7.09.13-PM1-768x397.jpeg 768w, https:\/\/mppee.gob.ve\/wp-content\/uploads\/2021\/08\/WhatsApp-Image-2021-08-24-at-7.09.13-PM1.jpeg 1080w\" sizes=\"auto, (max-width: 300px) 100vw, 300px\" \/>Masea revel\u00f3 que estas unidades van a poder realizar el Plan de Uso Racional y Eficiente de la Energ\u00eda El\u00e9ctrica dentro de sus \u00e1reas de trabajo.<\/p>\n<p style=\"text-align: justify;\">Asegur\u00f3 que estos grupos llevar\u00e1n el control, supervisi\u00f3n y seguimiento de sus instituciones. \u201cCon esta medida pretendemos disminuir 400 MW que ser\u00e1n suministrados por el Sistema El\u00e9ctrico Nacional\u201d, dijo.<\/p>\n<p style=\"text-align: justify;\"><strong>\u201cCuando nosotros disminuimos el consumo de electricidad, incrementamos la demanda, lo cual redunda en la generaci\u00f3n termoel\u00e9ctrica, esto implica m\u00e1s generaci\u00f3n de gases de efectos invernaderos\u201d<\/strong>, explic\u00f3.<\/p>\n<p style=\"text-align: justify;\">La campa\u00f1a comunicacional Activa la Conciencia con Energ\u00eda y Eficiencia, contempla acciones relacionadas con la implementaci\u00f3n de medidas de uso racional y eficiente de la energ\u00eda en el sector p\u00fablico e instituciones del Estado.<\/p>\n<p style=\"text-align: justify;\"><img loading=\"lazy\" decoding=\"async\" class=\"size-medium wp-image-84684 alignleft\" src=\"http:\/\/10.200.87.50\/mppee\/wp-content\/uploads\/2021\/08\/WhatsApp-Image-2021-08-24-at-7.09.12-PM-300x214.jpeg\" alt=\"\" width=\"300\" height=\"214\" srcset=\"https:\/\/mppee.gob.ve\/wp-content\/uploads\/2021\/08\/WhatsApp-Image-2021-08-24-at-7.09.12-PM-300x214.jpeg 300w, https:\/\/mppee.gob.ve\/wp-content\/uploads\/2021\/08\/WhatsApp-Image-2021-08-24-at-7.09.12-PM-768x549.jpeg 768w, https:\/\/mppee.gob.ve\/wp-content\/uploads\/2021\/08\/WhatsApp-Image-2021-08-24-at-7.09.12-PM.jpeg 980w\" sizes=\"auto, (max-width: 300px) 100vw, 300px\" \/>La Viceministra asever\u00f3 que cuando se habla que la Conciencia Entra por Casa, se promueve que el Estado venezolano sea corresponsable con el servicio el\u00e9ctrico. <strong>\u201cNo solamente desde Corpoelec, y los trabajadores que estamos garantizando el servicio energ\u00e9tico; sino tambi\u00e9n todos los usuarios, todo los que usan la energ\u00eda el\u00e9ctrica es corresponsable tambi\u00e9n de esa presentaci\u00f3n del servicio\u00bb.<\/strong><\/p>\n<p style=\"text-align: justify;\">Finalmente, el General en Jefe asegur\u00f3 que\u00a0 <strong>\u00abcada acci\u00f3n cuenta para que logremos juntos la estabilizaci\u00f3n de nuestro Sistema El\u00e9ctrico Nacional y desde el @MinisterioEnergiaElectrica, estamos capacitando a quienes aplican la pol\u00edtica energ\u00e9tica en estos espacios para que las medidas de uso racional y eficiente de la energ\u00eda sean implementadas eficazmente\u00bb.<\/strong><\/p>\n<p style=\"text-align: justify;\"><strong>Prensa Mppee<\/strong><\/p>\n<p><img loading=\"lazy\" decoding=\"async\" class=\"alignnone wp-image-84682 size-full\" src=\"http:\/\/10.200.87.50\/mppee\/wp-content\/uploads\/2021\/08\/WhatsApp-Image-2021-08-24-at-7.09.12-PM2.jpeg\" alt=\"\" width=\"1080\" height=\"636\" srcset=\"https:\/\/mppee.gob.ve\/wp-content\/uploads\/2021\/08\/WhatsApp-Image-2021-08-24-at-7.09.12-PM2.jpeg 1080w, https:\/\/mppee.gob.ve\/wp-content\/uploads\/2021\/08\/WhatsApp-Image-2021-08-24-at-7.09.12-PM2-300x177.jpeg 300w, https:\/\/mppee.gob.ve\/wp-content\/uploads\/2021\/08\/WhatsApp-Image-2021-08-24-at-7.09.12-PM2-1024x603.jpeg 1024w, https:\/\/mppee.gob.ve\/wp-content\/uploads\/2021\/08\/WhatsApp-Image-2021-08-24-at-7.09.12-PM2-768x452.jpeg 768w\" sizes=\"auto, (max-width: 1080px) 100vw, 1080px\" \/> <img loading=\"lazy\" decoding=\"async\" class=\"alignnone wp-image-84681 size-full\" src=\"http:\/\/10.200.87.50\/mppee\/wp-content\/uploads\/2021\/08\/WhatsApp-Image-2021-08-24-at-7.09.12-PM1.jpeg\" alt=\"\" width=\"896\" height=\"700\" srcset=\"https:\/\/mppee.gob.ve\/wp-content\/uploads\/2021\/08\/WhatsApp-Image-2021-08-24-at-7.09.12-PM1.jpeg 896w, https:\/\/mppee.gob.ve\/wp-content\/uploads\/2021\/08\/WhatsApp-Image-2021-08-24-at-7.09.12-PM1-300x234.jpeg 300w, https:\/\/mppee.gob.ve\/wp-content\/uploads\/2021\/08\/WhatsApp-Image-2021-08-24-at-7.09.12-PM1-768x600.jpeg 768w\" sizes=\"auto, (max-width: 896px) 100vw, 896px\" \/><\/p>\n","protected":false},"excerpt":{"rendered":"<p>Como parte de las acciones de la campa\u00f1a Activa la Conciencia con Energ\u00eda y Eficiencia, este martes se dio inicio<\/p>\n","protected":false},"author":12,"featured_media":84683,"comment_status":"open","ping_status":"open","sticky":false,"template":"","format":"standard","meta":{"footnotes":""},"categories":[15],"tags":[11],"class_list":["post-84680","post","type-post","status-publish","format-standard","has-post-thumbnail","hentry","category-nacionales","tag-mppee"],"_links":{"self":[{"href":"https:\/\/mppee.gob.ve\/index.php?rest_route=\/wp\/v2\/posts\/84680","targetHints":{"allow":["GET"]}}],"collection":[{"href":"https:\/\/mppee.gob.ve\/index.php?rest_route=\/wp\/v2\/posts"}],"about":[{"href":"https:\/\/mppee.gob.ve\/index.php?rest_route=\/wp\/v2\/types\/post"}],"author":[{"embeddable":true,"href":"https:\/\/mppee.gob.ve\/index.php?rest_route=\/wp\/v2\/users\/12"}],"replies":[{"embeddable":true,"href":"https:\/\/mppee.gob.ve\/index.php?rest_route=%2Fwp%2Fv2%2Fcomments&post=84680"}],"version-history":[{"count":1,"href":"https:\/\/mppee.gob.ve\/index.php?rest_route=\/wp\/v2\/posts\/84680\/revisions"}],"predecessor-version":[{"id":84687,"href":"https:\/\/mppee.gob.ve\/index.php?rest_route=\/wp\/v2\/posts\/84680\/revisions\/84687"}],"wp:featuredmedia":[{"embeddable":true,"href":"https:\/\/mppee.gob.ve\/index.php?rest_route=\/wp\/v2\/media\/84683"}],"wp:attachment":[{"href":"https:\/\/mppee.gob.ve\/index.php?rest_route=%2Fwp%2Fv2%2Fmedia&parent=84680"}],"wp:term":[{"taxonomy":"category","embeddable":true,"href":"https:\/\/mppee.gob.ve\/index.php?rest_route=%2Fwp%2Fv2%2Fcategories&post=84680"},{"taxonomy":"post_tag","embeddable":true,"href":"https:\/\/mppee.gob.ve\/index.php?rest_route=%2Fwp%2Fv2%2Ftags&post=84680"}],"curies":[{"name":"wp","href":"https:\/\/api.w.org\/{rel}","templated":true}]}}