{"id":84688,"date":"2021-08-24T14:20:00","date_gmt":"2021-08-24T14:20:00","guid":{"rendered":"http:\/\/10.200.87.50\/mppee\/?p=84688"},"modified":"2021-08-25T14:28:14","modified_gmt":"2021-08-25T14:28:14","slug":"autoridades-trabajan-para-recuperar-servicio-electrico-en-merida","status":"publish","type":"post","link":"https:\/\/mppee.gob.ve\/?p=84688","title":{"rendered":"Autoridades trabajan para recuperar servicio el\u00e9ctrico en M\u00e9rida"},"content":{"rendered":"<p style=\"text-align: justify;\"><img loading=\"lazy\" decoding=\"async\" class=\"size-medium wp-image-84689 alignleft\" src=\"http:\/\/10.200.87.50\/mppee\/wp-content\/uploads\/2021\/08\/WhatsApp-Image-2021-08-24-at-9.39.49-PM-300x169.jpeg\" alt=\"\" width=\"300\" height=\"169\" srcset=\"https:\/\/mppee.gob.ve\/wp-content\/uploads\/2021\/08\/WhatsApp-Image-2021-08-24-at-9.39.49-PM-300x169.jpeg 300w, https:\/\/mppee.gob.ve\/wp-content\/uploads\/2021\/08\/WhatsApp-Image-2021-08-24-at-9.39.49-PM-1024x577.jpeg 1024w, https:\/\/mppee.gob.ve\/wp-content\/uploads\/2021\/08\/WhatsApp-Image-2021-08-24-at-9.39.49-PM-768x433.jpeg 768w, https:\/\/mppee.gob.ve\/wp-content\/uploads\/2021\/08\/WhatsApp-Image-2021-08-24-at-9.39.49-PM.jpeg 1080w\" sizes=\"auto, (max-width: 300px) 100vw, 300px\" \/>Autoridades del Gobierno Bolivariano se encuentran desplegadas en el estado M\u00e9rida, para recuperar el servicio el\u00e9ctrico en la entidad, luego de verse afectado por las intensas lluvias, as\u00ed lo inform\u00f3 el vicepresidente sectorial de Obras P\u00fablicas y Servicios, G\/J N\u00e9stor Reverol, desde el Puesto de Comando Presidencial.<\/p>\n<p style=\"text-align: justify;\">Indic\u00f3 que la subestaci\u00f3n el\u00e9ctrica Tovar qued\u00f3 tapiada en un 70%, producto del desbordamiento del r\u00edo Mocot\u00edes en la entidad andina, pero que la fuerza laboral de la industria el\u00e9ctrica de la mano con el ejecutivo regional, brinda atenci\u00f3n oportuna al pueblo.<\/p>\n<p style=\"text-align: justify;\"><strong>\u00abA pesar de la crecida de la cuenca y micro cuencas del r\u00edo Mocot\u00edes, tenemos una subestaci\u00f3n m\u00f3vil en esa planta, que no sufri\u00f3 afectaci\u00f3n. Este momento el Gerente Territorial de la entidad, en acompa\u00f1amiento con protector del estado, Jehyson Guzm\u00e1n y el personal t\u00e9cnico est\u00e1n recuperando esa unidad que puede generar 10 MW para estabilizar el servicio en M\u00e9rida\u00bb<\/strong>, refiri\u00f3.<\/p>\n<p style=\"text-align: justify;\">El tambi\u00e9n Ministro del Poder Popular para la Energ\u00eda El\u00e9ctrica, destac\u00f3 que cuadrillas se encuentran desplegadas para despejar la v\u00eda y as\u00ed poder recuperar el 90% de la carga el\u00e9ctrica para la entidad.<\/p>\n<p style=\"text-align: justify;\">Por su parte, el presidente de la Rep\u00fablica Bolivariana de Venezuela, Nicol\u00e1s Maduro Moros, instruy\u00f3 recuperar los servicios p\u00fablicos en el occidente del pa\u00eds, que han sido afectados por las fuertes precipitaciones que ha sufrido la naci\u00f3n.<\/p>\n<p style=\"text-align: justify;\"><strong>\u00abTenemos que tomar medidas de prevenci\u00f3n ante las emergencias por las lluvias. Debemos recuperar los servicios p\u00fablicos y los espacios que sufrieron estragos por las intensas lluvias en el occidente de Venezuela\u00bb<\/strong>, dijo.<\/p>\n<p style=\"text-align: justify;\">Tambi\u00e9n, el Jefe de Estado, durante el encuentro con los Vicepresidentes Sectoriales, instruy\u00f3 atender de forma inmediata la planta potabilizadora de agua, ubicada en el estado Yaracuy.<\/p>\n<p style=\"text-align: justify;\"><strong>\u00abVamos activarnos con fuerza, General Reverol. Vamos a entrarle con m\u00e1s equipos para acortar el tiempo de recuperaci\u00f3n de la Planta Potabilizadora de Agua que se llen\u00f3 de barro, se tapi\u00f3<\/strong>\u00ab, se\u00f1al\u00f3.<\/p>\n<p style=\"text-align: justify;\">Indic\u00f3 buscar varias alternativas para atender al pueblo de Yaracuy.<\/p>\n<p style=\"text-align: justify;\"><strong>\u00abCoordinar el Poder Popular, con la Fuerza Armada Nacional Bolivariana (Fanb), para que la gente le llegue su cisterna, y reponer por completo el servicio de agua potable para la poblaci\u00f3n yaracuyana\u00bb<\/strong>, manifest\u00f3.<\/p>\n<p style=\"text-align: justify;\"><strong>Prensa Vpsop<\/strong><\/p>\n","protected":false},"excerpt":{"rendered":"<p>Autoridades del Gobierno Bolivariano se encuentran desplegadas en el estado M\u00e9rida, para recuperar el servicio el\u00e9ctrico en la entidad, luego<\/p>\n","protected":false},"author":12,"featured_media":84690,"comment_status":"open","ping_status":"open","sticky":false,"template":"","format":"standard","meta":{"footnotes":""},"categories":[30],"tags":[327],"class_list":["post-84688","post","type-post","status-publish","format-standard","has-post-thumbnail","hentry","category-regionales","tag-vsops"],"_links":{"self":[{"href":"https:\/\/mppee.gob.ve\/index.php?rest_route=\/wp\/v2\/posts\/84688","targetHints":{"allow":["GET"]}}],"collection":[{"href":"https:\/\/mppee.gob.ve\/index.php?rest_route=\/wp\/v2\/posts"}],"about":[{"href":"https:\/\/mppee.gob.ve\/index.php?rest_route=\/wp\/v2\/types\/post"}],"author":[{"embeddable":true,"href":"https:\/\/mppee.gob.ve\/index.php?rest_route=\/wp\/v2\/users\/12"}],"replies":[{"embeddable":true,"href":"https:\/\/mppee.gob.ve\/index.php?rest_route=%2Fwp%2Fv2%2Fcomments&post=84688"}],"version-history":[{"count":1,"href":"https:\/\/mppee.gob.ve\/index.php?rest_route=\/wp\/v2\/posts\/84688\/revisions"}],"predecessor-version":[{"id":84691,"href":"https:\/\/mppee.gob.ve\/index.php?rest_route=\/wp\/v2\/posts\/84688\/revisions\/84691"}],"wp:featuredmedia":[{"embeddable":true,"href":"https:\/\/mppee.gob.ve\/index.php?rest_route=\/wp\/v2\/media\/84690"}],"wp:attachment":[{"href":"https:\/\/mppee.gob.ve\/index.php?rest_route=%2Fwp%2Fv2%2Fmedia&parent=84688"}],"wp:term":[{"taxonomy":"category","embeddable":true,"href":"https:\/\/mppee.gob.ve\/index.php?rest_route=%2Fwp%2Fv2%2Fcategories&post=84688"},{"taxonomy":"post_tag","embeddable":true,"href":"https:\/\/mppee.gob.ve\/index.php?rest_route=%2Fwp%2Fv2%2Ftags&post=84688"}],"curies":[{"name":"wp","href":"https:\/\/api.w.org\/{rel}","templated":true}]}}