{"id":84697,"date":"2021-08-26T14:26:00","date_gmt":"2021-08-26T14:26:00","guid":{"rendered":"http:\/\/10.200.87.50\/mppee\/?p=84697"},"modified":"2021-09-13T14:38:42","modified_gmt":"2021-09-13T14:38:42","slug":"gobierno-nacional-y-regional-atienden-planta-potabilizadora-de-agua-cocorote-en-yaracuy","status":"publish","type":"post","link":"https:\/\/mppee.gob.ve\/?p=84697","title":{"rendered":"Gobierno nacional y regional atienden Planta Potabilizadora de Agua Cocorote en Yaracuy"},"content":{"rendered":"<p style=\"text-align: justify;\"><img loading=\"lazy\" decoding=\"async\" class=\"size-medium wp-image-84709 alignleft\" src=\"http:\/\/10.200.87.50\/mppee\/wp-content\/uploads\/2021\/09\/90b3f6ec-b09d-4d3e-906b-f4d6a28d3005-1-300x225.jpg\" alt=\"\" width=\"300\" height=\"225\" srcset=\"https:\/\/mppee.gob.ve\/wp-content\/uploads\/2021\/09\/90b3f6ec-b09d-4d3e-906b-f4d6a28d3005-1-300x225.jpg 300w, https:\/\/mppee.gob.ve\/wp-content\/uploads\/2021\/09\/90b3f6ec-b09d-4d3e-906b-f4d6a28d3005-1-1024x768.jpg 1024w, https:\/\/mppee.gob.ve\/wp-content\/uploads\/2021\/09\/90b3f6ec-b09d-4d3e-906b-f4d6a28d3005-1-768x576.jpg 768w, https:\/\/mppee.gob.ve\/wp-content\/uploads\/2021\/09\/90b3f6ec-b09d-4d3e-906b-f4d6a28d3005-1.jpg 1040w\" sizes=\"auto, (max-width: 300px) 100vw, 300px\" \/>El vicepresidente sectorial de Obras P\u00fablicas y Servicios, G\/J N\u00e9stor Reverol, inform\u00f3 que su despacho participa en el despliegue de atenci\u00f3n que se realiza a la Planta Cocorote, ubicada en el estado Yaracuy, en respuesta a las afectaciones ocasionadas por la crecida del r\u00edo Yurub\u00ed, que deterior\u00f3 la infraestructura del sistema h\u00eddrico de la entidad.<\/p>\n<p style=\"text-align: justify;\">A trav\u00e9s de una publicaci\u00f3n en la red social Instagram @reverolnestor indic\u00f3 que, cumpliendo el mandato del presidente Nicol\u00e1s Maduro, la Vicepresidencia de Servicios se ha sumado al despliegue que el gobernador Julio Le\u00f3n Heredia lleva a cabo en la entidad.<\/p>\n<p style=\"text-align: justify;\"><strong><img loading=\"lazy\" decoding=\"async\" class=\"size-medium wp-image-84716 alignright\" src=\"http:\/\/10.200.87.50\/mppee\/wp-content\/uploads\/2021\/09\/e3274c6a-e4a2-4294-883b-70e990ff17e4-1-300x225.jpg\" alt=\"\" width=\"300\" height=\"225\" srcset=\"https:\/\/mppee.gob.ve\/wp-content\/uploads\/2021\/09\/e3274c6a-e4a2-4294-883b-70e990ff17e4-1-300x225.jpg 300w, https:\/\/mppee.gob.ve\/wp-content\/uploads\/2021\/09\/e3274c6a-e4a2-4294-883b-70e990ff17e4-1-1024x768.jpg 1024w, https:\/\/mppee.gob.ve\/wp-content\/uploads\/2021\/09\/e3274c6a-e4a2-4294-883b-70e990ff17e4-1-768x576.jpg 768w, https:\/\/mppee.gob.ve\/wp-content\/uploads\/2021\/09\/e3274c6a-e4a2-4294-883b-70e990ff17e4-1.jpg 1040w\" sizes=\"auto, (max-width: 300px) 100vw, 300px\" \/>\u00abEn esta supervisi\u00f3n se evalu\u00f3 el impacto y se realiz\u00f3 el an\u00e1lisis de da\u00f1os en cada una de las plantas potabilizadoras por parte de los equipos del Ministerio de Aguas, Aguas de Yaracuy, los gobiernos regionales y municipales, as\u00ed como de la Fuerza Armada Nacional Bolivariana (Fanb) en perfecta Uni\u00f3n C\u00edvico-Militar-Policial, para reactivar el servicio de agua potable en este estado\u00bb<\/strong> dijo.<\/p>\n<p style=\"text-align: justify;\">El tambi\u00e9n Ministro del Poder Popular para la Energ\u00eda El\u00e9ctrica destac\u00f3 que, contin\u00faan desplegados cada uno de los equipos pertenecientes a los ministerios de la Vicepresidencia de Servicios, para atender al pueblo ante los eventos ocurridos en esta temporada de lluvias.<\/p>\n<p style=\"text-align: justify;\"><img loading=\"lazy\" decoding=\"async\" class=\"size-medium wp-image-84715 alignleft\" src=\"http:\/\/10.200.87.50\/mppee\/wp-content\/uploads\/2021\/09\/b57a1f1b-9575-40a1-9652-0f8a2b9be2a8-1-300x225.jpg\" alt=\"\" width=\"300\" height=\"225\" srcset=\"https:\/\/mppee.gob.ve\/wp-content\/uploads\/2021\/09\/b57a1f1b-9575-40a1-9652-0f8a2b9be2a8-1-300x225.jpg 300w, https:\/\/mppee.gob.ve\/wp-content\/uploads\/2021\/09\/b57a1f1b-9575-40a1-9652-0f8a2b9be2a8-1-1024x768.jpg 1024w, https:\/\/mppee.gob.ve\/wp-content\/uploads\/2021\/09\/b57a1f1b-9575-40a1-9652-0f8a2b9be2a8-1-768x576.jpg 768w, https:\/\/mppee.gob.ve\/wp-content\/uploads\/2021\/09\/b57a1f1b-9575-40a1-9652-0f8a2b9be2a8-1.jpg 1040w\" sizes=\"auto, (max-width: 300px) 100vw, 300px\" \/>Finalmente, el General en Jefe invit\u00f3 a los venezolanos a mantenerse alertas a los reportes meteorol\u00f3gicos que emite el Gobierno nacional, para prevenir cualquier situaci\u00f3n relacionada con las precipitaciones, como parte del Sistema de Alerta Temprana<\/p>\n<p style=\"text-align: justify;\"><strong>Prensa Vpsops<\/strong><\/p>\n<p><img loading=\"lazy\" decoding=\"async\" class=\"alignnone wp-image-84714 size-full\" src=\"http:\/\/10.200.87.50\/mppee\/wp-content\/uploads\/2021\/09\/b3f8e247-59c1-47fc-ae14-6381684a1b0f-1.jpg\" alt=\"\" width=\"1040\" height=\"780\" srcset=\"https:\/\/mppee.gob.ve\/wp-content\/uploads\/2021\/09\/b3f8e247-59c1-47fc-ae14-6381684a1b0f-1.jpg 1040w, https:\/\/mppee.gob.ve\/wp-content\/uploads\/2021\/09\/b3f8e247-59c1-47fc-ae14-6381684a1b0f-1-300x225.jpg 300w, https:\/\/mppee.gob.ve\/wp-content\/uploads\/2021\/09\/b3f8e247-59c1-47fc-ae14-6381684a1b0f-1-1024x768.jpg 1024w, https:\/\/mppee.gob.ve\/wp-content\/uploads\/2021\/09\/b3f8e247-59c1-47fc-ae14-6381684a1b0f-1-768x576.jpg 768w\" sizes=\"auto, (max-width: 1040px) 100vw, 1040px\" \/><\/p>\n<p><img loading=\"lazy\" decoding=\"async\" class=\"alignnone wp-image-84712 size-full\" src=\"http:\/\/10.200.87.50\/mppee\/wp-content\/uploads\/2021\/09\/21774d7d-5fb9-4f34-b909-102df71bc4be-1.jpg\" alt=\"\" width=\"1040\" height=\"780\" srcset=\"https:\/\/mppee.gob.ve\/wp-content\/uploads\/2021\/09\/21774d7d-5fb9-4f34-b909-102df71bc4be-1.jpg 1040w, https:\/\/mppee.gob.ve\/wp-content\/uploads\/2021\/09\/21774d7d-5fb9-4f34-b909-102df71bc4be-1-300x225.jpg 300w, https:\/\/mppee.gob.ve\/wp-content\/uploads\/2021\/09\/21774d7d-5fb9-4f34-b909-102df71bc4be-1-1024x768.jpg 1024w, https:\/\/mppee.gob.ve\/wp-content\/uploads\/2021\/09\/21774d7d-5fb9-4f34-b909-102df71bc4be-1-768x576.jpg 768w\" sizes=\"auto, (max-width: 1040px) 100vw, 1040px\" \/> <img loading=\"lazy\" decoding=\"async\" class=\"alignnone wp-image-84711 size-full\" src=\"http:\/\/10.200.87.50\/mppee\/wp-content\/uploads\/2021\/09\/016879ba-13fe-4301-895a-c3ba88493f3e-1.jpg\" alt=\"\" width=\"1040\" height=\"780\" srcset=\"https:\/\/mppee.gob.ve\/wp-content\/uploads\/2021\/09\/016879ba-13fe-4301-895a-c3ba88493f3e-1.jpg 1040w, https:\/\/mppee.gob.ve\/wp-content\/uploads\/2021\/09\/016879ba-13fe-4301-895a-c3ba88493f3e-1-300x225.jpg 300w, https:\/\/mppee.gob.ve\/wp-content\/uploads\/2021\/09\/016879ba-13fe-4301-895a-c3ba88493f3e-1-1024x768.jpg 1024w, https:\/\/mppee.gob.ve\/wp-content\/uploads\/2021\/09\/016879ba-13fe-4301-895a-c3ba88493f3e-1-768x576.jpg 768w\" sizes=\"auto, (max-width: 1040px) 100vw, 1040px\" \/> <img loading=\"lazy\" decoding=\"async\" class=\"alignnone wp-image-84710 size-full\" src=\"http:\/\/10.200.87.50\/mppee\/wp-content\/uploads\/2021\/09\/6164d2de-4e43-478b-998c-974b57435433-1.jpg\" alt=\"\" width=\"780\" height=\"1040\" srcset=\"https:\/\/mppee.gob.ve\/wp-content\/uploads\/2021\/09\/6164d2de-4e43-478b-998c-974b57435433-1.jpg 780w, https:\/\/mppee.gob.ve\/wp-content\/uploads\/2021\/09\/6164d2de-4e43-478b-998c-974b57435433-1-225x300.jpg 225w, https:\/\/mppee.gob.ve\/wp-content\/uploads\/2021\/09\/6164d2de-4e43-478b-998c-974b57435433-1-768x1024.jpg 768w\" sizes=\"auto, (max-width: 780px) 100vw, 780px\" \/> <img loading=\"lazy\" decoding=\"async\" class=\"alignnone wp-image-84708 size-full\" src=\"http:\/\/10.200.87.50\/mppee\/wp-content\/uploads\/2021\/09\/017ec6eb-4648-4014-8629-25e8a7e1b002-1.jpg\" alt=\"\" width=\"1040\" height=\"780\" srcset=\"https:\/\/mppee.gob.ve\/wp-content\/uploads\/2021\/09\/017ec6eb-4648-4014-8629-25e8a7e1b002-1.jpg 1040w, https:\/\/mppee.gob.ve\/wp-content\/uploads\/2021\/09\/017ec6eb-4648-4014-8629-25e8a7e1b002-1-300x225.jpg 300w, https:\/\/mppee.gob.ve\/wp-content\/uploads\/2021\/09\/017ec6eb-4648-4014-8629-25e8a7e1b002-1-1024x768.jpg 1024w, https:\/\/mppee.gob.ve\/wp-content\/uploads\/2021\/09\/017ec6eb-4648-4014-8629-25e8a7e1b002-1-768x576.jpg 768w\" sizes=\"auto, (max-width: 1040px) 100vw, 1040px\" \/><\/p>\n","protected":false},"excerpt":{"rendered":"<p>El vicepresidente sectorial de Obras P\u00fablicas y Servicios, G\/J N\u00e9stor Reverol, inform\u00f3 que su despacho participa en el despliegue de<\/p>\n","protected":false},"author":12,"featured_media":84704,"comment_status":"open","ping_status":"open","sticky":false,"template":"","format":"standard","meta":{"footnotes":""},"categories":[30],"tags":[327],"class_list":["post-84697","post","type-post","status-publish","format-standard","has-post-thumbnail","hentry","category-regionales","tag-vsops"],"_links":{"self":[{"href":"https:\/\/mppee.gob.ve\/index.php?rest_route=\/wp\/v2\/posts\/84697","targetHints":{"allow":["GET"]}}],"collection":[{"href":"https:\/\/mppee.gob.ve\/index.php?rest_route=\/wp\/v2\/posts"}],"about":[{"href":"https:\/\/mppee.gob.ve\/index.php?rest_route=\/wp\/v2\/types\/post"}],"author":[{"embeddable":true,"href":"https:\/\/mppee.gob.ve\/index.php?rest_route=\/wp\/v2\/users\/12"}],"replies":[{"embeddable":true,"href":"https:\/\/mppee.gob.ve\/index.php?rest_route=%2Fwp%2Fv2%2Fcomments&post=84697"}],"version-history":[{"count":2,"href":"https:\/\/mppee.gob.ve\/index.php?rest_route=\/wp\/v2\/posts\/84697\/revisions"}],"predecessor-version":[{"id":84719,"href":"https:\/\/mppee.gob.ve\/index.php?rest_route=\/wp\/v2\/posts\/84697\/revisions\/84719"}],"wp:featuredmedia":[{"embeddable":true,"href":"https:\/\/mppee.gob.ve\/index.php?rest_route=\/wp\/v2\/media\/84704"}],"wp:attachment":[{"href":"https:\/\/mppee.gob.ve\/index.php?rest_route=%2Fwp%2Fv2%2Fmedia&parent=84697"}],"wp:term":[{"taxonomy":"category","embeddable":true,"href":"https:\/\/mppee.gob.ve\/index.php?rest_route=%2Fwp%2Fv2%2Fcategories&post=84697"},{"taxonomy":"post_tag","embeddable":true,"href":"https:\/\/mppee.gob.ve\/index.php?rest_route=%2Fwp%2Fv2%2Ftags&post=84697"}],"curies":[{"name":"wp","href":"https:\/\/api.w.org\/{rel}","templated":true}]}}