{"id":84720,"date":"2021-08-28T14:39:00","date_gmt":"2021-08-28T14:39:00","guid":{"rendered":"http:\/\/10.200.87.50\/mppee\/?p=84720"},"modified":"2021-09-13T14:45:23","modified_gmt":"2021-09-13T14:45:23","slug":"energizan-seis-subestaciones-electricas-en-el-estado-merida","status":"publish","type":"post","link":"https:\/\/mppee.gob.ve\/?p=84720","title":{"rendered":"Energizan seis subestaciones el\u00e9ctricas en el estado M\u00e9rida"},"content":{"rendered":"<p style=\"text-align: justify;\"><img loading=\"lazy\" decoding=\"async\" class=\"size-medium wp-image-84727 alignleft\" src=\"http:\/\/10.200.87.50\/mppee\/wp-content\/uploads\/2021\/09\/e3b82190-cfe3-4a6a-9b44-d92534a253eb-300x300.jpg\" alt=\"\" width=\"300\" height=\"300\" srcset=\"https:\/\/mppee.gob.ve\/wp-content\/uploads\/2021\/09\/e3b82190-cfe3-4a6a-9b44-d92534a253eb-300x300.jpg 300w, https:\/\/mppee.gob.ve\/wp-content\/uploads\/2021\/09\/e3b82190-cfe3-4a6a-9b44-d92534a253eb-150x150.jpg 150w, https:\/\/mppee.gob.ve\/wp-content\/uploads\/2021\/09\/e3b82190-cfe3-4a6a-9b44-d92534a253eb-768x768.jpg 768w, https:\/\/mppee.gob.ve\/wp-content\/uploads\/2021\/09\/e3b82190-cfe3-4a6a-9b44-d92534a253eb.jpg 810w\" sizes=\"auto, (max-width: 300px) 100vw, 300px\" \/>Este viernes, el vicepresidente sectorial de Obras P\u00fablicas y Servicios, G\/J N\u00e9stor Reverol, inform\u00f3 que la fuerza trabajadora de la Corporaci\u00f3n El\u00e9ctrica Nacional (Corpoelec), logr\u00f3 la energizaci\u00f3n de seis subestaciones que surtir\u00e1n del servicio el\u00e9ctrico a las comunidades perjudicadas por las fuertes precipitaciones ca\u00eddas en d\u00edas pasados.<\/p>\n<p>A trav\u00e9s de una publicaci\u00f3n en la red social Instagram @reverolnestor indic\u00f3 que, <strong>\u00abgracias al trabajo incansable de nuestra fuerza trabajadora de Corpoelec, han sido energizadas las subestaciones Tovar, Canagu\u00e1, Guaraque, El Molino, Bailadores y Santa Cruz de Mora del estado M\u00e9rida, logrando el inicio de restituci\u00f3n del servicio el\u00e9ctrico en diferentes circuitos de las zonas afectadas\u00bb.<\/strong><\/p>\n<p><img loading=\"lazy\" decoding=\"async\" class=\"size-medium wp-image-84726 alignright\" src=\"http:\/\/10.200.87.50\/mppee\/wp-content\/uploads\/2021\/09\/d42a9d57-128f-43ff-a8a5-c575049375ac-300x300.jpg\" alt=\"\" width=\"300\" height=\"300\" srcset=\"https:\/\/mppee.gob.ve\/wp-content\/uploads\/2021\/09\/d42a9d57-128f-43ff-a8a5-c575049375ac-300x300.jpg 300w, https:\/\/mppee.gob.ve\/wp-content\/uploads\/2021\/09\/d42a9d57-128f-43ff-a8a5-c575049375ac-150x150.jpg 150w, https:\/\/mppee.gob.ve\/wp-content\/uploads\/2021\/09\/d42a9d57-128f-43ff-a8a5-c575049375ac.jpg 768w\" sizes=\"auto, (max-width: 300px) 100vw, 300px\" \/>El tambi\u00e9n Ministro del Poder Popular para la Energ\u00eda El\u00e9ctrica, destac\u00f3 el esfuerzo de los centinelas de Corpoelec, que trabajan arduamente en perfecta Uni\u00f3n C\u00edvico -Militar -Policial, para recuperar y restituir por completo el servicio en las zonas perjudicadas.<\/p>\n<p><strong>\u00abContinuamos cumpliendo con el mandato de nuestro presidente Nicol\u00e1s Maduro en atender integralmente a cada una de las comunidades que se han visto comprometidas con las precipitaciones ca\u00eddas, durante esta temporada y haremos todo lo posible por alcanzar la energizaci\u00f3n total de estos sectores\u00bb<\/strong>, puntualiz\u00f3.<\/p>\n<p><em><b>Reconocen labor de Corpoelec<\/b><\/em><\/p>\n<p><img loading=\"lazy\" decoding=\"async\" class=\"size-medium wp-image-84725 alignleft\" src=\"http:\/\/10.200.87.50\/mppee\/wp-content\/uploads\/2021\/09\/cbcf9276-91d0-41a0-83dd-0e07411cfa5f-300x300.jpg\" alt=\"\" width=\"300\" height=\"300\" srcset=\"https:\/\/mppee.gob.ve\/wp-content\/uploads\/2021\/09\/cbcf9276-91d0-41a0-83dd-0e07411cfa5f-300x300.jpg 300w, https:\/\/mppee.gob.ve\/wp-content\/uploads\/2021\/09\/cbcf9276-91d0-41a0-83dd-0e07411cfa5f-150x150.jpg 150w, https:\/\/mppee.gob.ve\/wp-content\/uploads\/2021\/09\/cbcf9276-91d0-41a0-83dd-0e07411cfa5f.jpg 768w\" sizes=\"auto, (max-width: 300px) 100vw, 300px\" \/>Por su parte el presidente de la Rep\u00fablica Bolivariana de Venezuela, Nicol\u00e1s Maduro, destac\u00f3 la labor de todos los organismos del Gobierno Bolivariano, en especial, a la fuerza laboral de la industria el\u00e9ctrica, quienes se han avocado a brindar respuesta a toda la comunidad afectada.<\/p>\n<p><strong>\u201cEsto es un milagro, porque esa estaci\u00f3n el\u00e9ctrica estaba debajo del lodo ya seco, estaba tapeado totalmente la subestaci\u00f3n el\u00e9ctrica y el trabajo \u00a0se ha hecho, las 24 horas sin parar, mi aplauso a los trabajadores y trabajadoras de Corpoelec, con el apoyo de la Fuerza Armada Nacional Bolivariana, de Protecci\u00f3n Civil, del pueblo de a pie\u201d<\/strong>, enfatiz\u00f3 el Primer Mandatario Nacional.<\/p>\n<p><strong>Prensa Vpsops<\/strong><\/p>\n<p><img loading=\"lazy\" decoding=\"async\" class=\"alignnone wp-image-84724 size-full\" src=\"http:\/\/10.200.87.50\/mppee\/wp-content\/uploads\/2021\/09\/c3790293-f1a8-4c7a-bd45-70dbd94e37fb.jpg\" alt=\"\" width=\"720\" height=\"720\" srcset=\"https:\/\/mppee.gob.ve\/wp-content\/uploads\/2021\/09\/c3790293-f1a8-4c7a-bd45-70dbd94e37fb.jpg 720w, https:\/\/mppee.gob.ve\/wp-content\/uploads\/2021\/09\/c3790293-f1a8-4c7a-bd45-70dbd94e37fb-300x300.jpg 300w, https:\/\/mppee.gob.ve\/wp-content\/uploads\/2021\/09\/c3790293-f1a8-4c7a-bd45-70dbd94e37fb-150x150.jpg 150w\" sizes=\"auto, (max-width: 720px) 100vw, 720px\" \/> <img loading=\"lazy\" decoding=\"async\" class=\"alignnone wp-image-84723 size-full\" src=\"http:\/\/10.200.87.50\/mppee\/wp-content\/uploads\/2021\/09\/24118875-7858-4668-9af1-36ca94f0e2a5.jpg\" alt=\"\" width=\"810\" height=\"810\" srcset=\"https:\/\/mppee.gob.ve\/wp-content\/uploads\/2021\/09\/24118875-7858-4668-9af1-36ca94f0e2a5.jpg 810w, https:\/\/mppee.gob.ve\/wp-content\/uploads\/2021\/09\/24118875-7858-4668-9af1-36ca94f0e2a5-300x300.jpg 300w, https:\/\/mppee.gob.ve\/wp-content\/uploads\/2021\/09\/24118875-7858-4668-9af1-36ca94f0e2a5-150x150.jpg 150w, https:\/\/mppee.gob.ve\/wp-content\/uploads\/2021\/09\/24118875-7858-4668-9af1-36ca94f0e2a5-768x768.jpg 768w\" sizes=\"auto, (max-width: 810px) 100vw, 810px\" \/> <img loading=\"lazy\" decoding=\"async\" class=\"alignnone wp-image-84722 size-full\" src=\"http:\/\/10.200.87.50\/mppee\/wp-content\/uploads\/2021\/09\/98c94b10-e824-4728-af49-1a300f22a904.jpg\" alt=\"\" width=\"768\" height=\"768\" srcset=\"https:\/\/mppee.gob.ve\/wp-content\/uploads\/2021\/09\/98c94b10-e824-4728-af49-1a300f22a904.jpg 768w, https:\/\/mppee.gob.ve\/wp-content\/uploads\/2021\/09\/98c94b10-e824-4728-af49-1a300f22a904-300x300.jpg 300w, https:\/\/mppee.gob.ve\/wp-content\/uploads\/2021\/09\/98c94b10-e824-4728-af49-1a300f22a904-150x150.jpg 150w\" sizes=\"auto, (max-width: 768px) 100vw, 768px\" \/><\/p>\n","protected":false},"excerpt":{"rendered":"<p>Este viernes, el vicepresidente sectorial de Obras P\u00fablicas y Servicios, G\/J N\u00e9stor Reverol, inform\u00f3 que la fuerza trabajadora de la<\/p>\n","protected":false},"author":12,"featured_media":84721,"comment_status":"open","ping_status":"open","sticky":false,"template":"","format":"standard","meta":{"footnotes":""},"categories":[30],"tags":[327],"class_list":["post-84720","post","type-post","status-publish","format-standard","has-post-thumbnail","hentry","category-regionales","tag-vsops"],"_links":{"self":[{"href":"https:\/\/mppee.gob.ve\/index.php?rest_route=\/wp\/v2\/posts\/84720","targetHints":{"allow":["GET"]}}],"collection":[{"href":"https:\/\/mppee.gob.ve\/index.php?rest_route=\/wp\/v2\/posts"}],"about":[{"href":"https:\/\/mppee.gob.ve\/index.php?rest_route=\/wp\/v2\/types\/post"}],"author":[{"embeddable":true,"href":"https:\/\/mppee.gob.ve\/index.php?rest_route=\/wp\/v2\/users\/12"}],"replies":[{"embeddable":true,"href":"https:\/\/mppee.gob.ve\/index.php?rest_route=%2Fwp%2Fv2%2Fcomments&post=84720"}],"version-history":[{"count":1,"href":"https:\/\/mppee.gob.ve\/index.php?rest_route=\/wp\/v2\/posts\/84720\/revisions"}],"predecessor-version":[{"id":84728,"href":"https:\/\/mppee.gob.ve\/index.php?rest_route=\/wp\/v2\/posts\/84720\/revisions\/84728"}],"wp:featuredmedia":[{"embeddable":true,"href":"https:\/\/mppee.gob.ve\/index.php?rest_route=\/wp\/v2\/media\/84721"}],"wp:attachment":[{"href":"https:\/\/mppee.gob.ve\/index.php?rest_route=%2Fwp%2Fv2%2Fmedia&parent=84720"}],"wp:term":[{"taxonomy":"category","embeddable":true,"href":"https:\/\/mppee.gob.ve\/index.php?rest_route=%2Fwp%2Fv2%2Fcategories&post=84720"},{"taxonomy":"post_tag","embeddable":true,"href":"https:\/\/mppee.gob.ve\/index.php?rest_route=%2Fwp%2Fv2%2Ftags&post=84720"}],"curies":[{"name":"wp","href":"https:\/\/api.w.org\/{rel}","templated":true}]}}