{"id":84760,"date":"2021-08-31T16:06:00","date_gmt":"2021-08-31T16:06:00","guid":{"rendered":"http:\/\/10.200.87.50\/mppee\/?p=84760"},"modified":"2021-09-13T16:14:14","modified_gmt":"2021-09-13T16:14:14","slug":"reinauguran-oficina-principal-de-corpoelec-en-cabimas","status":"publish","type":"post","link":"https:\/\/mppee.gob.ve\/?p=84760","title":{"rendered":"Reinauguran oficina principal de Corpoelec en Cabimas"},"content":{"rendered":"<div dir=\"ltr\" style=\"text-align: justify;\"><img loading=\"lazy\" decoding=\"async\" class=\"wp-image-84764 size-medium alignleft\" src=\"http:\/\/10.200.87.50\/mppee\/wp-content\/uploads\/2021\/09\/b9ec30b3-d335-4f5f-b72d-1496de2853d2-300x225.jpg\" alt=\"\" width=\"300\" height=\"225\" srcset=\"https:\/\/mppee.gob.ve\/wp-content\/uploads\/2021\/09\/b9ec30b3-d335-4f5f-b72d-1496de2853d2-300x225.jpg 300w, https:\/\/mppee.gob.ve\/wp-content\/uploads\/2021\/09\/b9ec30b3-d335-4f5f-b72d-1496de2853d2-1024x768.jpg 1024w, https:\/\/mppee.gob.ve\/wp-content\/uploads\/2021\/09\/b9ec30b3-d335-4f5f-b72d-1496de2853d2-768x576.jpg 768w, https:\/\/mppee.gob.ve\/wp-content\/uploads\/2021\/09\/b9ec30b3-d335-4f5f-b72d-1496de2853d2.jpg 1080w\" sizes=\"auto, (max-width: 300px) 100vw, 300px\" \/>Con el objetivo de fortalecer y optimizar la atenci\u00f3n al usuario en el estado Zulia, autoridades del sector el\u00e9ctrico nacional, reinauguraron la sede administrativa de la Corporaci\u00f3n El\u00e9ctrica Nacional (Corpoelec), ubicada en la avenida Independencia del municipio Cabimas.<\/div>\n<div dir=\"ltr\" style=\"text-align: justify;\"><\/div>\n<div dir=\"ltr\" style=\"text-align: justify;\">Entre los espacios rehabilitados se encuentra el Centro Integral de Atenci\u00f3n al Usuario, la oficina operativa comercial y el m\u00f3dulo de salud para la fuerza trabajadora.<\/div>\n<div dir=\"ltr\" style=\"text-align: justify;\"><\/div>\n<div dir=\"ltr\" style=\"text-align: justify;\">El acto cont\u00f3 con la presencia del viceministro de Finanzas, Inversiones y Alianzas Estrat\u00e9gicas del Ministerio del Poder Popular para la Energ\u00eda El\u00e9ctrica (Mppee), G\/B Vianney Rojas, el Comisionado de la Vicepresidencia Sectorial de Obras P\u00fablicas y Servicios de la Costa Oriental del Lago, Jos\u00e9 Luis Reverol y el alcalde del municipio Cabimas, Pedro Duarte, entre otras personalidades.<\/div>\n<div dir=\"ltr\" style=\"text-align: justify;\"><\/div>\n<div dir=\"ltr\" style=\"text-align: justify;\"><img loading=\"lazy\" decoding=\"async\" class=\"size-medium wp-image-84764 alignright\" src=\"http:\/\/10.200.87.50\/mppee\/wp-content\/uploads\/2021\/09\/b9ec30b3-d335-4f5f-b72d-1496de2853d2-300x225.jpg\" alt=\"\" width=\"300\" height=\"225\" srcset=\"https:\/\/mppee.gob.ve\/wp-content\/uploads\/2021\/09\/b9ec30b3-d335-4f5f-b72d-1496de2853d2-300x225.jpg 300w, https:\/\/mppee.gob.ve\/wp-content\/uploads\/2021\/09\/b9ec30b3-d335-4f5f-b72d-1496de2853d2-1024x768.jpg 1024w, https:\/\/mppee.gob.ve\/wp-content\/uploads\/2021\/09\/b9ec30b3-d335-4f5f-b72d-1496de2853d2-768x576.jpg 768w, https:\/\/mppee.gob.ve\/wp-content\/uploads\/2021\/09\/b9ec30b3-d335-4f5f-b72d-1496de2853d2.jpg 1080w\" sizes=\"auto, (max-width: 300px) 100vw, 300px\" \/>El Viceministro destac\u00f3 el papel de la fuerza laboral para reacondicionar los espacios. <strong>\u201cEsto hay que apreciarlo y sentirlo ya que el servicio el\u00e9ctrico no es solo generaci\u00f3n y distribuci\u00f3n, su principal fuerza son sus trabajadores, en un d\u00eda tan importante que incide directamente en el trabajo de Corpoelec como es el D\u00eda del Electricista, abrimos nuevamente las puertas de esta sede\u201d.<\/strong><\/div>\n<div dir=\"ltr\" style=\"text-align: justify;\"><\/div>\n<div dir=\"ltr\" style=\"text-align: justify;\">Por su parte, Pedro Moreno trabajador del \u00e1rea de lectura, reparto y facturaci\u00f3n indic\u00f3: <strong>\u00abHoy nos sentimos orgullosos de celebrar el D\u00eda del Electricista con la reinauguraci\u00f3n de esta oficina que marca un nuevo comienzo para nuestra Corporaci\u00f3n en la entidad\u201d.<\/strong><\/div>\n<div dir=\"ltr\" style=\"text-align: justify;\"><\/div>\n<div dir=\"ltr\" style=\"text-align: justify;\">Para finalizar, el acalde de Cabimas Pedro Duarte, hizo hincapi\u00e9 en la labor que se debe ejercer en las comunidades. <strong>\u00abNosotros somos servidores p\u00fablicos y quien tiene que salir ganando es el pueblo. Felicito a todos por tan excelente trabajo, dijo.\u201d<\/strong><\/div>\n<div dir=\"ltr\" style=\"text-align: justify;\"><\/div>\n<div dir=\"ltr\" style=\"text-align: justify;\"><strong>Prensa Corpoelec<\/strong><\/div>\n<div dir=\"ltr\"><img loading=\"lazy\" decoding=\"async\" class=\"alignnone wp-image-84766 size-full\" src=\"http:\/\/10.200.87.50\/mppee\/wp-content\/uploads\/2021\/09\/d62fb00a-36a3-475b-8e1c-66fcdd8baaf2.jpg\" alt=\"\" width=\"1080\" height=\"331\" srcset=\"https:\/\/mppee.gob.ve\/wp-content\/uploads\/2021\/09\/d62fb00a-36a3-475b-8e1c-66fcdd8baaf2.jpg 1080w, https:\/\/mppee.gob.ve\/wp-content\/uploads\/2021\/09\/d62fb00a-36a3-475b-8e1c-66fcdd8baaf2-300x92.jpg 300w, https:\/\/mppee.gob.ve\/wp-content\/uploads\/2021\/09\/d62fb00a-36a3-475b-8e1c-66fcdd8baaf2-1024x314.jpg 1024w, https:\/\/mppee.gob.ve\/wp-content\/uploads\/2021\/09\/d62fb00a-36a3-475b-8e1c-66fcdd8baaf2-768x235.jpg 768w\" sizes=\"auto, (max-width: 1080px) 100vw, 1080px\" \/> <img loading=\"lazy\" decoding=\"async\" class=\"alignnone wp-image-84761 size-full\" src=\"http:\/\/10.200.87.50\/mppee\/wp-content\/uploads\/2021\/09\/5f9b276b-8244-41db-b33d-df95f252bb95.jpg\" alt=\"\" width=\"1080\" height=\"810\" srcset=\"https:\/\/mppee.gob.ve\/wp-content\/uploads\/2021\/09\/5f9b276b-8244-41db-b33d-df95f252bb95.jpg 1080w, https:\/\/mppee.gob.ve\/wp-content\/uploads\/2021\/09\/5f9b276b-8244-41db-b33d-df95f252bb95-300x225.jpg 300w, https:\/\/mppee.gob.ve\/wp-content\/uploads\/2021\/09\/5f9b276b-8244-41db-b33d-df95f252bb95-1024x768.jpg 1024w, https:\/\/mppee.gob.ve\/wp-content\/uploads\/2021\/09\/5f9b276b-8244-41db-b33d-df95f252bb95-768x576.jpg 768w\" sizes=\"auto, (max-width: 1080px) 100vw, 1080px\" \/><\/div>\n","protected":false},"excerpt":{"rendered":"<p>Con el objetivo de fortalecer y optimizar la atenci\u00f3n al usuario en el estado Zulia, autoridades del sector el\u00e9ctrico nacional,<\/p>\n","protected":false},"author":12,"featured_media":84762,"comment_status":"open","ping_status":"open","sticky":false,"template":"","format":"standard","meta":{"footnotes":""},"categories":[30],"tags":[],"class_list":["post-84760","post","type-post","status-publish","format-standard","has-post-thumbnail","hentry","category-regionales"],"_links":{"self":[{"href":"https:\/\/mppee.gob.ve\/index.php?rest_route=\/wp\/v2\/posts\/84760","targetHints":{"allow":["GET"]}}],"collection":[{"href":"https:\/\/mppee.gob.ve\/index.php?rest_route=\/wp\/v2\/posts"}],"about":[{"href":"https:\/\/mppee.gob.ve\/index.php?rest_route=\/wp\/v2\/types\/post"}],"author":[{"embeddable":true,"href":"https:\/\/mppee.gob.ve\/index.php?rest_route=\/wp\/v2\/users\/12"}],"replies":[{"embeddable":true,"href":"https:\/\/mppee.gob.ve\/index.php?rest_route=%2Fwp%2Fv2%2Fcomments&post=84760"}],"version-history":[{"count":1,"href":"https:\/\/mppee.gob.ve\/index.php?rest_route=\/wp\/v2\/posts\/84760\/revisions"}],"predecessor-version":[{"id":84767,"href":"https:\/\/mppee.gob.ve\/index.php?rest_route=\/wp\/v2\/posts\/84760\/revisions\/84767"}],"wp:featuredmedia":[{"embeddable":true,"href":"https:\/\/mppee.gob.ve\/index.php?rest_route=\/wp\/v2\/media\/84762"}],"wp:attachment":[{"href":"https:\/\/mppee.gob.ve\/index.php?rest_route=%2Fwp%2Fv2%2Fmedia&parent=84760"}],"wp:term":[{"taxonomy":"category","embeddable":true,"href":"https:\/\/mppee.gob.ve\/index.php?rest_route=%2Fwp%2Fv2%2Fcategories&post=84760"},{"taxonomy":"post_tag","embeddable":true,"href":"https:\/\/mppee.gob.ve\/index.php?rest_route=%2Fwp%2Fv2%2Ftags&post=84760"}],"curies":[{"name":"wp","href":"https:\/\/api.w.org\/{rel}","templated":true}]}}