{"id":84794,"date":"2021-09-07T16:29:00","date_gmt":"2021-09-07T16:29:00","guid":{"rendered":"http:\/\/10.200.87.50\/mppee\/?p=84794"},"modified":"2021-09-13T16:34:51","modified_gmt":"2021-09-13T16:34:51","slug":"evaluan-acciones-estrategicas-para-el-fortalecimiento-del-sen","status":"publish","type":"post","link":"https:\/\/mppee.gob.ve\/?p=84794","title":{"rendered":"Eval\u00faan acciones estrat\u00e9gicas para el fortalecimiento del SEN"},"content":{"rendered":"<p style=\"text-align: justify;\"><img loading=\"lazy\" decoding=\"async\" class=\"size-medium wp-image-84800 alignleft\" src=\"http:\/\/10.200.87.50\/mppee\/wp-content\/uploads\/2021\/09\/fa51782e-ba8b-4742-9c8b-ae5d5caf5fe7-300x189.jpg\" alt=\"\" width=\"300\" height=\"189\" srcset=\"https:\/\/mppee.gob.ve\/wp-content\/uploads\/2021\/09\/fa51782e-ba8b-4742-9c8b-ae5d5caf5fe7-300x189.jpg 300w, https:\/\/mppee.gob.ve\/wp-content\/uploads\/2021\/09\/fa51782e-ba8b-4742-9c8b-ae5d5caf5fe7-1024x644.jpg 1024w, https:\/\/mppee.gob.ve\/wp-content\/uploads\/2021\/09\/fa51782e-ba8b-4742-9c8b-ae5d5caf5fe7-768x483.jpg 768w, https:\/\/mppee.gob.ve\/wp-content\/uploads\/2021\/09\/fa51782e-ba8b-4742-9c8b-ae5d5caf5fe7.jpg 1080w\" sizes=\"auto, (max-width: 300px) 100vw, 300px\" \/>El ministro del Poder Popular para la Energ\u00eda El\u00e9ctrica, G\/J N\u00e9stor Reverol, revis\u00f3 las l\u00edneas estrat\u00e9gicas del Plan de Estabilizaci\u00f3n del Sistema El\u00e9ctrico Nacional (SEN), que ejecuta su despacho para el fortalecimiento de este importante servicio.<\/p>\n<p>Mediante una publicaci\u00f3n en la red social Instagram @reverolnestor, inform\u00f3, <strong>\u00abevaluamos la hoja de ruta correspondiente a las acciones a desarrollar para el fortalecimiento de los procesos de generaci\u00f3n, transmisi\u00f3n, distribuci\u00f3n, control de vegetaci\u00f3n y comercializaci\u00f3n de la industria el\u00e9ctrica nacional\u00bb.<\/strong><\/p>\n<p><img loading=\"lazy\" decoding=\"async\" class=\"size-medium wp-image-84799 alignright\" src=\"http:\/\/10.200.87.50\/mppee\/wp-content\/uploads\/2021\/09\/cf6047e0-96d2-4981-8e8a-6ee19fa15242-300x200.jpg\" alt=\"\" width=\"300\" height=\"200\" srcset=\"https:\/\/mppee.gob.ve\/wp-content\/uploads\/2021\/09\/cf6047e0-96d2-4981-8e8a-6ee19fa15242-300x200.jpg 300w, https:\/\/mppee.gob.ve\/wp-content\/uploads\/2021\/09\/cf6047e0-96d2-4981-8e8a-6ee19fa15242-1024x683.jpg 1024w, https:\/\/mppee.gob.ve\/wp-content\/uploads\/2021\/09\/cf6047e0-96d2-4981-8e8a-6ee19fa15242-768x512.jpg 768w, https:\/\/mppee.gob.ve\/wp-content\/uploads\/2021\/09\/cf6047e0-96d2-4981-8e8a-6ee19fa15242.jpg 1080w\" sizes=\"auto, (max-width: 300px) 100vw, 300px\" \/>El tambi\u00e9n Vicepresidente Sectorial de Obras P\u00fablicas y Servicios, indic\u00f3 que en la reuni\u00f3n tambi\u00e9n participaron los Viceministros para la Energ\u00eda El\u00e9ctrica y los Gerentes Generales de Corpoelec, quienes junto a la fuerza trabajadora laboran arduamente por garantizarle al pueblo venezolano la continuidad y estabilizaci\u00f3n del servicio.<\/p>\n<p><strong>Prensa Mppee<\/strong><\/p>\n<p><img loading=\"lazy\" decoding=\"async\" class=\"alignnone wp-image-84798 size-full\" src=\"http:\/\/10.200.87.50\/mppee\/wp-content\/uploads\/2021\/09\/c319a32b-b46d-4432-9b83-77a15368b295.jpg\" alt=\"\" width=\"1080\" height=\"720\" srcset=\"https:\/\/mppee.gob.ve\/wp-content\/uploads\/2021\/09\/c319a32b-b46d-4432-9b83-77a15368b295.jpg 1080w, https:\/\/mppee.gob.ve\/wp-content\/uploads\/2021\/09\/c319a32b-b46d-4432-9b83-77a15368b295-300x200.jpg 300w, https:\/\/mppee.gob.ve\/wp-content\/uploads\/2021\/09\/c319a32b-b46d-4432-9b83-77a15368b295-1024x683.jpg 1024w, https:\/\/mppee.gob.ve\/wp-content\/uploads\/2021\/09\/c319a32b-b46d-4432-9b83-77a15368b295-768x512.jpg 768w\" sizes=\"auto, (max-width: 1080px) 100vw, 1080px\" \/> <img loading=\"lazy\" decoding=\"async\" class=\"alignnone wp-image-84797 size-full\" src=\"http:\/\/10.200.87.50\/mppee\/wp-content\/uploads\/2021\/09\/376a8c4f-5929-416c-9602-833779d6cc4a.jpg\" alt=\"\" width=\"1080\" height=\"720\" srcset=\"https:\/\/mppee.gob.ve\/wp-content\/uploads\/2021\/09\/376a8c4f-5929-416c-9602-833779d6cc4a.jpg 1080w, https:\/\/mppee.gob.ve\/wp-content\/uploads\/2021\/09\/376a8c4f-5929-416c-9602-833779d6cc4a-300x200.jpg 300w, https:\/\/mppee.gob.ve\/wp-content\/uploads\/2021\/09\/376a8c4f-5929-416c-9602-833779d6cc4a-1024x683.jpg 1024w, https:\/\/mppee.gob.ve\/wp-content\/uploads\/2021\/09\/376a8c4f-5929-416c-9602-833779d6cc4a-768x512.jpg 768w\" sizes=\"auto, (max-width: 1080px) 100vw, 1080px\" \/> <img loading=\"lazy\" decoding=\"async\" class=\"alignnone wp-image-84796 size-full\" src=\"http:\/\/10.200.87.50\/mppee\/wp-content\/uploads\/2021\/09\/330bbd7c-1ae7-47a1-9c36-c1b29e21cd50.jpg\" alt=\"\" width=\"1080\" height=\"711\" srcset=\"https:\/\/mppee.gob.ve\/wp-content\/uploads\/2021\/09\/330bbd7c-1ae7-47a1-9c36-c1b29e21cd50.jpg 1080w, https:\/\/mppee.gob.ve\/wp-content\/uploads\/2021\/09\/330bbd7c-1ae7-47a1-9c36-c1b29e21cd50-300x198.jpg 300w, https:\/\/mppee.gob.ve\/wp-content\/uploads\/2021\/09\/330bbd7c-1ae7-47a1-9c36-c1b29e21cd50-1024x674.jpg 1024w, https:\/\/mppee.gob.ve\/wp-content\/uploads\/2021\/09\/330bbd7c-1ae7-47a1-9c36-c1b29e21cd50-768x506.jpg 768w\" sizes=\"auto, (max-width: 1080px) 100vw, 1080px\" \/><\/p>\n","protected":false},"excerpt":{"rendered":"<p>El ministro del Poder Popular para la Energ\u00eda El\u00e9ctrica, G\/J N\u00e9stor Reverol, revis\u00f3 las l\u00edneas estrat\u00e9gicas del Plan de Estabilizaci\u00f3n<\/p>\n","protected":false},"author":12,"featured_media":84795,"comment_status":"open","ping_status":"open","sticky":false,"template":"","format":"standard","meta":{"footnotes":""},"categories":[15],"tags":[11],"class_list":["post-84794","post","type-post","status-publish","format-standard","has-post-thumbnail","hentry","category-nacionales","tag-mppee"],"_links":{"self":[{"href":"https:\/\/mppee.gob.ve\/index.php?rest_route=\/wp\/v2\/posts\/84794","targetHints":{"allow":["GET"]}}],"collection":[{"href":"https:\/\/mppee.gob.ve\/index.php?rest_route=\/wp\/v2\/posts"}],"about":[{"href":"https:\/\/mppee.gob.ve\/index.php?rest_route=\/wp\/v2\/types\/post"}],"author":[{"embeddable":true,"href":"https:\/\/mppee.gob.ve\/index.php?rest_route=\/wp\/v2\/users\/12"}],"replies":[{"embeddable":true,"href":"https:\/\/mppee.gob.ve\/index.php?rest_route=%2Fwp%2Fv2%2Fcomments&post=84794"}],"version-history":[{"count":1,"href":"https:\/\/mppee.gob.ve\/index.php?rest_route=\/wp\/v2\/posts\/84794\/revisions"}],"predecessor-version":[{"id":84801,"href":"https:\/\/mppee.gob.ve\/index.php?rest_route=\/wp\/v2\/posts\/84794\/revisions\/84801"}],"wp:featuredmedia":[{"embeddable":true,"href":"https:\/\/mppee.gob.ve\/index.php?rest_route=\/wp\/v2\/media\/84795"}],"wp:attachment":[{"href":"https:\/\/mppee.gob.ve\/index.php?rest_route=%2Fwp%2Fv2%2Fmedia&parent=84794"}],"wp:term":[{"taxonomy":"category","embeddable":true,"href":"https:\/\/mppee.gob.ve\/index.php?rest_route=%2Fwp%2Fv2%2Fcategories&post=84794"},{"taxonomy":"post_tag","embeddable":true,"href":"https:\/\/mppee.gob.ve\/index.php?rest_route=%2Fwp%2Fv2%2Ftags&post=84794"}],"curies":[{"name":"wp","href":"https:\/\/api.w.org\/{rel}","templated":true}]}}