{"id":84812,"date":"2021-09-10T16:41:00","date_gmt":"2021-09-10T16:41:00","guid":{"rendered":"http:\/\/10.200.87.50\/mppee\/?p=84812"},"modified":"2021-09-13T16:49:55","modified_gmt":"2021-09-13T16:49:55","slug":"reconocen-labor-de-mas-de-3-mil-trabajadores-del-sector-electrico","status":"publish","type":"post","link":"https:\/\/mppee.gob.ve\/?p=84812","title":{"rendered":"Reconocen labor de m\u00e1s de 3 mil trabajadores del sector el\u00e9ctrico"},"content":{"rendered":"<div style=\"text-align: justify;\"><b><\/b> <img loading=\"lazy\" decoding=\"async\" class=\"size-medium wp-image-84818 alignleft\" src=\"http:\/\/10.200.87.50\/mppee\/wp-content\/uploads\/2021\/09\/Reconocen-labor-de-m\u00e1s-de-3-mil-trabajadores-del-sector-el\u00e9ctrico-6-300x211.jpeg\" alt=\"\" width=\"300\" height=\"211\" srcset=\"https:\/\/mppee.gob.ve\/wp-content\/uploads\/2021\/09\/Reconocen-labor-de-m\u00e1s-de-3-mil-trabajadores-del-sector-el\u00e9ctrico-6-300x211.jpeg 300w, https:\/\/mppee.gob.ve\/wp-content\/uploads\/2021\/09\/Reconocen-labor-de-m\u00e1s-de-3-mil-trabajadores-del-sector-el\u00e9ctrico-6-1024x720.jpeg 1024w, https:\/\/mppee.gob.ve\/wp-content\/uploads\/2021\/09\/Reconocen-labor-de-m\u00e1s-de-3-mil-trabajadores-del-sector-el\u00e9ctrico-6-768x540.jpeg 768w, https:\/\/mppee.gob.ve\/wp-content\/uploads\/2021\/09\/Reconocen-labor-de-m\u00e1s-de-3-mil-trabajadores-del-sector-el\u00e9ctrico-6-130x90.jpeg 130w, https:\/\/mppee.gob.ve\/wp-content\/uploads\/2021\/09\/Reconocen-labor-de-m\u00e1s-de-3-mil-trabajadores-del-sector-el\u00e9ctrico-6.jpeg 1080w\" sizes=\"auto, (max-width: 300px) 100vw, 300px\" \/>Un total de 3 mil 782 trabajadores y trabajadoras del Sistema El\u00e9ctrico Nacional, fueron condecorados en el territorio nacional, por la loable labor de garantizar y fortalecer el servicio el\u00e9ctrico en el pa\u00eds.<\/p>\n<p>Desde el teatro de la Academia de la Guardia Nacional Bolivariana, lo inform\u00f3 este viernes el vicepresidente sectorial de Obras P\u00fablicas y Servicios, G\/J N\u00e9stor Reverol, quien indic\u00f3 que reconocieron especialmente a los hombres y mujeres que trabajaron incansablemente por restituir el SEN, durante el brutal ataque cibern\u00e9tico que sufri\u00f3 el pa\u00eds en el 2019.<\/p>\n<p><strong>\u00abHoy para nosotros es un d\u00eda muy especial, hemos querido hacer un alto en la apretada agenda y en la labor incansable que hace nuestra querida fuerza trabajadora, para hacerle un reconocimiento p\u00fablico a todos los hombres y mujeres, h\u00e9roes y hero\u00ednas del Sistema El\u00e9ctrico Nacional\u00bb<\/strong><\/p>\n<p><strong><img loading=\"lazy\" decoding=\"async\" class=\"size-medium wp-image-84824 alignright\" src=\"http:\/\/10.200.87.50\/mppee\/wp-content\/uploads\/2021\/09\/Reconocen-labor-de-m\u00e1s-de-3-mil-trabajadores-del-sector-el\u00e9ctrico-12-300x200.jpeg\" alt=\"\" width=\"300\" height=\"200\" srcset=\"https:\/\/mppee.gob.ve\/wp-content\/uploads\/2021\/09\/Reconocen-labor-de-m\u00e1s-de-3-mil-trabajadores-del-sector-el\u00e9ctrico-12-300x200.jpeg 300w, https:\/\/mppee.gob.ve\/wp-content\/uploads\/2021\/09\/Reconocen-labor-de-m\u00e1s-de-3-mil-trabajadores-del-sector-el\u00e9ctrico-12-1024x683.jpeg 1024w, https:\/\/mppee.gob.ve\/wp-content\/uploads\/2021\/09\/Reconocen-labor-de-m\u00e1s-de-3-mil-trabajadores-del-sector-el\u00e9ctrico-12-768x512.jpeg 768w, https:\/\/mppee.gob.ve\/wp-content\/uploads\/2021\/09\/Reconocen-labor-de-m\u00e1s-de-3-mil-trabajadores-del-sector-el\u00e9ctrico-12.jpeg 1080w\" sizes=\"auto, (max-width: 300px) 100vw, 300px\" \/>\u00abEstamos entregando condecoraciones a trabajadores y trabajadoras con 53 a\u00f1os, 52 a\u00f1os, 50 a\u00f1os, 40 a\u00f1os, toda una vida dedicada a la construcci\u00f3n y mantenimiento del SEN. Adem\u00e1s, otorgamos botones de antig\u00fcedad de 5, 10, 20, 25 y 30 a\u00f1os, a los que calladamente, en cada rinc\u00f3n del pa\u00eds, hacen el trabajo cotidiano para garantizar la electricidad a los venezolanos y venezolana\u00bb<\/strong>, expres\u00f3.<\/p>\n<p><strong>\u00abEn nombre del presidente de la Rep\u00fablica, Nicol\u00e1s Maduro, reconocemos a ese grupo de trabajadores y trabajadoras que representan a m\u00e1s de 30 mil hombres y mujeres del SEN. Nos sentimos muy orgullosos del trabajo intenso que realizan d\u00eda y noche, para que la electricidad llegue a cada hogar venezolano\u00bb<\/strong>, dijo.<\/p>\n<p><img loading=\"lazy\" decoding=\"async\" class=\"size-medium wp-image-84822 alignleft\" src=\"http:\/\/10.200.87.50\/mppee\/wp-content\/uploads\/2021\/09\/Reconocen-labor-de-m\u00e1s-de-3-mil-trabajadores-del-sector-el\u00e9ctrico-10-300x200.jpeg\" alt=\"\" width=\"300\" height=\"200\" srcset=\"https:\/\/mppee.gob.ve\/wp-content\/uploads\/2021\/09\/Reconocen-labor-de-m\u00e1s-de-3-mil-trabajadores-del-sector-el\u00e9ctrico-10-300x200.jpeg 300w, https:\/\/mppee.gob.ve\/wp-content\/uploads\/2021\/09\/Reconocen-labor-de-m\u00e1s-de-3-mil-trabajadores-del-sector-el\u00e9ctrico-10-1024x683.jpeg 1024w, https:\/\/mppee.gob.ve\/wp-content\/uploads\/2021\/09\/Reconocen-labor-de-m\u00e1s-de-3-mil-trabajadores-del-sector-el\u00e9ctrico-10-768x512.jpeg 768w, https:\/\/mppee.gob.ve\/wp-content\/uploads\/2021\/09\/Reconocen-labor-de-m\u00e1s-de-3-mil-trabajadores-del-sector-el\u00e9ctrico-10.jpeg 1080w\" sizes=\"auto, (max-width: 300px) 100vw, 300px\" \/>El tambi\u00e9n Ministro del Poder Popular para la Energ\u00eda El\u00e9ctrica, manifest\u00f3 que es sencillo encender el interruptor de la luz, sin saber todo lo que se tiene que desarrollar para que el servicio llegue de manera distribuida y \u00f3ptima al pueblo. <strong>\u00abPor eso es que los que quisieron sembrar la oscuridad con ese acto terrorista en el 2019, no lo lograron. La fuerza trabajadora logr\u00f3 la luz, y ella venci\u00f3 a la oscuridad\u00bb.<\/strong><\/p>\n<p><em><b>H\u00e9roes de M\u00e9rida <\/b><\/em><\/p>\n<p>Durante la actividad, el General en Jefe N\u00e9stor Reverol, reconoci\u00f3 al Sargento Primero de la GNB Anthony Zerpa, y al operador de la Subestaci\u00f3n Tovar Alberto Medina, hombres que gracias a la actuaci\u00f3n y valent\u00eda lograron evitar que la Planta dejar\u00e1 de funcionar.<\/p>\n<p><strong><img loading=\"lazy\" decoding=\"async\" class=\"size-medium wp-image-84821 alignright\" src=\"http:\/\/10.200.87.50\/mppee\/wp-content\/uploads\/2021\/09\/Reconocen-labor-de-m\u00e1s-de-3-mil-trabajadores-del-sector-el\u00e9ctrico-9-300x200.jpeg\" alt=\"\" width=\"300\" height=\"200\" srcset=\"https:\/\/mppee.gob.ve\/wp-content\/uploads\/2021\/09\/Reconocen-labor-de-m\u00e1s-de-3-mil-trabajadores-del-sector-el\u00e9ctrico-9-300x200.jpeg 300w, https:\/\/mppee.gob.ve\/wp-content\/uploads\/2021\/09\/Reconocen-labor-de-m\u00e1s-de-3-mil-trabajadores-del-sector-el\u00e9ctrico-9-1024x683.jpeg 1024w, https:\/\/mppee.gob.ve\/wp-content\/uploads\/2021\/09\/Reconocen-labor-de-m\u00e1s-de-3-mil-trabajadores-del-sector-el\u00e9ctrico-9-768x512.jpeg 768w, https:\/\/mppee.gob.ve\/wp-content\/uploads\/2021\/09\/Reconocen-labor-de-m\u00e1s-de-3-mil-trabajadores-del-sector-el\u00e9ctrico-9.jpeg 1080w\" sizes=\"auto, (max-width: 300px) 100vw, 300px\" \/>\u00abLa Subestaci\u00f3n Tovar fue tapiada casi en un 80%, y gracias a la valent\u00eda de esos hombres lograron que en el medio del diluvio, de las piedras, del lodo, apagar la Subestaci\u00f3n, que garantiz\u00f3 la r\u00e1pida recuperaci\u00f3n de la Subestaci\u00f3n y hoy podemos decir que todo el municipio tiene electricidad, gracias al trabajo incansable de la fuerza trabajadora\u00bb<\/strong>, dijo.<\/div>\n<div style=\"text-align: justify;\"><b>\u00a0<\/b><\/div>\n<div style=\"text-align: justify;\"><b>Prensa Mppee<\/b><\/div>\n<div><\/div>\n<div><img loading=\"lazy\" decoding=\"async\" class=\"alignnone wp-image-84823 size-full\" src=\"http:\/\/10.200.87.50\/mppee\/wp-content\/uploads\/2021\/09\/Reconocen-labor-de-m\u00e1s-de-3-mil-trabajadores-del-sector-el\u00e9ctrico-11.jpeg\" alt=\"\" width=\"1080\" height=\"720\" srcset=\"https:\/\/mppee.gob.ve\/wp-content\/uploads\/2021\/09\/Reconocen-labor-de-m\u00e1s-de-3-mil-trabajadores-del-sector-el\u00e9ctrico-11.jpeg 1080w, https:\/\/mppee.gob.ve\/wp-content\/uploads\/2021\/09\/Reconocen-labor-de-m\u00e1s-de-3-mil-trabajadores-del-sector-el\u00e9ctrico-11-300x200.jpeg 300w, https:\/\/mppee.gob.ve\/wp-content\/uploads\/2021\/09\/Reconocen-labor-de-m\u00e1s-de-3-mil-trabajadores-del-sector-el\u00e9ctrico-11-1024x683.jpeg 1024w, https:\/\/mppee.gob.ve\/wp-content\/uploads\/2021\/09\/Reconocen-labor-de-m\u00e1s-de-3-mil-trabajadores-del-sector-el\u00e9ctrico-11-768x512.jpeg 768w\" sizes=\"auto, (max-width: 1080px) 100vw, 1080px\" \/> <img loading=\"lazy\" decoding=\"async\" class=\"alignnone wp-image-84820 size-full\" src=\"http:\/\/10.200.87.50\/mppee\/wp-content\/uploads\/2021\/09\/Reconocen-labor-de-m\u00e1s-de-3-mil-trabajadores-del-sector-el\u00e9ctrico-8.jpeg\" alt=\"\" width=\"1080\" height=\"725\" srcset=\"https:\/\/mppee.gob.ve\/wp-content\/uploads\/2021\/09\/Reconocen-labor-de-m\u00e1s-de-3-mil-trabajadores-del-sector-el\u00e9ctrico-8.jpeg 1080w, https:\/\/mppee.gob.ve\/wp-content\/uploads\/2021\/09\/Reconocen-labor-de-m\u00e1s-de-3-mil-trabajadores-del-sector-el\u00e9ctrico-8-300x201.jpeg 300w, https:\/\/mppee.gob.ve\/wp-content\/uploads\/2021\/09\/Reconocen-labor-de-m\u00e1s-de-3-mil-trabajadores-del-sector-el\u00e9ctrico-8-1024x687.jpeg 1024w, https:\/\/mppee.gob.ve\/wp-content\/uploads\/2021\/09\/Reconocen-labor-de-m\u00e1s-de-3-mil-trabajadores-del-sector-el\u00e9ctrico-8-768x516.jpeg 768w\" sizes=\"auto, (max-width: 1080px) 100vw, 1080px\" \/> <img loading=\"lazy\" decoding=\"async\" class=\"alignnone wp-image-84819 size-full\" src=\"http:\/\/10.200.87.50\/mppee\/wp-content\/uploads\/2021\/09\/Reconocen-labor-de-m\u00e1s-de-3-mil-trabajadores-del-sector-el\u00e9ctrico-7.jpeg\" alt=\"\" width=\"1080\" height=\"748\" srcset=\"https:\/\/mppee.gob.ve\/wp-content\/uploads\/2021\/09\/Reconocen-labor-de-m\u00e1s-de-3-mil-trabajadores-del-sector-el\u00e9ctrico-7.jpeg 1080w, https:\/\/mppee.gob.ve\/wp-content\/uploads\/2021\/09\/Reconocen-labor-de-m\u00e1s-de-3-mil-trabajadores-del-sector-el\u00e9ctrico-7-300x208.jpeg 300w, https:\/\/mppee.gob.ve\/wp-content\/uploads\/2021\/09\/Reconocen-labor-de-m\u00e1s-de-3-mil-trabajadores-del-sector-el\u00e9ctrico-7-1024x709.jpeg 1024w, https:\/\/mppee.gob.ve\/wp-content\/uploads\/2021\/09\/Reconocen-labor-de-m\u00e1s-de-3-mil-trabajadores-del-sector-el\u00e9ctrico-7-768x532.jpeg 768w, https:\/\/mppee.gob.ve\/wp-content\/uploads\/2021\/09\/Reconocen-labor-de-m\u00e1s-de-3-mil-trabajadores-del-sector-el\u00e9ctrico-7-392x272.jpeg 392w, https:\/\/mppee.gob.ve\/wp-content\/uploads\/2021\/09\/Reconocen-labor-de-m\u00e1s-de-3-mil-trabajadores-del-sector-el\u00e9ctrico-7-130x90.jpeg 130w\" sizes=\"auto, (max-width: 1080px) 100vw, 1080px\" \/> <img loading=\"lazy\" decoding=\"async\" class=\"alignnone wp-image-84818 size-full\" src=\"http:\/\/10.200.87.50\/mppee\/wp-content\/uploads\/2021\/09\/Reconocen-labor-de-m\u00e1s-de-3-mil-trabajadores-del-sector-el\u00e9ctrico-6.jpeg\" alt=\"\" width=\"1080\" height=\"759\" srcset=\"https:\/\/mppee.gob.ve\/wp-content\/uploads\/2021\/09\/Reconocen-labor-de-m\u00e1s-de-3-mil-trabajadores-del-sector-el\u00e9ctrico-6.jpeg 1080w, https:\/\/mppee.gob.ve\/wp-content\/uploads\/2021\/09\/Reconocen-labor-de-m\u00e1s-de-3-mil-trabajadores-del-sector-el\u00e9ctrico-6-300x211.jpeg 300w, https:\/\/mppee.gob.ve\/wp-content\/uploads\/2021\/09\/Reconocen-labor-de-m\u00e1s-de-3-mil-trabajadores-del-sector-el\u00e9ctrico-6-1024x720.jpeg 1024w, https:\/\/mppee.gob.ve\/wp-content\/uploads\/2021\/09\/Reconocen-labor-de-m\u00e1s-de-3-mil-trabajadores-del-sector-el\u00e9ctrico-6-768x540.jpeg 768w, https:\/\/mppee.gob.ve\/wp-content\/uploads\/2021\/09\/Reconocen-labor-de-m\u00e1s-de-3-mil-trabajadores-del-sector-el\u00e9ctrico-6-130x90.jpeg 130w\" sizes=\"auto, (max-width: 1080px) 100vw, 1080px\" \/> <img loading=\"lazy\" decoding=\"async\" class=\"alignnone wp-image-84817 size-full\" src=\"http:\/\/10.200.87.50\/mppee\/wp-content\/uploads\/2021\/09\/Reconocen-labor-de-m\u00e1s-de-3-mil-trabajadores-del-sector-el\u00e9ctrico-5.jpeg\" alt=\"\" width=\"1080\" height=\"720\" srcset=\"https:\/\/mppee.gob.ve\/wp-content\/uploads\/2021\/09\/Reconocen-labor-de-m\u00e1s-de-3-mil-trabajadores-del-sector-el\u00e9ctrico-5.jpeg 1080w, https:\/\/mppee.gob.ve\/wp-content\/uploads\/2021\/09\/Reconocen-labor-de-m\u00e1s-de-3-mil-trabajadores-del-sector-el\u00e9ctrico-5-300x200.jpeg 300w, https:\/\/mppee.gob.ve\/wp-content\/uploads\/2021\/09\/Reconocen-labor-de-m\u00e1s-de-3-mil-trabajadores-del-sector-el\u00e9ctrico-5-1024x683.jpeg 1024w, https:\/\/mppee.gob.ve\/wp-content\/uploads\/2021\/09\/Reconocen-labor-de-m\u00e1s-de-3-mil-trabajadores-del-sector-el\u00e9ctrico-5-768x512.jpeg 768w\" sizes=\"auto, (max-width: 1080px) 100vw, 1080px\" \/> <img loading=\"lazy\" decoding=\"async\" class=\"alignnone wp-image-84816 size-full\" src=\"http:\/\/10.200.87.50\/mppee\/wp-content\/uploads\/2021\/09\/Reconocen-labor-de-m\u00e1s-de-3-mil-trabajadores-del-sector-el\u00e9ctrico-4.jpeg\" alt=\"\" width=\"1080\" height=\"759\" srcset=\"https:\/\/mppee.gob.ve\/wp-content\/uploads\/2021\/09\/Reconocen-labor-de-m\u00e1s-de-3-mil-trabajadores-del-sector-el\u00e9ctrico-4.jpeg 1080w, https:\/\/mppee.gob.ve\/wp-content\/uploads\/2021\/09\/Reconocen-labor-de-m\u00e1s-de-3-mil-trabajadores-del-sector-el\u00e9ctrico-4-300x211.jpeg 300w, https:\/\/mppee.gob.ve\/wp-content\/uploads\/2021\/09\/Reconocen-labor-de-m\u00e1s-de-3-mil-trabajadores-del-sector-el\u00e9ctrico-4-1024x720.jpeg 1024w, https:\/\/mppee.gob.ve\/wp-content\/uploads\/2021\/09\/Reconocen-labor-de-m\u00e1s-de-3-mil-trabajadores-del-sector-el\u00e9ctrico-4-768x540.jpeg 768w, https:\/\/mppee.gob.ve\/wp-content\/uploads\/2021\/09\/Reconocen-labor-de-m\u00e1s-de-3-mil-trabajadores-del-sector-el\u00e9ctrico-4-130x90.jpeg 130w\" sizes=\"auto, (max-width: 1080px) 100vw, 1080px\" \/> <img loading=\"lazy\" decoding=\"async\" class=\"alignnone wp-image-84815 size-full\" src=\"http:\/\/10.200.87.50\/mppee\/wp-content\/uploads\/2021\/09\/Reconocen-labor-de-m\u00e1s-de-3-mil-trabajadores-del-sector-el\u00e9ctrico-3.jpeg\" alt=\"\" width=\"1080\" height=\"720\" srcset=\"https:\/\/mppee.gob.ve\/wp-content\/uploads\/2021\/09\/Reconocen-labor-de-m\u00e1s-de-3-mil-trabajadores-del-sector-el\u00e9ctrico-3.jpeg 1080w, https:\/\/mppee.gob.ve\/wp-content\/uploads\/2021\/09\/Reconocen-labor-de-m\u00e1s-de-3-mil-trabajadores-del-sector-el\u00e9ctrico-3-300x200.jpeg 300w, https:\/\/mppee.gob.ve\/wp-content\/uploads\/2021\/09\/Reconocen-labor-de-m\u00e1s-de-3-mil-trabajadores-del-sector-el\u00e9ctrico-3-1024x683.jpeg 1024w, https:\/\/mppee.gob.ve\/wp-content\/uploads\/2021\/09\/Reconocen-labor-de-m\u00e1s-de-3-mil-trabajadores-del-sector-el\u00e9ctrico-3-768x512.jpeg 768w\" sizes=\"auto, (max-width: 1080px) 100vw, 1080px\" \/> <img loading=\"lazy\" decoding=\"async\" class=\"alignnone wp-image-84814 size-full\" src=\"http:\/\/10.200.87.50\/mppee\/wp-content\/uploads\/2021\/09\/Reconocen-labor-de-m\u00e1s-de-3-mil-trabajadores-del-sector-el\u00e9ctrico-2.jpeg\" alt=\"\" width=\"1080\" height=\"762\" srcset=\"https:\/\/mppee.gob.ve\/wp-content\/uploads\/2021\/09\/Reconocen-labor-de-m\u00e1s-de-3-mil-trabajadores-del-sector-el\u00e9ctrico-2.jpeg 1080w, https:\/\/mppee.gob.ve\/wp-content\/uploads\/2021\/09\/Reconocen-labor-de-m\u00e1s-de-3-mil-trabajadores-del-sector-el\u00e9ctrico-2-300x212.jpeg 300w, https:\/\/mppee.gob.ve\/wp-content\/uploads\/2021\/09\/Reconocen-labor-de-m\u00e1s-de-3-mil-trabajadores-del-sector-el\u00e9ctrico-2-1024x722.jpeg 1024w, https:\/\/mppee.gob.ve\/wp-content\/uploads\/2021\/09\/Reconocen-labor-de-m\u00e1s-de-3-mil-trabajadores-del-sector-el\u00e9ctrico-2-768x542.jpeg 768w\" sizes=\"auto, (max-width: 1080px) 100vw, 1080px\" \/> <img loading=\"lazy\" decoding=\"async\" class=\"alignnone wp-image-84813 size-full\" src=\"http:\/\/10.200.87.50\/mppee\/wp-content\/uploads\/2021\/09\/Reconocen-labor-de-m\u00e1s-de-3-mil-trabajadores-del-sector-el\u00e9ctrico-1.jpeg\" alt=\"\" width=\"1080\" height=\"720\" srcset=\"https:\/\/mppee.gob.ve\/wp-content\/uploads\/2021\/09\/Reconocen-labor-de-m\u00e1s-de-3-mil-trabajadores-del-sector-el\u00e9ctrico-1.jpeg 1080w, https:\/\/mppee.gob.ve\/wp-content\/uploads\/2021\/09\/Reconocen-labor-de-m\u00e1s-de-3-mil-trabajadores-del-sector-el\u00e9ctrico-1-300x200.jpeg 300w, https:\/\/mppee.gob.ve\/wp-content\/uploads\/2021\/09\/Reconocen-labor-de-m\u00e1s-de-3-mil-trabajadores-del-sector-el\u00e9ctrico-1-1024x683.jpeg 1024w, https:\/\/mppee.gob.ve\/wp-content\/uploads\/2021\/09\/Reconocen-labor-de-m\u00e1s-de-3-mil-trabajadores-del-sector-el\u00e9ctrico-1-768x512.jpeg 768w\" sizes=\"auto, (max-width: 1080px) 100vw, 1080px\" \/><\/div>\n","protected":false},"excerpt":{"rendered":"<p>Un total de 3 mil 782 trabajadores y trabajadoras del Sistema El\u00e9ctrico Nacional, fueron condecorados en el territorio nacional, por<\/p>\n","protected":false},"author":12,"featured_media":84825,"comment_status":"open","ping_status":"open","sticky":false,"template":"","format":"standard","meta":{"footnotes":""},"categories":[15],"tags":[11],"class_list":["post-84812","post","type-post","status-publish","format-standard","has-post-thumbnail","hentry","category-nacionales","tag-mppee"],"_links":{"self":[{"href":"https:\/\/mppee.gob.ve\/index.php?rest_route=\/wp\/v2\/posts\/84812","targetHints":{"allow":["GET"]}}],"collection":[{"href":"https:\/\/mppee.gob.ve\/index.php?rest_route=\/wp\/v2\/posts"}],"about":[{"href":"https:\/\/mppee.gob.ve\/index.php?rest_route=\/wp\/v2\/types\/post"}],"author":[{"embeddable":true,"href":"https:\/\/mppee.gob.ve\/index.php?rest_route=\/wp\/v2\/users\/12"}],"replies":[{"embeddable":true,"href":"https:\/\/mppee.gob.ve\/index.php?rest_route=%2Fwp%2Fv2%2Fcomments&post=84812"}],"version-history":[{"count":1,"href":"https:\/\/mppee.gob.ve\/index.php?rest_route=\/wp\/v2\/posts\/84812\/revisions"}],"predecessor-version":[{"id":84826,"href":"https:\/\/mppee.gob.ve\/index.php?rest_route=\/wp\/v2\/posts\/84812\/revisions\/84826"}],"wp:featuredmedia":[{"embeddable":true,"href":"https:\/\/mppee.gob.ve\/index.php?rest_route=\/wp\/v2\/media\/84825"}],"wp:attachment":[{"href":"https:\/\/mppee.gob.ve\/index.php?rest_route=%2Fwp%2Fv2%2Fmedia&parent=84812"}],"wp:term":[{"taxonomy":"category","embeddable":true,"href":"https:\/\/mppee.gob.ve\/index.php?rest_route=%2Fwp%2Fv2%2Fcategories&post=84812"},{"taxonomy":"post_tag","embeddable":true,"href":"https:\/\/mppee.gob.ve\/index.php?rest_route=%2Fwp%2Fv2%2Ftags&post=84812"}],"curies":[{"name":"wp","href":"https:\/\/api.w.org\/{rel}","templated":true}]}}