{"id":84827,"date":"2021-09-12T16:50:00","date_gmt":"2021-09-12T16:50:00","guid":{"rendered":"http:\/\/10.200.87.50\/mppee\/?p=84827"},"modified":"2021-09-13T16:54:04","modified_gmt":"2021-09-13T16:54:04","slug":"denuncian-nuevo-ataque-terrorista-contra-el-sistema-electrico-nacional","status":"publish","type":"post","link":"https:\/\/mppee.gob.ve\/?p=84827","title":{"rendered":"Denuncian nuevo ataque terrorista contra el Sistema El\u00e9ctrico Nacional"},"content":{"rendered":"<p style=\"text-align: justify;\"><img loading=\"lazy\" decoding=\"async\" class=\"size-medium wp-image-84831 alignleft\" src=\"http:\/\/10.200.87.50\/mppee\/wp-content\/uploads\/2021\/09\/dd081746-f009-4197-9d76-99cf3b099202-225x300.jpg\" alt=\"\" width=\"225\" height=\"300\" srcset=\"https:\/\/mppee.gob.ve\/wp-content\/uploads\/2021\/09\/dd081746-f009-4197-9d76-99cf3b099202-225x300.jpg 225w, https:\/\/mppee.gob.ve\/wp-content\/uploads\/2021\/09\/dd081746-f009-4197-9d76-99cf3b099202.jpg 768w\" sizes=\"auto, (max-width: 225px) 100vw, 225px\" \/>Este domingo, el Sistema El\u00e9ctrico Nacional (SEN) sufri\u00f3 un nuevo ataque terrorista, espec\u00edficamente en la Subestaci\u00f3n Aragua, ubicada en el sector Santa Cruz del municipio Lamas; que ocasion\u00f3 la explosi\u00f3n de un transformador y gener\u00f3 fluctuaciones en el sistema interconectado, lo que produjo la disminuci\u00f3n de carga en varios estados del pa\u00eds.<\/p>\n<p style=\"text-align: justify;\">As\u00ed lo inform\u00f3 el vicepresidente Sectorial de Obras P\u00fablicas y Servicios, G\/J N\u00e9stor Reverol, a trav\u00e9s de un contacto telef\u00f3nico con la televisora del Estado, Venezolana de Televisi\u00f3n (VTV), d\u00f3nde explic\u00f3 que <strong>\u00abespec\u00edficamente, en un autotransformador de 230\/115kVA se produjo una explosi\u00f3n. Sin embargo, estamos dirigiendo desde el Centro Nacional de Despacho, personalmente con el presidente de la Corporaci\u00f3n El\u00e9ctrica Nacional, Ingeniero Jos\u00e9 Luis Betancourt, y todo el equipo, las operaciones para recuperar la carga\u00bb.<\/strong><\/p>\n<p style=\"text-align: justify;\">Indic\u00f3 que gracias a la reacci\u00f3n de la fuerza trabajadora, conjuntamente con los organismos de seguridad del Estado, actuaron de manera r\u00e1pida y extraordinaria, para evitar una p\u00e9rdida mayor.<\/p>\n<p style=\"text-align: justify;\"><img loading=\"lazy\" decoding=\"async\" class=\"size-medium wp-image-84829 alignright\" src=\"http:\/\/10.200.87.50\/mppee\/wp-content\/uploads\/2021\/09\/73cfed12-f59a-4170-80c0-b74a59475e8d-300x209.jpg\" alt=\"\" width=\"300\" height=\"209\" srcset=\"https:\/\/mppee.gob.ve\/wp-content\/uploads\/2021\/09\/73cfed12-f59a-4170-80c0-b74a59475e8d-300x209.jpg 300w, https:\/\/mppee.gob.ve\/wp-content\/uploads\/2021\/09\/73cfed12-f59a-4170-80c0-b74a59475e8d-392x272.jpg 392w, https:\/\/mppee.gob.ve\/wp-content\/uploads\/2021\/09\/73cfed12-f59a-4170-80c0-b74a59475e8d-130x90.jpg 130w, https:\/\/mppee.gob.ve\/wp-content\/uploads\/2021\/09\/73cfed12-f59a-4170-80c0-b74a59475e8d.jpg 768w\" sizes=\"auto, (max-width: 300px) 100vw, 300px\" \/>El General en Jefe destac\u00f3 que, ya se restableci\u00f3 el servicio el\u00e9ctrico en la regi\u00f3n capital, y est\u00e1n en proceso de recuperaci\u00f3n completa de la carga en los estados Zulia, M\u00e9rida, T\u00e1chira, Nueva Esparta y Falc\u00f3n, que fueron afectadas de manera parcial.<\/p>\n<p style=\"text-align: justify;\">El tambi\u00e9n Ministro del Poder Popular para la Energ\u00eda El\u00e9ctrica, indic\u00f3 que el estado Aragua, sufri\u00f3 una p\u00e9rdida de 75 megavatios y est\u00e1n a la espera de la evaluaci\u00f3n de da\u00f1os de la Subestaci\u00f3n por parte de los bomberos de la entidad. \u00abEstamos haciendo todos los arreglos que sean necesarios para poner en funcionamiento de manera r\u00e1pida esta Subestaci\u00f3n\u00bb, manifest\u00f3.<\/p>\n<p style=\"text-align: justify;\"><strong><img loading=\"lazy\" decoding=\"async\" class=\"size-medium wp-image-84830 alignleft\" src=\"http:\/\/10.200.87.50\/mppee\/wp-content\/uploads\/2021\/09\/0307f9cd-7a96-4047-ac62-f7745c495b7a-300x205.jpg\" alt=\"\" width=\"300\" height=\"205\" srcset=\"https:\/\/mppee.gob.ve\/wp-content\/uploads\/2021\/09\/0307f9cd-7a96-4047-ac62-f7745c495b7a-300x205.jpg 300w, https:\/\/mppee.gob.ve\/wp-content\/uploads\/2021\/09\/0307f9cd-7a96-4047-ac62-f7745c495b7a-130x90.jpg 130w, https:\/\/mppee.gob.ve\/wp-content\/uploads\/2021\/09\/0307f9cd-7a96-4047-ac62-f7745c495b7a.jpg 607w\" sizes=\"auto, (max-width: 300px) 100vw, 300px\" \/>\u00abYa estamos haciendo todas las coordinaciones y todas las interconecciones con nuestro SEN, para que la energ\u00eda el\u00e9ctrica vuelva a los hogares\u00bb<\/strong>, dijo Reverol.<\/p>\n<p style=\"text-align: justify;\">Finalmente, asegur\u00f3 que est\u00e1n dispuestas las redes sociales @ministeriodeenergiaelectrica y @corpoelecinfo para que el pueblo de Venezuela pueda informar los lugares donde no haya llegado el fluido el\u00e9ctrico.<\/p>\n<p style=\"text-align: justify;\"><strong>\u00abQueremos mantener la interacci\u00f3n con el Poder Popular, para enviar a las cuadrillas que est\u00e1n de guardia y que la energ\u00eda sea distribuida y llegue nuevamente a sus hogares\u00bb<\/strong>, asever\u00f3 Reverol Torres.<\/p>\n<p style=\"text-align: justify;\"><strong>Prensa Mppee<\/strong><\/p>\n","protected":false},"excerpt":{"rendered":"<p>Este domingo, el Sistema El\u00e9ctrico Nacional (SEN) sufri\u00f3 un nuevo ataque terrorista, espec\u00edficamente en la Subestaci\u00f3n Aragua, ubicada en el<\/p>\n","protected":false},"author":12,"featured_media":84828,"comment_status":"open","ping_status":"open","sticky":false,"template":"","format":"standard","meta":{"footnotes":""},"categories":[15],"tags":[],"class_list":["post-84827","post","type-post","status-publish","format-standard","has-post-thumbnail","hentry","category-nacionales"],"_links":{"self":[{"href":"https:\/\/mppee.gob.ve\/index.php?rest_route=\/wp\/v2\/posts\/84827","targetHints":{"allow":["GET"]}}],"collection":[{"href":"https:\/\/mppee.gob.ve\/index.php?rest_route=\/wp\/v2\/posts"}],"about":[{"href":"https:\/\/mppee.gob.ve\/index.php?rest_route=\/wp\/v2\/types\/post"}],"author":[{"embeddable":true,"href":"https:\/\/mppee.gob.ve\/index.php?rest_route=\/wp\/v2\/users\/12"}],"replies":[{"embeddable":true,"href":"https:\/\/mppee.gob.ve\/index.php?rest_route=%2Fwp%2Fv2%2Fcomments&post=84827"}],"version-history":[{"count":1,"href":"https:\/\/mppee.gob.ve\/index.php?rest_route=\/wp\/v2\/posts\/84827\/revisions"}],"predecessor-version":[{"id":84832,"href":"https:\/\/mppee.gob.ve\/index.php?rest_route=\/wp\/v2\/posts\/84827\/revisions\/84832"}],"wp:featuredmedia":[{"embeddable":true,"href":"https:\/\/mppee.gob.ve\/index.php?rest_route=\/wp\/v2\/media\/84828"}],"wp:attachment":[{"href":"https:\/\/mppee.gob.ve\/index.php?rest_route=%2Fwp%2Fv2%2Fmedia&parent=84827"}],"wp:term":[{"taxonomy":"category","embeddable":true,"href":"https:\/\/mppee.gob.ve\/index.php?rest_route=%2Fwp%2Fv2%2Fcategories&post=84827"},{"taxonomy":"post_tag","embeddable":true,"href":"https:\/\/mppee.gob.ve\/index.php?rest_route=%2Fwp%2Fv2%2Ftags&post=84827"}],"curies":[{"name":"wp","href":"https:\/\/api.w.org\/{rel}","templated":true}]}}