{"id":84833,"date":"2021-08-16T19:59:00","date_gmt":"2021-08-16T19:59:00","guid":{"rendered":"http:\/\/10.200.87.50\/mppee\/?p=84833"},"modified":"2021-09-14T20:13:40","modified_gmt":"2021-09-14T20:13:40","slug":"activa-la-conciencia-con-energia-y-eficiencia-es-una-politica-para-la-vida-en-venezuela","status":"publish","type":"post","link":"https:\/\/mppee.gob.ve\/?p=84833","title":{"rendered":"\u201cActiva la Conciencia con Energ\u00eda y Eficiencia\u201d es una  pol\u00edtica para la vida en Venezuela"},"content":{"rendered":"<div id=\":q3\" class=\"ii gt\">\n<div id=\":q2\" class=\"a3s aiL \">\n<div dir=\"ltr\" style=\"text-align: justify;\"><img loading=\"lazy\" decoding=\"async\" class=\"size-medium wp-image-84836 alignleft\" src=\"http:\/\/10.200.87.50\/mppee\/wp-content\/uploads\/2021\/09\/ada9af01-4396-4887-b7eb-4f1fc4ce1e54-1-300x199.jpg\" alt=\"\" width=\"300\" height=\"199\" srcset=\"https:\/\/mppee.gob.ve\/wp-content\/uploads\/2021\/09\/ada9af01-4396-4887-b7eb-4f1fc4ce1e54-1-300x199.jpg 300w, https:\/\/mppee.gob.ve\/wp-content\/uploads\/2021\/09\/ada9af01-4396-4887-b7eb-4f1fc4ce1e54-1.jpg 648w\" sizes=\"auto, (max-width: 300px) 100vw, 300px\" \/>La campa\u00f1a comunicacional <strong>\u201cActiva la Conciencia con Energ\u00eda y Eficiencia es una pol\u00edtica de Estado que forma parte de las tareas que adelanta el Ministerio del Poder Popular para la Energ\u00eda El\u00e9ctrica (Mppee), que destaca la importancia de este servicio p\u00fablico para la paz, seguridad de la naci\u00f3n\u201d<\/strong> as\u00ed lo inform\u00f3 Tania Masea, viceministra de Nuevas Fuentes y Uso Racional de la Energ\u00eda El\u00e9ctrica (Uree).<\/p>\n<p>Durante una entrevista en el programa Referente Informativo, de TVFANB, la viceministra Masea, enfatiz\u00f3 que la tarea del Gobierno nacional es activar una gesti\u00f3n dirigida al fortalecimiento del Sistema El\u00e9ctrico Nacional (SEN). <strong>\u201cEn Venezuela somos capaces de hacer lo que tengamos que hacer para generar las nuevas soluciones tecnol\u00f3gicas que estabilicen y organicen nuestros servicios p\u00fablicos, a pesar del bloqueo que quieren imponernos, somos protagonistas del cambio\u201d.<\/strong><\/p>\n<p>Las energ\u00edas alternativas juegan un papel importante porque contribuyen a cuidar el planeta y, desde ese punto de vista, con esta nueva campa\u00f1a comunicacional, Venezuela aporta su grano de arena en el impulso del uso de las energ\u00edas limpias y asume el compromiso de reducir la emisi\u00f3n de gases de efecto invernadero.<\/p>\n<p>Cuidar el planeta y reducir los efectos negativos de la energ\u00eda se hace con la disminuci\u00f3n de la generaci\u00f3n en las plantas termoel\u00e9ctricas e incrementar el uso de las energ\u00edas alternativas, en este sentido, <strong>\u201cdesde el sector el\u00e9ctrico estamos ganados a reconocer esta posibilidad y para ello se hacen los estudios necesarios que permitan elaborar mapas de radiaci\u00f3n solar y permita desplegarnos a nivel nacional, en uso de los sistemas fotovoltaicos e h\u00edbridos, as\u00ed apalancar las energ\u00edas alternativas en todos los usuarios del servicio\u201d<\/strong>, enfatiz\u00f3 la viceministra Masea.<\/p>\n<p><img loading=\"lazy\" decoding=\"async\" class=\"size-medium wp-image-84837 alignright\" src=\"http:\/\/10.200.87.50\/mppee\/wp-content\/uploads\/2021\/09\/c34816b0-7c2e-41e1-9a29-19c441eb1d59-300x215.jpg\" alt=\"\" width=\"300\" height=\"215\" srcset=\"https:\/\/mppee.gob.ve\/wp-content\/uploads\/2021\/09\/c34816b0-7c2e-41e1-9a29-19c441eb1d59-300x215.jpg 300w, https:\/\/mppee.gob.ve\/wp-content\/uploads\/2021\/09\/c34816b0-7c2e-41e1-9a29-19c441eb1d59.jpg 768w\" sizes=\"auto, (max-width: 300px) 100vw, 300px\" \/>Un elemento importante con la campa\u00f1a <strong>\u201cActiva la Conciencia con Energ\u00eda y Eficiencia\u201d, es el uso de las energ\u00edas renovables en el sector de grandes usuarios, \u201cespecialmente para todos los usuarios mayores de 500kVA, para ellos desde el sector el\u00e9ctrico, el Gobierno nacional, ha implementado una resoluci\u00f3n que orienta el uso de sistemas de energ\u00edas alternativas, de autogeneraci\u00f3n, esto con el fin de contribuir en el ahorro de 400 megavatios, en demanda, que se surten directamente desde el sistema interconectado nacional y as\u00ed contribuir con nuestro SEN\u201d<\/strong>, recalc\u00f3 la viceministra del Mppee.<\/p>\n<p>Venezuela cuenta con un clima ideal para las energ\u00edas alternativas, tenemos vientos premium, radiaci\u00f3n fuerte, y eso permite que los venezolanos y las venezolanas podamos ser participes en un cambio de cultura en el uso de la energ\u00eda el\u00e9ctrica.<\/p>\n<p><em><b>Cultura y educaci\u00f3n<\/b><\/em><\/p>\n<p><strong>\u201cActiva la Conciencia con Energ\u00eda y Eficiencia\u201d<\/strong>, se enfoca en la educaci\u00f3n, en el cambio del pensamiento eficiente, adecuado, es el camino a una cultura educativa donde activar la conciencia es ser sabios al hecho de que el planeta necesita del ahorro energ\u00e9tico para salvar nuevas generaciones.<\/p>\n<p>Desde ese punto de vista, Tania Masea, viceministra de UREE, se\u00f1al\u00f3 que las autoridades nacionales, incluyendo el Presidente Nicol\u00e1s Maduro Moros, el ministro G\/J N\u00e9stor Reverol y los m\u00e1s de 30 mil trabajadores que integran el sector el\u00e9ctrico nacional, est\u00e1n comprometidos en la difusi\u00f3n y acci\u00f3n de tareas que permitan generar respuestas y, conjuntamente con el poder popular, difundir a todo el pa\u00eds la importancia de activar la conciencia para ahorrar energ\u00eda y mejorar el servicio.<\/p>\n<p><strong>\u201cToda la educaci\u00f3n que estamos dando es para que el usuario tome conciencia y conozca cu\u00e1les son las acciones que debe desarrollar para disminuir el consumo el\u00e9ctrico y cu\u00e1ndo. Este proceso educativo cuenta con el apoyo de las Mesas T\u00e9cnicas de Energ\u00eda, y a trav\u00e9s de nuestro Viceministerio de Articulaci\u00f3n Social, se pueda orientar al Poder Popular, con diversas acciones y proyectos energ\u00e9ticos para que se haga uso de correcto de la energ\u00eda\u201d<\/strong>.<\/p>\n<p>Otro elemento importante, en el desarrollo de esta nueva pol\u00edtica energ\u00e9tica en Venezuela, son los estudios e investigaciones, desde el punto de vista el\u00e9ctrico, que se est\u00e1n efectuando en universidades, centros de investigaci\u00f3n y en el propio Mppee, donde todos los trabajadores y trabajadoras del sector el\u00e9ctrico, est\u00e1n activados estudiando, investigando y creando proyectos de desarrollo tecnol\u00f3gico, prototipos que luego ser\u00e1n fabricados por Corpoelec Industrial, corporaci\u00f3n que se encarga de esa gran labor para todo el pa\u00eds.<\/p>\n<p>Con esta campa\u00f1a comunicacional, como nueva pol\u00edtica, el Gobierno nacional est\u00e1 dispuesto y presto a que el pueblo venezolano sea parte de la recuperaci\u00f3n y estabilizaci\u00f3n del SEN y los invita, abiertamente, a participar, a sumarse en la generaci\u00f3n de ideas que contribuyan en el uso racional y eficiente de la energ\u00eda el\u00e9ctrica.<\/p>\n<p><strong>\u00a1Activa la Conciencia con Energ\u00eda y Eficiencia!<\/strong><\/p>\n<div class=\"adL\"><\/div>\n<\/div>\n<div class=\"adL\"><strong>Prensa Mppee<\/strong><\/div>\n<\/div>\n<\/div>\n","protected":false},"excerpt":{"rendered":"<p>La campa\u00f1a comunicacional \u201cActiva la Conciencia con Energ\u00eda y Eficiencia es una pol\u00edtica de Estado que forma parte de las<\/p>\n","protected":false},"author":12,"featured_media":84834,"comment_status":"open","ping_status":"open","sticky":false,"template":"","format":"standard","meta":{"footnotes":""},"categories":[15],"tags":[11],"class_list":["post-84833","post","type-post","status-publish","format-standard","has-post-thumbnail","hentry","category-nacionales","tag-mppee"],"_links":{"self":[{"href":"https:\/\/mppee.gob.ve\/index.php?rest_route=\/wp\/v2\/posts\/84833","targetHints":{"allow":["GET"]}}],"collection":[{"href":"https:\/\/mppee.gob.ve\/index.php?rest_route=\/wp\/v2\/posts"}],"about":[{"href":"https:\/\/mppee.gob.ve\/index.php?rest_route=\/wp\/v2\/types\/post"}],"author":[{"embeddable":true,"href":"https:\/\/mppee.gob.ve\/index.php?rest_route=\/wp\/v2\/users\/12"}],"replies":[{"embeddable":true,"href":"https:\/\/mppee.gob.ve\/index.php?rest_route=%2Fwp%2Fv2%2Fcomments&post=84833"}],"version-history":[{"count":1,"href":"https:\/\/mppee.gob.ve\/index.php?rest_route=\/wp\/v2\/posts\/84833\/revisions"}],"predecessor-version":[{"id":84838,"href":"https:\/\/mppee.gob.ve\/index.php?rest_route=\/wp\/v2\/posts\/84833\/revisions\/84838"}],"wp:featuredmedia":[{"embeddable":true,"href":"https:\/\/mppee.gob.ve\/index.php?rest_route=\/wp\/v2\/media\/84834"}],"wp:attachment":[{"href":"https:\/\/mppee.gob.ve\/index.php?rest_route=%2Fwp%2Fv2%2Fmedia&parent=84833"}],"wp:term":[{"taxonomy":"category","embeddable":true,"href":"https:\/\/mppee.gob.ve\/index.php?rest_route=%2Fwp%2Fv2%2Fcategories&post=84833"},{"taxonomy":"post_tag","embeddable":true,"href":"https:\/\/mppee.gob.ve\/index.php?rest_route=%2Fwp%2Fv2%2Ftags&post=84833"}],"curies":[{"name":"wp","href":"https:\/\/api.w.org\/{rel}","templated":true}]}}