{"id":84866,"date":"2021-09-17T23:27:31","date_gmt":"2021-09-17T23:27:31","guid":{"rendered":"http:\/\/10.200.87.50\/mppee\/?p=84866"},"modified":"2021-09-17T23:27:33","modified_gmt":"2021-09-17T23:27:33","slug":"realizan-videoconferencia-sobre-programas-de-seguridad-integral-del-sen","status":"publish","type":"post","link":"https:\/\/mppee.gob.ve\/?p=84866","title":{"rendered":"Realizan videoconferencia sobre programas de seguridad integral del SEN"},"content":{"rendered":"<p style=\"text-align: justify;\"><img loading=\"lazy\" decoding=\"async\" class=\"size-medium wp-image-84870 alignleft\" src=\"http:\/\/10.200.87.50\/mppee\/wp-content\/uploads\/2021\/09\/WhatsApp-Image-2021-09-17-at-3.07.10-PM-2-300x168.jpeg\" alt=\"\" width=\"300\" height=\"168\" srcset=\"https:\/\/mppee.gob.ve\/wp-content\/uploads\/2021\/09\/WhatsApp-Image-2021-09-17-at-3.07.10-PM-2-300x168.jpeg 300w, https:\/\/mppee.gob.ve\/wp-content\/uploads\/2021\/09\/WhatsApp-Image-2021-09-17-at-3.07.10-PM-2-768x431.jpeg 768w, https:\/\/mppee.gob.ve\/wp-content\/uploads\/2021\/09\/WhatsApp-Image-2021-09-17-at-3.07.10-PM-2-800x445.jpeg 800w, https:\/\/mppee.gob.ve\/wp-content\/uploads\/2021\/09\/WhatsApp-Image-2021-09-17-at-3.07.10-PM-2.jpeg 912w\" sizes=\"auto, (max-width: 300px) 100vw, 300px\" \/>El vicepresidente sectorial de Obras P\u00fablicas y Servicios, G\/J N\u00e9stor Reverol, particip\u00f3 en una videoconferencia sobre los programas de seguridad integral para el Sistema El\u00e9ctrico Nacional (SEN), como parte de las acciones estrat\u00e9gicas concebidas para garantizar la protecci\u00f3n y continuidad del servicio.<\/p>\n<p style=\"text-align: justify;\"><strong>\u00abJunto al ministro G\/J Vladimir Padrino L\u00f3pez y el Comandante Estrat\u00e9gico Operacional de la Fuerza Armanda Nacional (Fanb), G\/J Domingo Antonio Hern\u00e1ndez Larez, sostuvimos una videoconferencia con comandantes de las Regiones, Zonas de Defensa Integral y Gerentes Territoriales de Corpoelec a fin de coordinar las acciones y alianzas necesarias, para garantizar la seguridad integral de nuestro Sistema El\u00e9ctrico Nacional\u00bb<\/strong>, public\u00f3 en su cuenta en la red social Instagram @reverolnestor.<\/p>\n<p style=\"text-align: justify;\">\u00a0<img loading=\"lazy\" decoding=\"async\" class=\"wp-image-84873 size-medium alignright\" src=\"http:\/\/10.200.87.50\/mppee\/wp-content\/uploads\/2021\/09\/WhatsApp-Image-2021-09-17-at-3.07.11-PM-1-1-300x200.jpeg\" alt=\"\" width=\"300\" height=\"200\" srcset=\"https:\/\/mppee.gob.ve\/wp-content\/uploads\/2021\/09\/WhatsApp-Image-2021-09-17-at-3.07.11-PM-1-1-300x200.jpeg 300w, https:\/\/mppee.gob.ve\/wp-content\/uploads\/2021\/09\/WhatsApp-Image-2021-09-17-at-3.07.11-PM-1-1-768x512.jpeg 768w, https:\/\/mppee.gob.ve\/wp-content\/uploads\/2021\/09\/WhatsApp-Image-2021-09-17-at-3.07.11-PM-1-1.jpeg 912w\" sizes=\"auto, (max-width: 300px) 100vw, 300px\" \/>El tambi\u00e9n Ministro del Poder Popular para la Energ\u00eda El\u00e9ctrica, indic\u00f3 que durante la actividad discutieron sobre la creaci\u00f3n de un sistema de defensa territorial que permita garantizar la seguridad de las instalaciones de Corpoelec.<\/p>\n<p style=\"text-align: justify;\"><strong>\u00abAs\u00ed como el establecimiento de una Sala Situacional especializada contra la guerra al SEN, en aras de contar con la informaci\u00f3n en tiempo real, para atender cualquier evento que se presente\u00bb<\/strong>, expres\u00f3.<\/p>\n<p style=\"text-align: justify;\">Finalmente, destac\u00f3 que el Gobierno Revolucionario trabaja en la construcci\u00f3n de las acciones de protecci\u00f3n necesarias, para lograr la estabilizaci\u00f3n y confiabilidad del Sistema El\u00e9ctrico Nacional (SEN).<\/p>\n<p style=\"text-align: justify;\"><strong>Prensa Vpsops<\/strong><\/p>\n<p><img loading=\"lazy\" decoding=\"async\" class=\"alignnone wp-image-84875 size-full\" src=\"http:\/\/10.200.87.50\/mppee\/wp-content\/uploads\/2021\/09\/WhatsApp-Image-2021-09-17-at-3.07.10-PM-2-1.jpeg\" alt=\"\" width=\"912\" height=\"512\" srcset=\"https:\/\/mppee.gob.ve\/wp-content\/uploads\/2021\/09\/WhatsApp-Image-2021-09-17-at-3.07.10-PM-2-1.jpeg 912w, https:\/\/mppee.gob.ve\/wp-content\/uploads\/2021\/09\/WhatsApp-Image-2021-09-17-at-3.07.10-PM-2-1-300x168.jpeg 300w, https:\/\/mppee.gob.ve\/wp-content\/uploads\/2021\/09\/WhatsApp-Image-2021-09-17-at-3.07.10-PM-2-1-768x431.jpeg 768w\" sizes=\"auto, (max-width: 912px) 100vw, 912px\" \/><img loading=\"lazy\" decoding=\"async\" class=\"alignnone wp-image-84876 size-full\" src=\"http:\/\/10.200.87.50\/mppee\/wp-content\/uploads\/2021\/09\/WhatsApp-Image-2021-09-17-at-3.07.10-PM-3.jpeg\" alt=\"\" width=\"912\" height=\"608\" srcset=\"https:\/\/mppee.gob.ve\/wp-content\/uploads\/2021\/09\/WhatsApp-Image-2021-09-17-at-3.07.10-PM-3.jpeg 912w, https:\/\/mppee.gob.ve\/wp-content\/uploads\/2021\/09\/WhatsApp-Image-2021-09-17-at-3.07.10-PM-3-300x200.jpeg 300w, https:\/\/mppee.gob.ve\/wp-content\/uploads\/2021\/09\/WhatsApp-Image-2021-09-17-at-3.07.10-PM-3-768x512.jpeg 768w\" sizes=\"auto, (max-width: 912px) 100vw, 912px\" \/> <img loading=\"lazy\" decoding=\"async\" class=\"alignnone wp-image-84874 size-full\" src=\"http:\/\/10.200.87.50\/mppee\/wp-content\/uploads\/2021\/09\/WhatsApp-Image-2021-09-17-at-3.07.11-PM-3.jpeg\" alt=\"\" width=\"912\" height=\"608\" srcset=\"https:\/\/mppee.gob.ve\/wp-content\/uploads\/2021\/09\/WhatsApp-Image-2021-09-17-at-3.07.11-PM-3.jpeg 912w, https:\/\/mppee.gob.ve\/wp-content\/uploads\/2021\/09\/WhatsApp-Image-2021-09-17-at-3.07.11-PM-3-300x200.jpeg 300w, https:\/\/mppee.gob.ve\/wp-content\/uploads\/2021\/09\/WhatsApp-Image-2021-09-17-at-3.07.11-PM-3-768x512.jpeg 768w\" sizes=\"auto, (max-width: 912px) 100vw, 912px\" \/><\/p>\n","protected":false},"excerpt":{"rendered":"<p>El vicepresidente sectorial de Obras P\u00fablicas y Servicios, G\/J N\u00e9stor Reverol, particip\u00f3 en una videoconferencia sobre los programas de seguridad<\/p>\n","protected":false},"author":12,"featured_media":84871,"comment_status":"open","ping_status":"open","sticky":false,"template":"","format":"standard","meta":{"footnotes":""},"categories":[15],"tags":[11],"class_list":["post-84866","post","type-post","status-publish","format-standard","has-post-thumbnail","hentry","category-nacionales","tag-mppee"],"_links":{"self":[{"href":"https:\/\/mppee.gob.ve\/index.php?rest_route=\/wp\/v2\/posts\/84866","targetHints":{"allow":["GET"]}}],"collection":[{"href":"https:\/\/mppee.gob.ve\/index.php?rest_route=\/wp\/v2\/posts"}],"about":[{"href":"https:\/\/mppee.gob.ve\/index.php?rest_route=\/wp\/v2\/types\/post"}],"author":[{"embeddable":true,"href":"https:\/\/mppee.gob.ve\/index.php?rest_route=\/wp\/v2\/users\/12"}],"replies":[{"embeddable":true,"href":"https:\/\/mppee.gob.ve\/index.php?rest_route=%2Fwp%2Fv2%2Fcomments&post=84866"}],"version-history":[{"count":1,"href":"https:\/\/mppee.gob.ve\/index.php?rest_route=\/wp\/v2\/posts\/84866\/revisions"}],"predecessor-version":[{"id":84877,"href":"https:\/\/mppee.gob.ve\/index.php?rest_route=\/wp\/v2\/posts\/84866\/revisions\/84877"}],"wp:featuredmedia":[{"embeddable":true,"href":"https:\/\/mppee.gob.ve\/index.php?rest_route=\/wp\/v2\/media\/84871"}],"wp:attachment":[{"href":"https:\/\/mppee.gob.ve\/index.php?rest_route=%2Fwp%2Fv2%2Fmedia&parent=84866"}],"wp:term":[{"taxonomy":"category","embeddable":true,"href":"https:\/\/mppee.gob.ve\/index.php?rest_route=%2Fwp%2Fv2%2Fcategories&post=84866"},{"taxonomy":"post_tag","embeddable":true,"href":"https:\/\/mppee.gob.ve\/index.php?rest_route=%2Fwp%2Fv2%2Ftags&post=84866"}],"curies":[{"name":"wp","href":"https:\/\/api.w.org\/{rel}","templated":true}]}}