{"id":84899,"date":"2021-09-18T13:41:00","date_gmt":"2021-09-18T13:41:00","guid":{"rendered":"http:\/\/10.200.87.50\/mppee\/?p=84899"},"modified":"2021-09-21T23:55:39","modified_gmt":"2021-09-21T23:55:39","slug":"jornadas-de-atencion-social-garantizan-bienestar-a-la-fuerza-trabajadora-de-corpoelec","status":"publish","type":"post","link":"https:\/\/mppee.gob.ve\/?p=84899","title":{"rendered":"Jornadas de atenci\u00f3n social garantizan bienestar a la fuerza trabajadora de Corpoelec"},"content":{"rendered":"<p style=\"text-align: justify;\"><img loading=\"lazy\" decoding=\"async\" class=\"size-medium wp-image-84904 alignleft\" src=\"http:\/\/10.200.87.50\/mppee\/wp-content\/uploads\/2021\/09\/IMG-20210919-WA0030-300x200.jpg\" alt=\"\" width=\"300\" height=\"200\" srcset=\"https:\/\/mppee.gob.ve\/wp-content\/uploads\/2021\/09\/IMG-20210919-WA0030-300x200.jpg 300w, https:\/\/mppee.gob.ve\/wp-content\/uploads\/2021\/09\/IMG-20210919-WA0030-1024x683.jpg 1024w, https:\/\/mppee.gob.ve\/wp-content\/uploads\/2021\/09\/IMG-20210919-WA0030-768x512.jpg 768w, https:\/\/mppee.gob.ve\/wp-content\/uploads\/2021\/09\/IMG-20210919-WA0030.jpg 1080w\" sizes=\"auto, (max-width: 300px) 100vw, 300px\" \/>Autoridades del Gobierno nacional ejecutan acciones que ayudan al bienestar de la fuerza trabajadora del sector el\u00e9ctrico, quienes d\u00eda a d\u00eda salen a la calle a garantizar, que llegue a los hogares de las familias venezolanas, un servicio \u00f3ptimo y confiable.<\/p>\n<p style=\"text-align: justify;\">Freddy Espinoza, trabajador de Corpoelec agradeci\u00f3 esta iniciativa que apoya de manera contundente a la masa laboral. <strong>\u00abEstas jornadas son necesarias, porque podemos atendernos cualquier tipo de emergencia que tengamos con la salud que es tan importante\u00bb.<\/strong><\/p>\n<p style=\"text-align: justify;\"><img loading=\"lazy\" decoding=\"async\" class=\"size-medium wp-image-84900 alignright\" src=\"http:\/\/10.200.87.50\/mppee\/wp-content\/uploads\/2021\/09\/IMG-20210919-WA0032-300x203.jpg\" alt=\"\" width=\"300\" height=\"203\" srcset=\"https:\/\/mppee.gob.ve\/wp-content\/uploads\/2021\/09\/IMG-20210919-WA0032-300x203.jpg 300w, https:\/\/mppee.gob.ve\/wp-content\/uploads\/2021\/09\/IMG-20210919-WA0032-1024x691.jpg 1024w, https:\/\/mppee.gob.ve\/wp-content\/uploads\/2021\/09\/IMG-20210919-WA0032-768x518.jpg 768w, https:\/\/mppee.gob.ve\/wp-content\/uploads\/2021\/09\/IMG-20210919-WA0032.jpg 1080w\" sizes=\"auto, (max-width: 300px) 100vw, 300px\" \/>Durante la actividad, la Fundaci\u00f3n Misi\u00f3n Jos\u00e9 Gregorio Hern\u00e1ndez entreg\u00f3 ayudas t\u00e9cnicas como: sillas de ruedas, bastones y muletas al personal activo, jubilado y sus familiares, para ofrecerles una mejor calidad de vida.<\/p>\n<p style=\"text-align: justify;\">Braz\u00f3n, trabajador de m\u00e1s de 15 a\u00f1os de carrera en el sector el\u00e9ctrico, indic\u00f3 sentirse complacido con las acciones que se ejecutan en pro de los centinelas, sobre todo a aquellos que tienen alguna discapacidad.<\/p>\n<p style=\"text-align: justify;\"><strong>\u00abHoy me est\u00e1n entregando una silla de rueda, por mi condici\u00f3n he utilizado por mucho tiempo muletas, las manos y las piernas ya no aguantan. Pero con esta silla de rueda, puedo continuar mis labores por el compromiso que tengo con el pa\u00eds \u00ab<\/strong>, dijo<\/p>\n<p style=\"text-align: justify;\"><img loading=\"lazy\" decoding=\"async\" class=\"size-medium wp-image-84903 alignleft\" src=\"http:\/\/10.200.87.50\/mppee\/wp-content\/uploads\/2021\/09\/IMG-20210919-WA0031-300x200.jpg\" alt=\"\" width=\"300\" height=\"200\" srcset=\"https:\/\/mppee.gob.ve\/wp-content\/uploads\/2021\/09\/IMG-20210919-WA0031-300x200.jpg 300w, https:\/\/mppee.gob.ve\/wp-content\/uploads\/2021\/09\/IMG-20210919-WA0031-1024x683.jpg 1024w, https:\/\/mppee.gob.ve\/wp-content\/uploads\/2021\/09\/IMG-20210919-WA0031-768x512.jpg 768w, https:\/\/mppee.gob.ve\/wp-content\/uploads\/2021\/09\/IMG-20210919-WA0031.jpg 1080w\" sizes=\"auto, (max-width: 300px) 100vw, 300px\" \/>El Ministerio del Poder Popular para la Energ\u00eda El\u00e9ctrica, ejecuta un Plan de Acci\u00f3n Estrat\u00e9gica, el cual contiene en su primer v\u00e9rtice la protecci\u00f3n integral y el bienestar social de sus trabajadores y trabajadoras.<\/p>\n<p style=\"text-align: justify;\">De esta forma, se cumple con las instrucciones emanadas por el presidente de la Rep\u00fablica, Nicol\u00e1s Maduro Moros, de incorporar y articular con los programas de atenci\u00f3n, Misiones, Grandes Misiones que ayuden a mejorar la calidad de vida de los venezolanos, para ofrecer jornadas que brinden seguridad y confianza en la fuerza laboral del Sistema El\u00e9ctrico Nacional.<\/p>\n<p style=\"text-align: justify;\"><strong>Prensa Mppee<br \/>\n<\/strong><\/p>\n<p style=\"text-align: justify;\"><img loading=\"lazy\" decoding=\"async\" class=\"alignnone wp-image-84897 size-full\" src=\"http:\/\/10.200.87.50\/mppee\/wp-content\/uploads\/2021\/09\/WhatsApp-Image-2021-09-17-at-4.51.39-PM.jpeg\" alt=\"\" width=\"1080\" height=\"720\" srcset=\"https:\/\/mppee.gob.ve\/wp-content\/uploads\/2021\/09\/WhatsApp-Image-2021-09-17-at-4.51.39-PM.jpeg 1080w, https:\/\/mppee.gob.ve\/wp-content\/uploads\/2021\/09\/WhatsApp-Image-2021-09-17-at-4.51.39-PM-300x200.jpeg 300w, https:\/\/mppee.gob.ve\/wp-content\/uploads\/2021\/09\/WhatsApp-Image-2021-09-17-at-4.51.39-PM-1024x683.jpeg 1024w, https:\/\/mppee.gob.ve\/wp-content\/uploads\/2021\/09\/WhatsApp-Image-2021-09-17-at-4.51.39-PM-768x512.jpeg 768w\" sizes=\"auto, (max-width: 1080px) 100vw, 1080px\" \/><\/p>\n<p style=\"text-align: justify;\"><img loading=\"lazy\" decoding=\"async\" class=\"alignnone wp-image-84896 size-full\" src=\"http:\/\/10.200.87.50\/mppee\/wp-content\/uploads\/2021\/09\/WhatsApp-Image-2021-09-17-at-4.51.41-PM.jpeg\" alt=\"\" width=\"1080\" height=\"1059\" srcset=\"https:\/\/mppee.gob.ve\/wp-content\/uploads\/2021\/09\/WhatsApp-Image-2021-09-17-at-4.51.41-PM.jpeg 1080w, https:\/\/mppee.gob.ve\/wp-content\/uploads\/2021\/09\/WhatsApp-Image-2021-09-17-at-4.51.41-PM-300x294.jpeg 300w, https:\/\/mppee.gob.ve\/wp-content\/uploads\/2021\/09\/WhatsApp-Image-2021-09-17-at-4.51.41-PM-1024x1004.jpeg 1024w, https:\/\/mppee.gob.ve\/wp-content\/uploads\/2021\/09\/WhatsApp-Image-2021-09-17-at-4.51.41-PM-768x753.jpeg 768w\" sizes=\"auto, (max-width: 1080px) 100vw, 1080px\" \/><\/p>\n<p style=\"text-align: justify;\"><img loading=\"lazy\" decoding=\"async\" class=\"wp-image-84902 size-full\" src=\"http:\/\/10.200.87.50\/mppee\/wp-content\/uploads\/2021\/09\/IMG-20210919-WA0028.jpg\" alt=\"\" width=\"1080\" height=\"720\" srcset=\"https:\/\/mppee.gob.ve\/wp-content\/uploads\/2021\/09\/IMG-20210919-WA0028.jpg 1080w, https:\/\/mppee.gob.ve\/wp-content\/uploads\/2021\/09\/IMG-20210919-WA0028-300x200.jpg 300w, https:\/\/mppee.gob.ve\/wp-content\/uploads\/2021\/09\/IMG-20210919-WA0028-1024x683.jpg 1024w, https:\/\/mppee.gob.ve\/wp-content\/uploads\/2021\/09\/IMG-20210919-WA0028-768x512.jpg 768w\" sizes=\"auto, (max-width: 1080px) 100vw, 1080px\" \/><\/p>\n","protected":false},"excerpt":{"rendered":"<p>Autoridades del Gobierno nacional ejecutan acciones que ayudan al bienestar de la fuerza trabajadora del sector el\u00e9ctrico, quienes d\u00eda a<\/p>\n","protected":false},"author":12,"featured_media":84901,"comment_status":"open","ping_status":"open","sticky":false,"template":"","format":"standard","meta":{"footnotes":""},"categories":[1],"tags":[255,11],"class_list":["post-84899","post","type-post","status-publish","format-standard","has-post-thumbnail","hentry","category-mppee","tag-fasmee","tag-mppee"],"_links":{"self":[{"href":"https:\/\/mppee.gob.ve\/index.php?rest_route=\/wp\/v2\/posts\/84899","targetHints":{"allow":["GET"]}}],"collection":[{"href":"https:\/\/mppee.gob.ve\/index.php?rest_route=\/wp\/v2\/posts"}],"about":[{"href":"https:\/\/mppee.gob.ve\/index.php?rest_route=\/wp\/v2\/types\/post"}],"author":[{"embeddable":true,"href":"https:\/\/mppee.gob.ve\/index.php?rest_route=\/wp\/v2\/users\/12"}],"replies":[{"embeddable":true,"href":"https:\/\/mppee.gob.ve\/index.php?rest_route=%2Fwp%2Fv2%2Fcomments&post=84899"}],"version-history":[{"count":2,"href":"https:\/\/mppee.gob.ve\/index.php?rest_route=\/wp\/v2\/posts\/84899\/revisions"}],"predecessor-version":[{"id":84907,"href":"https:\/\/mppee.gob.ve\/index.php?rest_route=\/wp\/v2\/posts\/84899\/revisions\/84907"}],"wp:featuredmedia":[{"embeddable":true,"href":"https:\/\/mppee.gob.ve\/index.php?rest_route=\/wp\/v2\/media\/84901"}],"wp:attachment":[{"href":"https:\/\/mppee.gob.ve\/index.php?rest_route=%2Fwp%2Fv2%2Fmedia&parent=84899"}],"wp:term":[{"taxonomy":"category","embeddable":true,"href":"https:\/\/mppee.gob.ve\/index.php?rest_route=%2Fwp%2Fv2%2Fcategories&post=84899"},{"taxonomy":"post_tag","embeddable":true,"href":"https:\/\/mppee.gob.ve\/index.php?rest_route=%2Fwp%2Fv2%2Ftags&post=84899"}],"curies":[{"name":"wp","href":"https:\/\/api.w.org\/{rel}","templated":true}]}}