{"id":84908,"date":"2021-09-22T00:06:45","date_gmt":"2021-09-22T00:06:45","guid":{"rendered":"http:\/\/10.200.87.50\/mppee\/?p=84908"},"modified":"2021-09-22T00:06:47","modified_gmt":"2021-09-22T00:06:47","slug":"evaluan-politicas-publicas-para-el-fortalecimiento-del-sistema-hidrico-nacional","status":"publish","type":"post","link":"https:\/\/mppee.gob.ve\/?p=84908","title":{"rendered":"Eval\u00faan pol\u00edticas p\u00fablicas para el fortalecimiento del Sistema H\u00eddrico Nacional"},"content":{"rendered":"<p style=\"text-align: justify;\"><img loading=\"lazy\" decoding=\"async\" class=\"size-medium wp-image-84912 alignleft\" src=\"http:\/\/10.200.87.50\/mppee\/wp-content\/uploads\/2021\/09\/2dffe874-b2f6-4396-bca2-a8bdeaefafc0-300x200.jpg\" alt=\"\" width=\"300\" height=\"200\" srcset=\"https:\/\/mppee.gob.ve\/wp-content\/uploads\/2021\/09\/2dffe874-b2f6-4396-bca2-a8bdeaefafc0-300x200.jpg 300w, https:\/\/mppee.gob.ve\/wp-content\/uploads\/2021\/09\/2dffe874-b2f6-4396-bca2-a8bdeaefafc0-1024x682.jpg 1024w, https:\/\/mppee.gob.ve\/wp-content\/uploads\/2021\/09\/2dffe874-b2f6-4396-bca2-a8bdeaefafc0-768x512.jpg 768w, https:\/\/mppee.gob.ve\/wp-content\/uploads\/2021\/09\/2dffe874-b2f6-4396-bca2-a8bdeaefafc0.jpg 1280w\" sizes=\"auto, (max-width: 300px) 100vw, 300px\" \/>A fin de evaluar las pol\u00edticas p\u00fablicas desarrolladas para el fortalecimiento del Sistema H\u00eddrico Nacional, este martes el vicepresidente Sectorial de Obras P\u00fablicas y Servicios, G\/J N\u00e9stor Reverol, sostuvo un encuentro con el ministro del Poder Popular de Atenci\u00f3n a las Aguas, Rodolfo Marco Torres.<\/p>\n<p style=\"text-align: justify;\">Mediante una publicaci\u00f3n en la red social Instagram @reverolnestor indic\u00f3 que, <strong>\u00abentre las l\u00edneas estrat\u00e9gicas revisadas durante este encuentro, es el despliegue que realizaremos por el territorio nacional para la supervisi\u00f3n, mantenimiento y protecci\u00f3n de las principales estaciones de bombeo, plantas desalinizadoras, de tratamiento de agua potable, as\u00ed como de embalses y pozos\u00bb.<\/strong><\/p>\n<p style=\"text-align: justify;\"><img loading=\"lazy\" decoding=\"async\" class=\"size-medium wp-image-84911 alignright\" src=\"http:\/\/10.200.87.50\/mppee\/wp-content\/uploads\/2021\/09\/1c8f70ea-748b-44f9-baf0-098c256a0b9e-300x200.jpg\" alt=\"\" width=\"300\" height=\"200\" srcset=\"https:\/\/mppee.gob.ve\/wp-content\/uploads\/2021\/09\/1c8f70ea-748b-44f9-baf0-098c256a0b9e-300x200.jpg 300w, https:\/\/mppee.gob.ve\/wp-content\/uploads\/2021\/09\/1c8f70ea-748b-44f9-baf0-098c256a0b9e-1024x682.jpg 1024w, https:\/\/mppee.gob.ve\/wp-content\/uploads\/2021\/09\/1c8f70ea-748b-44f9-baf0-098c256a0b9e-768x512.jpg 768w, https:\/\/mppee.gob.ve\/wp-content\/uploads\/2021\/09\/1c8f70ea-748b-44f9-baf0-098c256a0b9e.jpg 1280w\" sizes=\"auto, (max-width: 300px) 100vw, 300px\" \/>El General en Jefe destac\u00f3 que,el Gobierno nacional va encaminado hacia el fortalecimiento de las Brigadas del Poder Popular para las Aguas, las cuales, en perfecta articulaci\u00f3n con las Mesas T\u00e9cnicas de Agua, realizar\u00e1n diagn\u00f3sticos participativos para resolver las aver\u00edas menores en las comunidades.<\/p>\n<p style=\"text-align: justify;\">Finalmente, asegur\u00f3 que<strong> \u00abcontinuamos desarrollando todas las acciones necesarias para el fortalecimiento de los servicios p\u00fablicos en el pa\u00eds y consolidar una mejor calidad de vida para el pueblo venezolano\u00bb<\/strong>, dijo Reverol.<\/p>\n<p style=\"text-align: justify;\"><strong>Prensa Vpsops<\/strong><\/p>\n<p><img loading=\"lazy\" decoding=\"async\" class=\"alignnone wp-image-84909 size-full\" src=\"http:\/\/10.200.87.50\/mppee\/wp-content\/uploads\/2021\/09\/0b287576-e8a2-44f7-9ed0-05552d374d78.jpg\" alt=\"\" width=\"1280\" height=\"853\" srcset=\"https:\/\/mppee.gob.ve\/wp-content\/uploads\/2021\/09\/0b287576-e8a2-44f7-9ed0-05552d374d78.jpg 1280w, https:\/\/mppee.gob.ve\/wp-content\/uploads\/2021\/09\/0b287576-e8a2-44f7-9ed0-05552d374d78-300x200.jpg 300w, https:\/\/mppee.gob.ve\/wp-content\/uploads\/2021\/09\/0b287576-e8a2-44f7-9ed0-05552d374d78-1024x682.jpg 1024w, https:\/\/mppee.gob.ve\/wp-content\/uploads\/2021\/09\/0b287576-e8a2-44f7-9ed0-05552d374d78-768x512.jpg 768w\" sizes=\"auto, (max-width: 1280px) 100vw, 1280px\" \/><\/p>\n","protected":false},"excerpt":{"rendered":"<p>A fin de evaluar las pol\u00edticas p\u00fablicas desarrolladas para el fortalecimiento del Sistema H\u00eddrico Nacional, este martes el vicepresidente Sectorial<\/p>\n","protected":false},"author":12,"featured_media":84910,"comment_status":"open","ping_status":"open","sticky":false,"template":"","format":"standard","meta":{"footnotes":""},"categories":[15],"tags":[],"class_list":["post-84908","post","type-post","status-publish","format-standard","has-post-thumbnail","hentry","category-nacionales"],"_links":{"self":[{"href":"https:\/\/mppee.gob.ve\/index.php?rest_route=\/wp\/v2\/posts\/84908","targetHints":{"allow":["GET"]}}],"collection":[{"href":"https:\/\/mppee.gob.ve\/index.php?rest_route=\/wp\/v2\/posts"}],"about":[{"href":"https:\/\/mppee.gob.ve\/index.php?rest_route=\/wp\/v2\/types\/post"}],"author":[{"embeddable":true,"href":"https:\/\/mppee.gob.ve\/index.php?rest_route=\/wp\/v2\/users\/12"}],"replies":[{"embeddable":true,"href":"https:\/\/mppee.gob.ve\/index.php?rest_route=%2Fwp%2Fv2%2Fcomments&post=84908"}],"version-history":[{"count":1,"href":"https:\/\/mppee.gob.ve\/index.php?rest_route=\/wp\/v2\/posts\/84908\/revisions"}],"predecessor-version":[{"id":84913,"href":"https:\/\/mppee.gob.ve\/index.php?rest_route=\/wp\/v2\/posts\/84908\/revisions\/84913"}],"wp:featuredmedia":[{"embeddable":true,"href":"https:\/\/mppee.gob.ve\/index.php?rest_route=\/wp\/v2\/media\/84910"}],"wp:attachment":[{"href":"https:\/\/mppee.gob.ve\/index.php?rest_route=%2Fwp%2Fv2%2Fmedia&parent=84908"}],"wp:term":[{"taxonomy":"category","embeddable":true,"href":"https:\/\/mppee.gob.ve\/index.php?rest_route=%2Fwp%2Fv2%2Fcategories&post=84908"},{"taxonomy":"post_tag","embeddable":true,"href":"https:\/\/mppee.gob.ve\/index.php?rest_route=%2Fwp%2Fv2%2Ftags&post=84908"}],"curies":[{"name":"wp","href":"https:\/\/api.w.org\/{rel}","templated":true}]}}