{"id":84914,"date":"2021-09-22T01:19:51","date_gmt":"2021-09-22T01:19:51","guid":{"rendered":"http:\/\/10.200.87.50\/mppee\/?p=84914"},"modified":"2021-09-22T01:20:02","modified_gmt":"2021-09-22T01:20:02","slug":"fortalecen-planes-de-seguridad-en-plantas-de-generacion-subestaciones-y-lineas-de-transmision-del-sen","status":"publish","type":"post","link":"https:\/\/mppee.gob.ve\/?p=84914","title":{"rendered":"Fortalecen planes de seguridad en plantas de generaci\u00f3n, subestaciones y l\u00edneas de transmisi\u00f3n del SEN"},"content":{"rendered":"<p style=\"text-align: justify;\"><img loading=\"lazy\" decoding=\"async\" class=\"size-medium wp-image-84918 alignleft\" src=\"http:\/\/10.200.87.50\/mppee\/wp-content\/uploads\/2021\/09\/b4f63a27-77c9-44d4-ab85-208054fb7ab6-300x200.jpg\" alt=\"\" width=\"300\" height=\"200\" srcset=\"https:\/\/mppee.gob.ve\/wp-content\/uploads\/2021\/09\/b4f63a27-77c9-44d4-ab85-208054fb7ab6-300x200.jpg 300w, https:\/\/mppee.gob.ve\/wp-content\/uploads\/2021\/09\/b4f63a27-77c9-44d4-ab85-208054fb7ab6-768x512.jpg 768w, https:\/\/mppee.gob.ve\/wp-content\/uploads\/2021\/09\/b4f63a27-77c9-44d4-ab85-208054fb7ab6.jpg 912w\" sizes=\"auto, (max-width: 300px) 100vw, 300px\" \/>El ministro del Poder Popular para la Energ\u00eda El\u00e9ctrica, G\/J N\u00e9stor Luis Reverol Torres, junto a los gerente generales y territoriales de Corpoelec, prioriz\u00f3 la atenci\u00f3n a las plantas de generaci\u00f3n, subestaciones el\u00e9ctricas y l\u00edneas de transmisi\u00f3n del Sistema El\u00e9ctrico Nacional (SEN), durante la evaluaci\u00f3n de los planes de seguridad a las infraestructuras del sector.<\/p>\n<p style=\"text-align: justify;\"><strong>\u00abCon el fortalecimiento de los sistemas de alerta temprana a trav\u00e9s de las diferentes salas situacionales de cada estado, el establecimiento de alianzas estrat\u00e9gicas y la implementaci\u00f3n de protocolos de actuaci\u00f3n especializados, lograremos la protecci\u00f3n y blindaje irreversible de la industria el\u00e9ctrica del pa\u00eds\u00bb<\/strong>, indic\u00f3 a trav\u00e9s de una publicaci\u00f3n en su cuenta, en la red social Instagram @reverolnestor.<\/p>\n<p style=\"text-align: justify;\">Indic\u00f3 que el Gobierno nacional, ejecuta las acciones de resguardo necesarias a las plantas y subestaciones, para lograr la estabilizaci\u00f3n y continuidad del servicio el\u00e9ctrico para el pueblo venezolano.<\/p>\n<p style=\"text-align: justify;\"><strong>Prensa Mppee<\/strong><\/p>\n<p><img loading=\"lazy\" decoding=\"async\" class=\"alignnone wp-image-84917 size-full\" src=\"http:\/\/10.200.87.50\/mppee\/wp-content\/uploads\/2021\/09\/891d7cd4-11e3-4460-8a2b-8bb2e779c958.jpg\" alt=\"\" width=\"912\" height=\"608\" srcset=\"https:\/\/mppee.gob.ve\/wp-content\/uploads\/2021\/09\/891d7cd4-11e3-4460-8a2b-8bb2e779c958.jpg 912w, https:\/\/mppee.gob.ve\/wp-content\/uploads\/2021\/09\/891d7cd4-11e3-4460-8a2b-8bb2e779c958-300x200.jpg 300w, https:\/\/mppee.gob.ve\/wp-content\/uploads\/2021\/09\/891d7cd4-11e3-4460-8a2b-8bb2e779c958-768x512.jpg 768w\" sizes=\"auto, (max-width: 912px) 100vw, 912px\" \/> <img loading=\"lazy\" decoding=\"async\" class=\"alignnone wp-image-84916 size-full\" src=\"http:\/\/10.200.87.50\/mppee\/wp-content\/uploads\/2021\/09\/64e892b3-cdad-4841-a872-74681f70f10d.jpg\" alt=\"\" width=\"912\" height=\"608\" srcset=\"https:\/\/mppee.gob.ve\/wp-content\/uploads\/2021\/09\/64e892b3-cdad-4841-a872-74681f70f10d.jpg 912w, https:\/\/mppee.gob.ve\/wp-content\/uploads\/2021\/09\/64e892b3-cdad-4841-a872-74681f70f10d-300x200.jpg 300w, https:\/\/mppee.gob.ve\/wp-content\/uploads\/2021\/09\/64e892b3-cdad-4841-a872-74681f70f10d-768x512.jpg 768w\" sizes=\"auto, (max-width: 912px) 100vw, 912px\" \/><\/p>\n","protected":false},"excerpt":{"rendered":"<p>El ministro del Poder Popular para la Energ\u00eda El\u00e9ctrica, G\/J N\u00e9stor Luis Reverol Torres, junto a los gerente generales y<\/p>\n","protected":false},"author":12,"featured_media":84915,"comment_status":"open","ping_status":"open","sticky":false,"template":"","format":"standard","meta":{"footnotes":""},"categories":[15],"tags":[11],"class_list":["post-84914","post","type-post","status-publish","format-standard","has-post-thumbnail","hentry","category-nacionales","tag-mppee"],"_links":{"self":[{"href":"https:\/\/mppee.gob.ve\/index.php?rest_route=\/wp\/v2\/posts\/84914","targetHints":{"allow":["GET"]}}],"collection":[{"href":"https:\/\/mppee.gob.ve\/index.php?rest_route=\/wp\/v2\/posts"}],"about":[{"href":"https:\/\/mppee.gob.ve\/index.php?rest_route=\/wp\/v2\/types\/post"}],"author":[{"embeddable":true,"href":"https:\/\/mppee.gob.ve\/index.php?rest_route=\/wp\/v2\/users\/12"}],"replies":[{"embeddable":true,"href":"https:\/\/mppee.gob.ve\/index.php?rest_route=%2Fwp%2Fv2%2Fcomments&post=84914"}],"version-history":[{"count":1,"href":"https:\/\/mppee.gob.ve\/index.php?rest_route=\/wp\/v2\/posts\/84914\/revisions"}],"predecessor-version":[{"id":84919,"href":"https:\/\/mppee.gob.ve\/index.php?rest_route=\/wp\/v2\/posts\/84914\/revisions\/84919"}],"wp:featuredmedia":[{"embeddable":true,"href":"https:\/\/mppee.gob.ve\/index.php?rest_route=\/wp\/v2\/media\/84915"}],"wp:attachment":[{"href":"https:\/\/mppee.gob.ve\/index.php?rest_route=%2Fwp%2Fv2%2Fmedia&parent=84914"}],"wp:term":[{"taxonomy":"category","embeddable":true,"href":"https:\/\/mppee.gob.ve\/index.php?rest_route=%2Fwp%2Fv2%2Fcategories&post=84914"},{"taxonomy":"post_tag","embeddable":true,"href":"https:\/\/mppee.gob.ve\/index.php?rest_route=%2Fwp%2Fv2%2Ftags&post=84914"}],"curies":[{"name":"wp","href":"https:\/\/api.w.org\/{rel}","templated":true}]}}