{"id":84920,"date":"2021-09-23T00:24:05","date_gmt":"2021-09-23T00:24:05","guid":{"rendered":"http:\/\/10.200.87.50\/mppee\/?p=84920"},"modified":"2021-09-23T00:24:07","modified_gmt":"2021-09-23T00:24:07","slug":"firman-convenios-para-la-formacion-de-la-fuerza-trabajadora-del-sen","status":"publish","type":"post","link":"https:\/\/mppee.gob.ve\/?p=84920","title":{"rendered":"Firman convenios para la formaci\u00f3n de la fuerza trabajadora del SEN"},"content":{"rendered":"<p style=\"text-align: justify;\"><img loading=\"lazy\" decoding=\"async\" class=\"size-medium wp-image-84931 alignleft\" src=\"http:\/\/10.200.87.50\/mppee\/wp-content\/uploads\/2021\/09\/IMG-20210922-WA0058-300x216.jpg\" alt=\"\" width=\"300\" height=\"216\" srcset=\"https:\/\/mppee.gob.ve\/wp-content\/uploads\/2021\/09\/IMG-20210922-WA0058-300x216.jpg 300w, https:\/\/mppee.gob.ve\/wp-content\/uploads\/2021\/09\/IMG-20210922-WA0058-1024x738.jpg 1024w, https:\/\/mppee.gob.ve\/wp-content\/uploads\/2021\/09\/IMG-20210922-WA0058-768x553.jpg 768w, https:\/\/mppee.gob.ve\/wp-content\/uploads\/2021\/09\/IMG-20210922-WA0058.jpg 1080w\" sizes=\"auto, (max-width: 300px) 100vw, 300px\" \/>Este mi\u00e9rcoles fueron suscritos dos convenios en materia de educaci\u00f3n y formaci\u00f3n t\u00e9cnica para el fortalecimiento de la capacitaci\u00f3n de la fuerza trabajadora del sector el\u00e9ctrico nacional, como parte de las acciones desarrolladas para su protecci\u00f3n integral y bienestar social.<\/p>\n<p style=\"text-align: justify;\">As\u00ed lo dio a conocer el vicepresidente sectorial de Obras P\u00fablicas y Servicios, G\/J N\u00e9stor Reverol, durante el acto de certificaci\u00f3n de 44 estudiantes del Programa de Electricistas de Redes de Distribuci\u00f3n, que tuvo lugar en el Teatro del Centro Cultural del Mppee.<\/p>\n<p style=\"text-align: justify;\">El titular de la cartera de Energ\u00eda El\u00e9ctrica, manifest\u00f3 que <strong>\u00abseguimos trabajando de manera mancomunada, para que la fuerza laboral que integra Corpoelec, avance en el regocijo que se siente cumplir una meta m\u00e1s. Y que mejor forma de hacerlo como familia. Nosotros estamos empe\u00f1ados en apoyarlos en todo lo que sea necesario\u00bb<\/strong>, manifest\u00f3.<\/p>\n<p style=\"text-align: justify;\"><img loading=\"lazy\" decoding=\"async\" class=\"size-medium wp-image-84932 alignright\" src=\"http:\/\/10.200.87.50\/mppee\/wp-content\/uploads\/2021\/09\/IMG-20210922-WA0055-300x200.jpg\" alt=\"\" width=\"300\" height=\"200\" srcset=\"https:\/\/mppee.gob.ve\/wp-content\/uploads\/2021\/09\/IMG-20210922-WA0055-300x200.jpg 300w, https:\/\/mppee.gob.ve\/wp-content\/uploads\/2021\/09\/IMG-20210922-WA0055-1024x683.jpg 1024w, https:\/\/mppee.gob.ve\/wp-content\/uploads\/2021\/09\/IMG-20210922-WA0055-768x512.jpg 768w, https:\/\/mppee.gob.ve\/wp-content\/uploads\/2021\/09\/IMG-20210922-WA0055.jpg 1080w\" sizes=\"auto, (max-width: 300px) 100vw, 300px\" \/>Entre los acuerdos firmados se encuentra el Convenio de Cooperaci\u00f3n entre Corpoelec y el Inces, el cual tiene como objetivo principal la utilizaci\u00f3n de toda la plataforma de este ente para la formaci\u00f3n t\u00e9cnica de los trabajadores, con una visi\u00f3n productiva y transformadora.<\/p>\n<p style=\"text-align: justify;\">De igual forma, el Convenio Marco de Cooperaci\u00f3n Acad\u00e9mico, Socio Productivo, Cient\u00edfico firmado entre el Mppee y la Misi\u00f3n Ribas, tiene como prop\u00f3sito el desarrollo educativo de los trabajadores y trabajadoras de las diferentes \u00e1reas de apoyo que deseen completar sus estudios de bachillerato.<\/p>\n<p style=\"text-align: justify;\"><img loading=\"lazy\" decoding=\"async\" class=\"size-medium wp-image-84930 alignleft\" src=\"http:\/\/10.200.87.50\/mppee\/wp-content\/uploads\/2021\/09\/IMG-20210922-WA0060-300x200.jpg\" alt=\"\" width=\"300\" height=\"200\" srcset=\"https:\/\/mppee.gob.ve\/wp-content\/uploads\/2021\/09\/IMG-20210922-WA0060-300x200.jpg 300w, https:\/\/mppee.gob.ve\/wp-content\/uploads\/2021\/09\/IMG-20210922-WA0060-1024x684.jpg 1024w, https:\/\/mppee.gob.ve\/wp-content\/uploads\/2021\/09\/IMG-20210922-WA0060-768x513.jpg 768w, https:\/\/mppee.gob.ve\/wp-content\/uploads\/2021\/09\/IMG-20210922-WA0060.jpg 1080w\" sizes=\"auto, (max-width: 300px) 100vw, 300px\" \/>Por otra parte, felicit\u00f3 a los trabajadores que recibieron sus certificados y aplaudi\u00f3 <strong>\u201cla valent\u00eda que tienen al trabajar con una profesi\u00f3n donde se pone en riesgo, todos los d\u00edas, la vida\u201d.\u00a0<\/strong><\/p>\n<p style=\"text-align: justify;\">Reverol Torres asegur\u00f3 que, los centinelas de Corpoelec son el arma secreta para mantener de forma estable y confiable el Sistema El\u00e9ctrico Nacional y ofrecer, de esta forma, un servicio de calidad a los venezolanos y venezolanas.<\/p>\n<p style=\"text-align: justify;\"><strong>Prensa Mppee<\/strong><\/p>\n<p><img loading=\"lazy\" decoding=\"async\" class=\"alignnone wp-image-84929 size-full\" src=\"http:\/\/10.200.87.50\/mppee\/wp-content\/uploads\/2021\/09\/IMG-20210922-WA0059.jpg\" alt=\"\" width=\"1080\" height=\"745\" srcset=\"https:\/\/mppee.gob.ve\/wp-content\/uploads\/2021\/09\/IMG-20210922-WA0059.jpg 1080w, https:\/\/mppee.gob.ve\/wp-content\/uploads\/2021\/09\/IMG-20210922-WA0059-300x207.jpg 300w, https:\/\/mppee.gob.ve\/wp-content\/uploads\/2021\/09\/IMG-20210922-WA0059-1024x706.jpg 1024w, https:\/\/mppee.gob.ve\/wp-content\/uploads\/2021\/09\/IMG-20210922-WA0059-768x530.jpg 768w, https:\/\/mppee.gob.ve\/wp-content\/uploads\/2021\/09\/IMG-20210922-WA0059-130x90.jpg 130w\" sizes=\"auto, (max-width: 1080px) 100vw, 1080px\" \/> <img loading=\"lazy\" decoding=\"async\" class=\"alignnone wp-image-84928 size-full\" src=\"http:\/\/10.200.87.50\/mppee\/wp-content\/uploads\/2021\/09\/IMG-20210922-WA0057.jpg\" alt=\"\" width=\"1080\" height=\"740\" srcset=\"https:\/\/mppee.gob.ve\/wp-content\/uploads\/2021\/09\/IMG-20210922-WA0057.jpg 1080w, https:\/\/mppee.gob.ve\/wp-content\/uploads\/2021\/09\/IMG-20210922-WA0057-300x206.jpg 300w, https:\/\/mppee.gob.ve\/wp-content\/uploads\/2021\/09\/IMG-20210922-WA0057-1024x702.jpg 1024w, https:\/\/mppee.gob.ve\/wp-content\/uploads\/2021\/09\/IMG-20210922-WA0057-768x526.jpg 768w, https:\/\/mppee.gob.ve\/wp-content\/uploads\/2021\/09\/IMG-20210922-WA0057-130x90.jpg 130w\" sizes=\"auto, (max-width: 1080px) 100vw, 1080px\" \/> <img loading=\"lazy\" decoding=\"async\" class=\"alignnone wp-image-84927 size-full\" src=\"http:\/\/10.200.87.50\/mppee\/wp-content\/uploads\/2021\/09\/IMG-20210922-WA0054.jpg\" alt=\"\" width=\"1080\" height=\"720\" srcset=\"https:\/\/mppee.gob.ve\/wp-content\/uploads\/2021\/09\/IMG-20210922-WA0054.jpg 1080w, https:\/\/mppee.gob.ve\/wp-content\/uploads\/2021\/09\/IMG-20210922-WA0054-300x200.jpg 300w, https:\/\/mppee.gob.ve\/wp-content\/uploads\/2021\/09\/IMG-20210922-WA0054-1024x683.jpg 1024w, https:\/\/mppee.gob.ve\/wp-content\/uploads\/2021\/09\/IMG-20210922-WA0054-768x512.jpg 768w\" sizes=\"auto, (max-width: 1080px) 100vw, 1080px\" \/> <img loading=\"lazy\" decoding=\"async\" class=\"alignnone wp-image-84926 size-full\" src=\"http:\/\/10.200.87.50\/mppee\/wp-content\/uploads\/2021\/09\/IMG-20210922-WA0056.jpg\" alt=\"\" width=\"1080\" height=\"720\" srcset=\"https:\/\/mppee.gob.ve\/wp-content\/uploads\/2021\/09\/IMG-20210922-WA0056.jpg 1080w, https:\/\/mppee.gob.ve\/wp-content\/uploads\/2021\/09\/IMG-20210922-WA0056-300x200.jpg 300w, https:\/\/mppee.gob.ve\/wp-content\/uploads\/2021\/09\/IMG-20210922-WA0056-1024x683.jpg 1024w, https:\/\/mppee.gob.ve\/wp-content\/uploads\/2021\/09\/IMG-20210922-WA0056-768x512.jpg 768w\" sizes=\"auto, (max-width: 1080px) 100vw, 1080px\" \/> <img loading=\"lazy\" decoding=\"async\" class=\"alignnone wp-image-84925 size-full\" src=\"http:\/\/10.200.87.50\/mppee\/wp-content\/uploads\/2021\/09\/IMG-20210922-WA0061.jpg\" alt=\"\" width=\"1080\" height=\"720\" srcset=\"https:\/\/mppee.gob.ve\/wp-content\/uploads\/2021\/09\/IMG-20210922-WA0061.jpg 1080w, https:\/\/mppee.gob.ve\/wp-content\/uploads\/2021\/09\/IMG-20210922-WA0061-300x200.jpg 300w, https:\/\/mppee.gob.ve\/wp-content\/uploads\/2021\/09\/IMG-20210922-WA0061-1024x683.jpg 1024w, https:\/\/mppee.gob.ve\/wp-content\/uploads\/2021\/09\/IMG-20210922-WA0061-768x512.jpg 768w\" sizes=\"auto, (max-width: 1080px) 100vw, 1080px\" \/> <img loading=\"lazy\" decoding=\"async\" class=\"alignnone wp-image-84924 size-full\" src=\"http:\/\/10.200.87.50\/mppee\/wp-content\/uploads\/2021\/09\/IMG-20210922-WA0062.jpg\" alt=\"\" width=\"1080\" height=\"718\" srcset=\"https:\/\/mppee.gob.ve\/wp-content\/uploads\/2021\/09\/IMG-20210922-WA0062.jpg 1080w, https:\/\/mppee.gob.ve\/wp-content\/uploads\/2021\/09\/IMG-20210922-WA0062-300x199.jpg 300w, https:\/\/mppee.gob.ve\/wp-content\/uploads\/2021\/09\/IMG-20210922-WA0062-1024x681.jpg 1024w, https:\/\/mppee.gob.ve\/wp-content\/uploads\/2021\/09\/IMG-20210922-WA0062-768x511.jpg 768w\" sizes=\"auto, (max-width: 1080px) 100vw, 1080px\" \/> <img loading=\"lazy\" decoding=\"async\" class=\"alignnone wp-image-84923 size-full\" src=\"http:\/\/10.200.87.50\/mppee\/wp-content\/uploads\/2021\/09\/IMG-20210922-WA0064.jpg\" alt=\"\" width=\"1080\" height=\"720\" srcset=\"https:\/\/mppee.gob.ve\/wp-content\/uploads\/2021\/09\/IMG-20210922-WA0064.jpg 1080w, https:\/\/mppee.gob.ve\/wp-content\/uploads\/2021\/09\/IMG-20210922-WA0064-300x200.jpg 300w, https:\/\/mppee.gob.ve\/wp-content\/uploads\/2021\/09\/IMG-20210922-WA0064-1024x683.jpg 1024w, https:\/\/mppee.gob.ve\/wp-content\/uploads\/2021\/09\/IMG-20210922-WA0064-768x512.jpg 768w\" sizes=\"auto, (max-width: 1080px) 100vw, 1080px\" \/> <img loading=\"lazy\" decoding=\"async\" class=\"alignnone wp-image-84922 size-full\" src=\"http:\/\/10.200.87.50\/mppee\/wp-content\/uploads\/2021\/09\/IMG-20210922-WA0063.jpg\" alt=\"\" width=\"1080\" height=\"720\" srcset=\"https:\/\/mppee.gob.ve\/wp-content\/uploads\/2021\/09\/IMG-20210922-WA0063.jpg 1080w, https:\/\/mppee.gob.ve\/wp-content\/uploads\/2021\/09\/IMG-20210922-WA0063-300x200.jpg 300w, https:\/\/mppee.gob.ve\/wp-content\/uploads\/2021\/09\/IMG-20210922-WA0063-1024x683.jpg 1024w, https:\/\/mppee.gob.ve\/wp-content\/uploads\/2021\/09\/IMG-20210922-WA0063-768x512.jpg 768w\" sizes=\"auto, (max-width: 1080px) 100vw, 1080px\" \/><\/p>\n","protected":false},"excerpt":{"rendered":"<p>Este mi\u00e9rcoles fueron suscritos dos convenios en materia de educaci\u00f3n y formaci\u00f3n t\u00e9cnica para el fortalecimiento de la capacitaci\u00f3n de<\/p>\n","protected":false},"author":12,"featured_media":84922,"comment_status":"open","ping_status":"open","sticky":false,"template":"","format":"standard","meta":{"footnotes":""},"categories":[15],"tags":[11],"class_list":["post-84920","post","type-post","status-publish","format-standard","has-post-thumbnail","hentry","category-nacionales","tag-mppee"],"_links":{"self":[{"href":"https:\/\/mppee.gob.ve\/index.php?rest_route=\/wp\/v2\/posts\/84920","targetHints":{"allow":["GET"]}}],"collection":[{"href":"https:\/\/mppee.gob.ve\/index.php?rest_route=\/wp\/v2\/posts"}],"about":[{"href":"https:\/\/mppee.gob.ve\/index.php?rest_route=\/wp\/v2\/types\/post"}],"author":[{"embeddable":true,"href":"https:\/\/mppee.gob.ve\/index.php?rest_route=\/wp\/v2\/users\/12"}],"replies":[{"embeddable":true,"href":"https:\/\/mppee.gob.ve\/index.php?rest_route=%2Fwp%2Fv2%2Fcomments&post=84920"}],"version-history":[{"count":1,"href":"https:\/\/mppee.gob.ve\/index.php?rest_route=\/wp\/v2\/posts\/84920\/revisions"}],"predecessor-version":[{"id":84933,"href":"https:\/\/mppee.gob.ve\/index.php?rest_route=\/wp\/v2\/posts\/84920\/revisions\/84933"}],"wp:featuredmedia":[{"embeddable":true,"href":"https:\/\/mppee.gob.ve\/index.php?rest_route=\/wp\/v2\/media\/84922"}],"wp:attachment":[{"href":"https:\/\/mppee.gob.ve\/index.php?rest_route=%2Fwp%2Fv2%2Fmedia&parent=84920"}],"wp:term":[{"taxonomy":"category","embeddable":true,"href":"https:\/\/mppee.gob.ve\/index.php?rest_route=%2Fwp%2Fv2%2Fcategories&post=84920"},{"taxonomy":"post_tag","embeddable":true,"href":"https:\/\/mppee.gob.ve\/index.php?rest_route=%2Fwp%2Fv2%2Ftags&post=84920"}],"curies":[{"name":"wp","href":"https:\/\/api.w.org\/{rel}","templated":true}]}}