{"id":84934,"date":"2021-09-23T23:01:28","date_gmt":"2021-09-23T23:01:28","guid":{"rendered":"http:\/\/10.200.87.50\/mppee\/?p=84934"},"modified":"2021-09-23T23:01:30","modified_gmt":"2021-09-23T23:01:30","slug":"afinan-estrategias-del-plan-nacional-integral-para-el-sistema-hidrico-en-el-pais","status":"publish","type":"post","link":"https:\/\/mppee.gob.ve\/?p=84934","title":{"rendered":"Afinan estrategias del Plan Nacional Integral para el Sistema H\u00eddrico en el pa\u00eds"},"content":{"rendered":"<p style=\"text-align: justify;\"><img loading=\"lazy\" decoding=\"async\" class=\"size-medium wp-image-84939 alignleft\" src=\"http:\/\/10.200.87.50\/mppee\/wp-content\/uploads\/2021\/09\/Afinan-estrategias-del-Plan-Nacional-Integral-para-el-Sistema-H\u00eddrico-en-el-pa\u00eds-5-300x200.jpeg\" alt=\"\" width=\"300\" height=\"200\" srcset=\"https:\/\/mppee.gob.ve\/wp-content\/uploads\/2021\/09\/Afinan-estrategias-del-Plan-Nacional-Integral-para-el-Sistema-H\u00eddrico-en-el-pa\u00eds-5-300x200.jpeg 300w, https:\/\/mppee.gob.ve\/wp-content\/uploads\/2021\/09\/Afinan-estrategias-del-Plan-Nacional-Integral-para-el-Sistema-H\u00eddrico-en-el-pa\u00eds-5-1024x683.jpeg 1024w, https:\/\/mppee.gob.ve\/wp-content\/uploads\/2021\/09\/Afinan-estrategias-del-Plan-Nacional-Integral-para-el-Sistema-H\u00eddrico-en-el-pa\u00eds-5-768x512.jpeg 768w, https:\/\/mppee.gob.ve\/wp-content\/uploads\/2021\/09\/Afinan-estrategias-del-Plan-Nacional-Integral-para-el-Sistema-H\u00eddrico-en-el-pa\u00eds-5.jpeg 1080w\" sizes=\"auto, (max-width: 300px) 100vw, 300px\" \/>El vicepresidente Sectorial de Obras P\u00fablicas y Servicios, G\/J N\u00e9stor Reverol, junto al ministro del Poder Popular de Atenci\u00f3n de las Aguas, Rodolfo Marco Torres y los representantes de las empresas hidrol\u00f3gicas del pa\u00eds, revisaron las acciones desarrolladas del Plan Nacional Integral para el Sistema H\u00eddrico, a fin de recuperar los embalses en las distintas regiones.<\/p>\n<p>Desde su cuenta en la red social Instagram @reverolnestor, se\u00f1al\u00f3 que en la jornada de trabajo se revisaron lo ejecutado a trav\u00e9s de este Plan, con \u00e9nfasis en los estudios t\u00e9cnicos que permitan optimizar el suministro del vital l\u00edquido a la poblaci\u00f3n.<\/p>\n<p><img loading=\"lazy\" decoding=\"async\" class=\"size-medium wp-image-84938 alignright\" src=\"http:\/\/10.200.87.50\/mppee\/wp-content\/uploads\/2021\/09\/Afinan-estrategias-del-Plan-Nacional-Integral-para-el-Sistema-H\u00eddrico-en-el-pa\u00eds-4-300x200.jpeg\" alt=\"\" width=\"300\" height=\"200\" srcset=\"https:\/\/mppee.gob.ve\/wp-content\/uploads\/2021\/09\/Afinan-estrategias-del-Plan-Nacional-Integral-para-el-Sistema-H\u00eddrico-en-el-pa\u00eds-4-300x200.jpeg 300w, https:\/\/mppee.gob.ve\/wp-content\/uploads\/2021\/09\/Afinan-estrategias-del-Plan-Nacional-Integral-para-el-Sistema-H\u00eddrico-en-el-pa\u00eds-4-1024x683.jpeg 1024w, https:\/\/mppee.gob.ve\/wp-content\/uploads\/2021\/09\/Afinan-estrategias-del-Plan-Nacional-Integral-para-el-Sistema-H\u00eddrico-en-el-pa\u00eds-4-768x512.jpeg 768w, https:\/\/mppee.gob.ve\/wp-content\/uploads\/2021\/09\/Afinan-estrategias-del-Plan-Nacional-Integral-para-el-Sistema-H\u00eddrico-en-el-pa\u00eds-4.jpeg 1080w\" sizes=\"auto, (max-width: 300px) 100vw, 300px\" \/>El tambi\u00e9n Ministro del Poder Popular para Energ\u00eda El\u00e9ctrica, se\u00f1al\u00f3 el cumplimiento de las instrucciones emanadas por el presidente de la Rep\u00fablica Bolivariana de Venezuela, Nicol\u00e1s Maduro, <strong>\u201cde atender a nuestro pueblo, se ha dado la orden para organizar el Plan Complementario de Abastecimiento de Agua Potable en cada estado, a trav\u00e9s de la recuperaci\u00f3n de acueductos, el mantenimiento de pozos profundos y el despliegue de cisternas\u00bb.<\/strong><\/p>\n<p><strong><img loading=\"lazy\" decoding=\"async\" class=\"size-medium wp-image-84937 alignleft\" src=\"http:\/\/10.200.87.50\/mppee\/wp-content\/uploads\/2021\/09\/Afinan-estrategias-del-Plan-Nacional-Integral-para-el-Sistema-H\u00eddrico-en-el-pa\u00eds-3-300x168.jpeg\" alt=\"\" width=\"300\" height=\"168\" srcset=\"https:\/\/mppee.gob.ve\/wp-content\/uploads\/2021\/09\/Afinan-estrategias-del-Plan-Nacional-Integral-para-el-Sistema-H\u00eddrico-en-el-pa\u00eds-3-300x168.jpeg 300w, https:\/\/mppee.gob.ve\/wp-content\/uploads\/2021\/09\/Afinan-estrategias-del-Plan-Nacional-Integral-para-el-Sistema-H\u00eddrico-en-el-pa\u00eds-3-1024x575.jpeg 1024w, https:\/\/mppee.gob.ve\/wp-content\/uploads\/2021\/09\/Afinan-estrategias-del-Plan-Nacional-Integral-para-el-Sistema-H\u00eddrico-en-el-pa\u00eds-3-768x431.jpeg 768w, https:\/\/mppee.gob.ve\/wp-content\/uploads\/2021\/09\/Afinan-estrategias-del-Plan-Nacional-Integral-para-el-Sistema-H\u00eddrico-en-el-pa\u00eds-3-800x445.jpeg 800w, https:\/\/mppee.gob.ve\/wp-content\/uploads\/2021\/09\/Afinan-estrategias-del-Plan-Nacional-Integral-para-el-Sistema-H\u00eddrico-en-el-pa\u00eds-3.jpeg 1080w\" sizes=\"auto, (max-width: 300px) 100vw, 300px\" \/>\u201cTambi\u00e9n coordinamos el Plan de Recuperaci\u00f3n de Flota Pesada, para atender en el menor tiempo posible, las aver\u00edas mayores que se presenten en el Sistema H\u00eddrico\u00bb<\/strong>, explic\u00f3 el General en Jefe.<\/p>\n<p>Por \u00faltimo, refiri\u00f3 que se contin\u00faa trabajando en la consolidaci\u00f3n de un servicio de agua potable en beneficio del pueblo venezolano.<\/p>\n<p><b>Prensa Vpsops<\/b><\/p>\n<p><img loading=\"lazy\" decoding=\"async\" class=\"aligncenter wp-image-84936 size-full\" src=\"http:\/\/10.200.87.50\/mppee\/wp-content\/uploads\/2021\/09\/Afinan-estrategias-del-Plan-Nacional-Integral-para-el-Sistema-H\u00eddrico-en-el-pa\u00eds-2.jpeg\" alt=\"\" width=\"1080\" height=\"606\" srcset=\"https:\/\/mppee.gob.ve\/wp-content\/uploads\/2021\/09\/Afinan-estrategias-del-Plan-Nacional-Integral-para-el-Sistema-H\u00eddrico-en-el-pa\u00eds-2.jpeg 1080w, https:\/\/mppee.gob.ve\/wp-content\/uploads\/2021\/09\/Afinan-estrategias-del-Plan-Nacional-Integral-para-el-Sistema-H\u00eddrico-en-el-pa\u00eds-2-300x168.jpeg 300w, https:\/\/mppee.gob.ve\/wp-content\/uploads\/2021\/09\/Afinan-estrategias-del-Plan-Nacional-Integral-para-el-Sistema-H\u00eddrico-en-el-pa\u00eds-2-1024x575.jpeg 1024w, https:\/\/mppee.gob.ve\/wp-content\/uploads\/2021\/09\/Afinan-estrategias-del-Plan-Nacional-Integral-para-el-Sistema-H\u00eddrico-en-el-pa\u00eds-2-768x431.jpeg 768w\" sizes=\"auto, (max-width: 1080px) 100vw, 1080px\" \/> <img loading=\"lazy\" decoding=\"async\" class=\"alignnone wp-image-84935 size-full\" src=\"http:\/\/10.200.87.50\/mppee\/wp-content\/uploads\/2021\/09\/Afinan-estrategias-del-Plan-Nacional-Integral-para-el-Sistema-H\u00eddrico-en-el-pa\u00eds-1.jpeg\" alt=\"\" width=\"1080\" height=\"720\" srcset=\"https:\/\/mppee.gob.ve\/wp-content\/uploads\/2021\/09\/Afinan-estrategias-del-Plan-Nacional-Integral-para-el-Sistema-H\u00eddrico-en-el-pa\u00eds-1.jpeg 1080w, https:\/\/mppee.gob.ve\/wp-content\/uploads\/2021\/09\/Afinan-estrategias-del-Plan-Nacional-Integral-para-el-Sistema-H\u00eddrico-en-el-pa\u00eds-1-300x200.jpeg 300w, https:\/\/mppee.gob.ve\/wp-content\/uploads\/2021\/09\/Afinan-estrategias-del-Plan-Nacional-Integral-para-el-Sistema-H\u00eddrico-en-el-pa\u00eds-1-1024x683.jpeg 1024w, https:\/\/mppee.gob.ve\/wp-content\/uploads\/2021\/09\/Afinan-estrategias-del-Plan-Nacional-Integral-para-el-Sistema-H\u00eddrico-en-el-pa\u00eds-1-768x512.jpeg 768w\" sizes=\"auto, (max-width: 1080px) 100vw, 1080px\" \/><\/p>\n","protected":false},"excerpt":{"rendered":"<p>El vicepresidente Sectorial de Obras P\u00fablicas y Servicios, G\/J N\u00e9stor Reverol, junto al ministro del Poder Popular de Atenci\u00f3n de<\/p>\n","protected":false},"author":12,"featured_media":84940,"comment_status":"open","ping_status":"open","sticky":false,"template":"","format":"standard","meta":{"footnotes":""},"categories":[15],"tags":[],"class_list":["post-84934","post","type-post","status-publish","format-standard","has-post-thumbnail","hentry","category-nacionales"],"_links":{"self":[{"href":"https:\/\/mppee.gob.ve\/index.php?rest_route=\/wp\/v2\/posts\/84934","targetHints":{"allow":["GET"]}}],"collection":[{"href":"https:\/\/mppee.gob.ve\/index.php?rest_route=\/wp\/v2\/posts"}],"about":[{"href":"https:\/\/mppee.gob.ve\/index.php?rest_route=\/wp\/v2\/types\/post"}],"author":[{"embeddable":true,"href":"https:\/\/mppee.gob.ve\/index.php?rest_route=\/wp\/v2\/users\/12"}],"replies":[{"embeddable":true,"href":"https:\/\/mppee.gob.ve\/index.php?rest_route=%2Fwp%2Fv2%2Fcomments&post=84934"}],"version-history":[{"count":1,"href":"https:\/\/mppee.gob.ve\/index.php?rest_route=\/wp\/v2\/posts\/84934\/revisions"}],"predecessor-version":[{"id":84941,"href":"https:\/\/mppee.gob.ve\/index.php?rest_route=\/wp\/v2\/posts\/84934\/revisions\/84941"}],"wp:featuredmedia":[{"embeddable":true,"href":"https:\/\/mppee.gob.ve\/index.php?rest_route=\/wp\/v2\/media\/84940"}],"wp:attachment":[{"href":"https:\/\/mppee.gob.ve\/index.php?rest_route=%2Fwp%2Fv2%2Fmedia&parent=84934"}],"wp:term":[{"taxonomy":"category","embeddable":true,"href":"https:\/\/mppee.gob.ve\/index.php?rest_route=%2Fwp%2Fv2%2Fcategories&post=84934"},{"taxonomy":"post_tag","embeddable":true,"href":"https:\/\/mppee.gob.ve\/index.php?rest_route=%2Fwp%2Fv2%2Ftags&post=84934"}],"curies":[{"name":"wp","href":"https:\/\/api.w.org\/{rel}","templated":true}]}}